{"id":7561,"date":"2022-06-02T23:24:24","date_gmt":"2022-06-02T22:24:24","guid":{"rendered":"https:\/\/antonio-justo.eu\/?p=7561"},"modified":"2022-06-02T23:46:45","modified_gmt":"2022-06-02T22:46:45","slug":"a-princesa-portuguesa-que-fez-frente-a-hitler","status":"publish","type":"post","link":"https:\/\/antonio-justo.eu\/?p=7561","title":{"rendered":"A PRINCESA PORTUGUESA QUE FEZ FRENTE A H\u00cdTLER"},"content":{"rendered":"<div>\n<div class=\"\" dir=\"auto\">\n<div id=\"jsc_c_6e\" class=\"ecm0bbzt hv4rvrfc dati1w0a e5nlhep0\" data-ad-comet-preview=\"message\" data-ad-preview=\"message\">\n<div class=\"j83agx80 cbu4d94t ew0dbk1b irj2b8pg\">\n<div class=\"qzhwtbm6 knvmm38d\">\n<p style=\"text-align: center;\"><strong>Um Exemplo de Equil\u00edbrio das Energias Masculinidade e Feminilidade<\/strong><\/p>\n<p>Dona Maria Adelaide de Bragan\u00e7a \u00e9 uma desconhecida hero\u00edna portuguesa.<\/p>\n<p>Trabalhou como Enfermeira e assistente social na \u00c1ustria.<\/p>\n<p>Foi durante muito tempo a mais idosa princesa de Portugal. Tia de SAR Dom Duarte Pio, atual Duque de Bragan\u00e7a, era a \u00faltima neta do rei D. Miguel. Nasceu em 1912.<\/p>\n<p><strong>Durante a Segunda Guerra Mundial foi condenada \u00e0 morte duas vezes.<\/strong><\/p>\n<p><strong>A primeira condena\u00e7\u00e3o deveu-se por chefiar uma rede que tinha por miss\u00e3o fazer fugir pessoas procuradas, perseguidas ou condenadas pelos Nazis:<\/strong> paraquedistas aliados, espi\u00f5es, judeus e outros.<\/p>\n<p>A Infanta fazia parte do movimento de resist\u00eancia nazi, e foi apanhada pelas SS e condenada \u00e0 morte pela Gestapo.<\/p>\n<p><strong>Salazar ao saber da not\u00edcia interveio imediatamente, afirmando que ela era cidad\u00e3 portuguesa e ap\u00f3s muita luta diplom\u00e1tica, conseguiu salv\u00e1-la.<\/strong> Foi ent\u00e3o deportada para a Su\u00ed\u00e7a, onde vivia o seu irm\u00e3o Dom Duarte Nuno, Duque de Bragan\u00e7a.<\/p>\n<p><strong>A segunda condena\u00e7\u00e3o ser\u00e1 ainda mais &#8220;heroica&#8221;. Novamente agente da resist\u00eancia, tem por nome de c\u00f3digo &#8220;Mafalda&#8221;, fazia a liga\u00e7\u00e3o entre os Ingleses e o Conde Claus von Stauffenberg<\/strong>, l\u00edder do atentado falhado contra Hitler, a chamada opera\u00e7\u00e3o Valqu\u00edria. \u00c9 apanhada, condenada \u00e0 morte pela segunda vez, mas desta feita \u00e9 salva pelos sovi\u00e9ticos, ap\u00f3s a vit\u00f3ria destes em Viena<\/p>\n<p>Em 1949, Dona Maria Adelaide estabeleceu-se em Portugal (1). <strong>Trabalhou como assistente social no bairro pobre do Monte da Caparica dedicando-se sobretudo \u00e0 protec\u00e7\u00e3o de \u00f3rf\u00e3os e rec\u00e9m-nascidos pobres.<\/strong><\/p>\n<p>Faleceu em 2012<\/p>\n<p>Desta hero\u00edna n\u00e3o se fala talvez por desinteressar \u00e0 Rep\u00fablica!<\/p>\n<p><strong>Ant\u00f3nio da Cunha Duarte Justo<\/strong><\/p>\n<p>Pegadas do Tempo,<\/p>\n<p>(1) A Infanta Maria Adelaide come\u00e7ou a trabalhar como assistente social em algumas iniciativas, pois a \u00e1rea da Trafaria no <strong>Monte da Caparica era muito pobre.<\/strong> Ela desenvolveu uma intensa carreira, especialmente na \u00e1rea da recolha de rec\u00e9m-nascidos pobres ou \u00f3rf\u00e3os e depois levou-os para a Funda\u00e7\u00e3o D. Nunes Alvares Pereira, da qual foi presidente.(1) <a href=\"https:\/\/de.wikibrief.org\/wiki\/Infanta_Maria_Adelaide_of_Portugal\">https:\/\/de.wikibrief.org\/wiki\/Infanta_Maria_Adelaide_of_Portugal<\/a><\/p>\n<p>&nbsp;<\/p>\n<p>https:\/\/pt.wikipedia.org\/&#8230;\/Maria_Adelaide_de_Bragan%C3%A7a<\/p>\n<\/div>\n<\/div>\n<\/div>\n<\/div>\n<\/div>\n","protected":false},"excerpt":{"rendered":"<p>Um Exemplo de Equil\u00edbrio das Energias Masculinidade e Feminilidade Dona Maria Adelaide de Bragan\u00e7a \u00e9 uma desconhecida hero\u00edna portuguesa. Trabalhou como Enfermeira e assistente social na \u00c1ustria. Foi durante muito tempo a mais idosa princesa de Portugal. Tia de SAR Dom Duarte Pio, atual Duque de Bragan\u00e7a, era a \u00faltima neta do rei D. Miguel. &hellip; <a href=\"https:\/\/antonio-justo.eu\/?p=7561\" class=\"more-link\">Continuar a ler <span class=\"screen-reader-text\">A PRINCESA PORTUGUESA QUE FEZ FRENTE A H\u00cdTLER<\/span><\/a><\/p>\n","protected":false},"author":1,"featured_media":0,"comment_status":"open","ping_status":"open","sticky":false,"template":"","format":"standard","meta":{"sfsi_plus_gutenberg_text_before_share":"","sfsi_plus_gutenberg_show_text_before_share":"","sfsi_plus_gutenberg_icon_type":"","sfsi_plus_gutenberg_icon_alignemt":"","sfsi_plus_gutenburg_max_per_row":"","footnotes":""},"categories":[15,4,7,16],"tags":[],"class_list":["post-7561","post","type-post","status-publish","format-standard","hentry","category-cultura","category-educacao","category-politica","category-sociedade"],"_links":{"self":[{"href":"https:\/\/antonio-justo.eu\/index.php?rest_route=\/wp\/v2\/posts\/7561","targetHints":{"allow":["GET"]}}],"collection":[{"href":"https:\/\/antonio-justo.eu\/index.php?rest_route=\/wp\/v2\/posts"}],"about":[{"href":"https:\/\/antonio-justo.eu\/index.php?rest_route=\/wp\/v2\/types\/post"}],"author":[{"embeddable":true,"href":"https:\/\/antonio-justo.eu\/index.php?rest_route=\/wp\/v2\/users\/1"}],"replies":[{"embeddable":true,"href":"https:\/\/antonio-justo.eu\/index.php?rest_route=%2Fwp%2Fv2%2Fcomments&post=7561"}],"version-history":[{"count":4,"href":"https:\/\/antonio-justo.eu\/index.php?rest_route=\/wp\/v2\/posts\/7561\/revisions"}],"predecessor-version":[{"id":7565,"href":"https:\/\/antonio-justo.eu\/index.php?rest_route=\/wp\/v2\/posts\/7561\/revisions\/7565"}],"wp:attachment":[{"href":"https:\/\/antonio-justo.eu\/index.php?rest_route=%2Fwp%2Fv2%2Fmedia&parent=7561"}],"wp:term":[{"taxonomy":"category","embeddable":true,"href":"https:\/\/antonio-justo.eu\/index.php?rest_route=%2Fwp%2Fv2%2Fcategories&post=7561"},{"taxonomy":"post_tag","embeddable":true,"href":"https:\/\/antonio-justo.eu\/index.php?rest_route=%2Fwp%2Fv2%2Ftags&post=7561"}],"curies":[{"name":"wp","href":"https:\/\/api.w.org\/{rel}","templated":true}]}}