{"id":7526,"date":"2022-05-25T15:13:57","date_gmt":"2022-05-25T14:13:57","guid":{"rendered":"https:\/\/antonio-justo.eu\/?p=7526"},"modified":"2022-05-25T15:29:29","modified_gmt":"2022-05-25T14:29:29","slug":"dia-da-africa","status":"publish","type":"post","link":"https:\/\/antonio-justo.eu\/?p=7526","title":{"rendered":"DIA DA \u00c1FRICA"},"content":{"rendered":"<p>A \u00c1frica \u00e9 a m\u00e3e de todos n\u00f3s!<\/p>\n<p>Quem se importa com o que se passa em \u00c1frica?<\/p>\n<p>Porque devem os africanos sofrer com a guerra dos europeus e seu bloqueio comercial?<\/p>\n<p>Observem como as fronteiras dos pa\u00edses africanos s\u00e3o retil\u00edneas! Foi assim destru\u00edda a alma africana! Isto deve-se \u00e0 confer\u00eancia de Berlim e tudo come\u00e7ou a 15 de Novembro de 1884 quando os desejos das pot\u00eancias da Europa se decidiram repartir entre elas a \u00c1frica!<\/p>\n<p>&nbsp;<\/p>\n<p>&nbsp;<\/p>\n<p>&nbsp;<\/p>\n<p><img decoding=\"async\" class=\"ji94ytn4 d2edcug0 r9f5tntg r0294ipz\" src=\"https:\/\/scontent-frt3-2.xx.fbcdn.net\/v\/t39.30808-6\/282128219_10220952873787744_4815039142397603128_n.jpg?_nc_cat=101&amp;ccb=1-7&amp;_nc_sid=730e14&amp;_nc_eui2=AeExTof1CsS5sSOlkv6h4OrJ0fkRYJflkA3R-RFgl-WQDakF1Y0fSCrAa0FHgjpbQ28&amp;_nc_ohc=wCeLE-Tvf-UAX9dMYQp&amp;_nc_ht=scontent-frt3-2.xx&amp;oh=00_AT_dsuyjFe8Mb9ROL05FqR4lTd9mtHKPcTo6aLEp2AqSyw&amp;oe=6293EC30\" alt=\"Pode ser uma imagem de mapa e texto\" data-visualcompletion=\"media-vc-image\" \/><\/p>\n<p>Tamb\u00e9m a ac\u00e7\u00e3o da ma\u00e7onaria colhia a\u00ed os seus frutos j\u00e1 antes lan\u00e7ados ao combater as miss\u00f5es cat\u00f3licas em \u00c1frica e ao substitu\u00edrem-se os direitos hist\u00f3ricos pelo direito de ocupa\u00e7\u00e3o militar. O marqu\u00eas de Pombal, estrangeirado, ma\u00e7om e jansenista come\u00e7ou a implantar em Portugal as ideias racionalistas\/iluministas e agn\u00f3sticas e viu como meio de combater a cultura tradicional portuguesa, perseguir a igreja cat\u00f3lica extinguindo a ordem dos Jesu\u00edtas (em 1758).<\/p>\n<p>O Marqu\u00eas de Pombal implementou o Portugal contempor\u00e2neo e preparou ideologicamente, tamb\u00e9m ele, o caminho para a distribui\u00e7\u00e3o da \u00c1frica entre as pot\u00eancias europeias.\u00a0 Na Confer\u00eancia de Berlim tamb\u00e9m a ma\u00e7onaria estava bem representada com Eduardo VII\/ Leopoldo da B\u00e9lgica!<\/p>\n<p>Como se observa a \u00c1frica esteve decisivamente sob o influxo da Europa a n\u00edvel de cristianismo no s\u00e9culo XV, de\u00a0 iluminismo no s\u00e9culo XIX e de Comunismo no s\u00e9culo XX (a partir da segunda guerra mundial a Uni\u00e3o Sovi\u00e9tica tamb\u00e9m requeria o direito de se implantar l\u00e1).<\/p>\n<p>Hoje a \u00c1frica encontra-se sobretudo \u00e0 merc\u00ea dos EUA, da Europa, da R\u00fassia e da China!<\/p>\n<p>&nbsp;<\/p>\n<p>Ant\u00f3nio da Cunha Duarte Justo<\/p>\n<p>Pegadas do Tempo<\/p>\n","protected":false},"excerpt":{"rendered":"<p>A \u00c1frica \u00e9 a m\u00e3e de todos n\u00f3s! Quem se importa com o que se passa em \u00c1frica? Porque devem os africanos sofrer com a guerra dos europeus e seu bloqueio comercial? Observem como as fronteiras dos pa\u00edses africanos s\u00e3o retil\u00edneas! Foi assim destru\u00edda a alma africana! Isto deve-se \u00e0 confer\u00eancia de Berlim e tudo &hellip; <a href=\"https:\/\/antonio-justo.eu\/?p=7526\" class=\"more-link\">Continuar a ler <span class=\"screen-reader-text\">DIA DA \u00c1FRICA<\/span><\/a><\/p>\n","protected":false},"author":1,"featured_media":0,"comment_status":"open","ping_status":"open","sticky":false,"template":"","format":"standard","meta":{"sfsi_plus_gutenberg_text_before_share":"","sfsi_plus_gutenberg_show_text_before_share":"","sfsi_plus_gutenberg_icon_type":"","sfsi_plus_gutenberg_icon_alignemt":"","sfsi_plus_gutenburg_max_per_row":"","footnotes":""},"categories":[3,15,14,7,16],"tags":[],"class_list":["post-7526","post","type-post","status-publish","format-standard","hentry","category-arte","category-cultura","category-economia","category-politica","category-sociedade"],"_links":{"self":[{"href":"https:\/\/antonio-justo.eu\/index.php?rest_route=\/wp\/v2\/posts\/7526","targetHints":{"allow":["GET"]}}],"collection":[{"href":"https:\/\/antonio-justo.eu\/index.php?rest_route=\/wp\/v2\/posts"}],"about":[{"href":"https:\/\/antonio-justo.eu\/index.php?rest_route=\/wp\/v2\/types\/post"}],"author":[{"embeddable":true,"href":"https:\/\/antonio-justo.eu\/index.php?rest_route=\/wp\/v2\/users\/1"}],"replies":[{"embeddable":true,"href":"https:\/\/antonio-justo.eu\/index.php?rest_route=%2Fwp%2Fv2%2Fcomments&post=7526"}],"version-history":[{"count":2,"href":"https:\/\/antonio-justo.eu\/index.php?rest_route=\/wp\/v2\/posts\/7526\/revisions"}],"predecessor-version":[{"id":7528,"href":"https:\/\/antonio-justo.eu\/index.php?rest_route=\/wp\/v2\/posts\/7526\/revisions\/7528"}],"wp:attachment":[{"href":"https:\/\/antonio-justo.eu\/index.php?rest_route=%2Fwp%2Fv2%2Fmedia&parent=7526"}],"wp:term":[{"taxonomy":"category","embeddable":true,"href":"https:\/\/antonio-justo.eu\/index.php?rest_route=%2Fwp%2Fv2%2Fcategories&post=7526"},{"taxonomy":"post_tag","embeddable":true,"href":"https:\/\/antonio-justo.eu\/index.php?rest_route=%2Fwp%2Fv2%2Ftags&post=7526"}],"curies":[{"name":"wp","href":"https:\/\/api.w.org\/{rel}","templated":true}]}}