{"id":7472,"date":"2022-05-17T14:35:42","date_gmt":"2022-05-17T13:35:42","guid":{"rendered":"https:\/\/antonio-justo.eu\/?p=7472"},"modified":"2022-05-17T16:43:16","modified_gmt":"2022-05-17T15:43:16","slug":"finlandia-e-suecia-solicitam-precipitadamente-a-admissao-a-nato","status":"publish","type":"post","link":"https:\/\/antonio-justo.eu\/?p=7472","title":{"rendered":"FINL\u00c2NDIA E SU\u00c9CIA SOLICITAM PRECIPITADAMENTE A ADMISS\u00c3O \u00c0 NATO"},"content":{"rendered":"<p style=\"text-align: center;\"><strong>50\u00b0 Anivers\u00e1rio da Pol\u00edtica alem\u00e3 de Mudan\u00e7a atrav\u00e9s de Aproxima\u00e7\u00e3o<\/strong><\/p>\n<p><strong>Com a solicita\u00e7\u00e3o da Finl\u00e2ndia e da Su\u00e9cia de entrada na Nato, alarga esta, legitimamente, as suas fronteiras na direc\u00e7\u00e3o da R\u00fassia! Este passo significa que ainda estamos a prosseguir com as rotineiras medidas que nos conduziram \u00e0 situa\u00e7\u00e3o atual.<\/strong><\/p>\n<p>Para a seguran\u00e7a na Europa, precisar\u00edamos de uma comunidade de defesa europeia que representasse o esp\u00edrito e os interesses europeus, naturalmente tamb\u00e9m com a Su\u00e9cia e a Finl\u00e2ndia<strong>. Est\u00e1-se s\u00f3 a reagir e n\u00e3o a agir, a ser impulsionados, sem concep\u00e7\u00e3o nem reflex\u00e3o e, na consequ\u00eancia, a ser motivados apenas por factores de medo e de poder!<\/strong> <strong>Na aus\u00eancia de um conceito e de uma estrat\u00e9gia europeia comum adaptamos os nossos interesses aos dos USA, cuja pol\u00edtica \u00e9 imperialista, tal como tem sido a da R\u00fassia<\/strong>. A pol\u00edtica da UE s\u00f3 reage em vez de olhar para o futuro no sentido da Europa! Precisamos de um lugar e de um espa\u00e7o onde seja poss\u00edvel come\u00e7ar a empreender-se uma pol\u00edtica de paz para a Europa e para o mundo! \u00a0\u00c9 tempo de tentar novos passos em vez de continuar a marcar passo na Hist\u00f3ria!<\/p>\n<p><strong>H\u00e1 precisamente 50 anos, a Alemanha iniciou os tratados de Leste com a R\u00fassia (tratado de Moscovo e Vars\u00f3via ratificado pelo Parlamento em 17.05.1972). A Alemanha iniciou ent\u00e3o uma pol\u00edtica de &#8220;mudan\u00e7a atrav\u00e9s da aproxima\u00e7\u00e3o&#8221;, que assegurou a paz na Europa durante os \u00faltimos 70 anos<\/strong>. A Alemanha aceitou as fronteiras do p\u00f3s-guerra, declarando tamb\u00e9m a ren\u00fancia aos antigos &#8220;territ\u00f3rios orientais&#8221;(fez tamb\u00e9m os acordos com a RDA e a Checoslov\u00e1quia). Na altura, tudo isto, na opini\u00e3o p\u00fablica era apreciada sobretudo como uma trai\u00e7\u00e3o \u00e0 p\u00e1tria.<\/p>\n<p>A pol\u00edtica de aproxima\u00e7\u00e3o de Willi Brandt e a disponibilidade de Helmut Schmidt para negociar, com as costas protegidas pelos americanos, foi uma pol\u00edtica que seria hoje muito ben\u00e9fica para a Europa se esta n\u00e3o estivesse condicionada sobretudo aos interesses do distante \u00a0irm\u00e3o rival do outro lado do Atl\u00e2ntico, que tinha e tem por raz\u00f5es imperialistas de Estado o objectivo de construir barreiras e n\u00e3o pontes entre a Europa e a R\u00fassia!<\/p>\n<p><strong>A pol\u00edtica alem\u00e3, outrora seguida, de aproxima\u00e7\u00e3o com a R\u00fassia levaria a Europa a encontrar, de novo, o seu lugar espec\u00edfico e relevante na hist\u00f3ria<\/strong> (um lugar de sinal pac\u00edfico para o mundo, depois dos seus imperialismos nacionais)! <strong>Uma Europa, de alma dividida, sem projecto, sempre olhou com desconfian\u00e7a para a Alemanha, preferindo, em vez de entrar numa converg\u00eancia europeia, aliar-se aos EUA, ficando na ilus\u00e3o que se revelando contra a Alemanha defendia interesses pr\u00f3prios e europeus!<\/strong> De facto, na EU imp\u00f4s-se o esp\u00edrito anglo-sax\u00f3nico que depois se expressou de forma c\u00ednica no Brexit! Nesta atitude a Europa continuar\u00e1 a ser um gigante com p\u00e9s de barro! (Pessoas de pensamento apressado n\u00e3o identifiquem logo esta aprecia\u00e7\u00e3o como tendo algo a ver com identifica\u00e7\u00e3o a Alemanha!)<\/p>\n<p>\u00c9 verdade que as pot\u00eancias mundiais jogam na sua perspectiva de pot\u00eancias mundiais, e a Europa est\u00e1 no meio delas sem que os pol\u00edticos da Europa assumam mais responsabilidade para que, por um lado, a liga\u00e7\u00e3o ocidental n\u00e3o se perca, e, por outro, fazer com que a liga\u00e7\u00e3o oriental seja impulsionada. S\u00f3 desta forma a Europa pode chegar \u00e0 sua pr\u00f3pria pol\u00edtica e iniciar assim uma nova cultura que sirva a paz mundial. Os la\u00e7os unilaterais com o imperialismo, sejam eles russos ou americanos, adiam o desenvolvimento da Europa, o que deveria conduzir a uma pol\u00edtica de paz real.<\/p>\n<p><strong>De momento, ao identificarmo-nos com os imperialismos russos e americanos, e ao alinharmos apenas pelos interesses da Nato estamos a adiar a Europa a perder o comboio da hist\u00f3ria europeia e a negligenciar a oportunidade de se iniciar uma pol\u00edtica de solidariedade comum com todos os povos numa atitude de paz!<\/strong><\/p>\n<p>Chegou a hora de uma Europa verdadeira e n\u00e3o ser mera EU anglo-sax\u00f3nica; essa hora seria tentar novos passos e no atual conflito iniciar conversa\u00e7\u00f5es e estabelecer la\u00e7os!<\/p>\n<p>As economias americana e alem\u00e3 podem pagar a guerra e ganhar dinheiro com ela, mas de que serve esta for\u00e7a ao homem da rua e aos pequenos estados?<\/p>\n<p>De momento a Uni\u00e3o Europeia encontra-se alienada apostando no adiamento da construc\u00e7\u00e3o de uma Europa digna, provocando a entropia social e a depend\u00eancia desonrante! Europa teria de assumir um papel e miss\u00e3o pr\u00f3prios. Em vez disso, os Os Ministros dos Neg\u00f3cios Estrangeiros da UE aprovaram em 16.05 mais 500 milh\u00f5es de euros para a entrega de armas e equipamento \u00e0s for\u00e7as armadas ucranianas. Isto eleva o financiamento da UE de ajuda militar para 2 mil milh\u00f5es de euros. Os fundos s\u00e3o provenientes do &#8220;Mecanismo Europeu de Apoio \u00e0 Paz&#8221;(1)!<\/p>\n<p><strong>Para se iniciar uma cultura de paz ter\u00e1 de se ousar mudan\u00e7a atrav\u00e9s de aproxima\u00e7\u00e3o e n\u00e3o de confronta\u00e7\u00e3o!<\/strong><\/p>\n<p>&nbsp;<\/p>\n<p><strong>Ant\u00f3nio da Cunha Duarte Justo<\/strong><\/p>\n<p>Pegadas do Tempo<\/p>\n<p>&nbsp;<\/p>\n<p>(1) Talvez, neste caso, mais apropriado seria mudar-lhe o nome para &#8220;Mecanismo da EU contra a Europa\u201d e para o prolongamento da guerra (na substitui\u00e7\u00e3o de conversa\u00e7\u00f5es que salvaguardassem os interesses e valores europeus)!!<\/p>\n","protected":false},"excerpt":{"rendered":"<p>50\u00b0 Anivers\u00e1rio da Pol\u00edtica alem\u00e3 de Mudan\u00e7a atrav\u00e9s de Aproxima\u00e7\u00e3o Com a solicita\u00e7\u00e3o da Finl\u00e2ndia e da Su\u00e9cia de entrada na Nato, alarga esta, legitimamente, as suas fronteiras na direc\u00e7\u00e3o da R\u00fassia! Este passo significa que ainda estamos a prosseguir com as rotineiras medidas que nos conduziram \u00e0 situa\u00e7\u00e3o atual. Para a seguran\u00e7a na Europa, &hellip; <a href=\"https:\/\/antonio-justo.eu\/?p=7472\" class=\"more-link\">Continuar a ler <span class=\"screen-reader-text\">FINL\u00c2NDIA E SU\u00c9CIA SOLICITAM PRECIPITADAMENTE A ADMISS\u00c3O \u00c0 NATO<\/span><\/a><\/p>\n","protected":false},"author":1,"featured_media":0,"comment_status":"open","ping_status":"open","sticky":false,"template":"","format":"standard","meta":{"sfsi_plus_gutenberg_text_before_share":"","sfsi_plus_gutenberg_show_text_before_share":"","sfsi_plus_gutenberg_icon_type":"","sfsi_plus_gutenberg_icon_alignemt":"","sfsi_plus_gutenburg_max_per_row":"","footnotes":""},"categories":[15,14,4,7,8,16],"tags":[],"class_list":["post-7472","post","type-post","status-publish","format-standard","hentry","category-cultura","category-economia","category-educacao","category-politica","category-religiao","category-sociedade"],"_links":{"self":[{"href":"https:\/\/antonio-justo.eu\/index.php?rest_route=\/wp\/v2\/posts\/7472","targetHints":{"allow":["GET"]}}],"collection":[{"href":"https:\/\/antonio-justo.eu\/index.php?rest_route=\/wp\/v2\/posts"}],"about":[{"href":"https:\/\/antonio-justo.eu\/index.php?rest_route=\/wp\/v2\/types\/post"}],"author":[{"embeddable":true,"href":"https:\/\/antonio-justo.eu\/index.php?rest_route=\/wp\/v2\/users\/1"}],"replies":[{"embeddable":true,"href":"https:\/\/antonio-justo.eu\/index.php?rest_route=%2Fwp%2Fv2%2Fcomments&post=7472"}],"version-history":[{"count":6,"href":"https:\/\/antonio-justo.eu\/index.php?rest_route=\/wp\/v2\/posts\/7472\/revisions"}],"predecessor-version":[{"id":7478,"href":"https:\/\/antonio-justo.eu\/index.php?rest_route=\/wp\/v2\/posts\/7472\/revisions\/7478"}],"wp:attachment":[{"href":"https:\/\/antonio-justo.eu\/index.php?rest_route=%2Fwp%2Fv2%2Fmedia&parent=7472"}],"wp:term":[{"taxonomy":"category","embeddable":true,"href":"https:\/\/antonio-justo.eu\/index.php?rest_route=%2Fwp%2Fv2%2Fcategories&post=7472"},{"taxonomy":"post_tag","embeddable":true,"href":"https:\/\/antonio-justo.eu\/index.php?rest_route=%2Fwp%2Fv2%2Ftags&post=7472"}],"curies":[{"name":"wp","href":"https:\/\/api.w.org\/{rel}","templated":true}]}}