{"id":7437,"date":"2022-05-09T16:55:16","date_gmt":"2022-05-09T15:55:16","guid":{"rendered":"https:\/\/antonio-justo.eu\/?p=7437"},"modified":"2022-05-09T16:55:32","modified_gmt":"2022-05-09T15:55:32","slug":"mulheres-afgas-obrigadas-a-usar-burqas","status":"publish","type":"post","link":"https:\/\/antonio-justo.eu\/?p=7437","title":{"rendered":"MULHERES AFG\u00c3S OBRIGADAS A USAR BURQAS"},"content":{"rendered":"<h4 style=\"text-align: center;\"><strong>At\u00e9 quando continuar\u00e3o as mulheres prisioneiras do machismo<\/strong><\/h4>\n<p>O governo afeg\u00e3o tornou obrigat\u00f3rio, para as mulheres, o uso de um v\u00e9u de corpo inteiro em p\u00fablico.<\/p>\n<p>O chador &#8211; uma burka da cabe\u00e7a aos p\u00e9s &#8211; segundo a ordem emitida pelo Minist\u00e9rio para a Promo\u00e7\u00e3o da Virtude e Preven\u00e7\u00e3o do V\u00edcio, \u00e9 a melhor forma de v\u00e9u isl\u00e2mico. Com excep\u00e7\u00e3o das raparigas jovens (at\u00e9 12 anos) e as mais idosas, as mulheres t\u00eam de cobrir os seus rostos para evitar &#8220;provoca\u00e7\u00e3o&#8221; quando se encontram com homens, (relata o HNA).<\/p>\n<p>Tudo em v\u00e3o, na interven\u00e7\u00e3o da NATO no Afeganist\u00e3o! Resultado: quase 200.000 afeg\u00e3os e cerca de 3.600 soldados da OTAN mortos e uma retirada ingloriosa do Ocidente da sua interven\u00e7\u00e3o no Afeganist\u00e3o; a vit\u00f3ria ficou para os insurgentes afeg\u00e3os que agora se vingam nas mulheres.<\/p>\n<p>O Ocidente, depois da guerra na Ucr\u00e2nia ver-se-\u00e1 assolado com o terror isl\u00e2mico e com o activismo de extremistas pol\u00edticos.<\/p>\n<p>A Europa tinha defendido os seus valores ocidentais no Afeganist\u00e3o e agora continua, distra\u00edda de si mesma, a defend\u00ea-los na Ucr\u00e2nia atrav\u00e9s da NATO.<\/p>\n<p><strong>Ant\u00f3nio da Cunha Duarte Justo<\/strong><\/p>\n<p>Pegadas do tempo,<\/p>\n","protected":false},"excerpt":{"rendered":"<p>At\u00e9 quando continuar\u00e3o as mulheres prisioneiras do machismo O governo afeg\u00e3o tornou obrigat\u00f3rio, para as mulheres, o uso de um v\u00e9u de corpo inteiro em p\u00fablico. O chador &#8211; uma burka da cabe\u00e7a aos p\u00e9s &#8211; segundo a ordem emitida pelo Minist\u00e9rio para a Promo\u00e7\u00e3o da Virtude e Preven\u00e7\u00e3o do V\u00edcio, \u00e9 a melhor forma &hellip; <a href=\"https:\/\/antonio-justo.eu\/?p=7437\" class=\"more-link\">Continuar a ler <span class=\"screen-reader-text\">MULHERES AFG\u00c3S OBRIGADAS A USAR BURQAS<\/span><\/a><\/p>\n","protected":false},"author":1,"featured_media":0,"comment_status":"open","ping_status":"open","sticky":false,"template":"","format":"standard","meta":{"sfsi_plus_gutenberg_text_before_share":"","sfsi_plus_gutenberg_show_text_before_share":"","sfsi_plus_gutenberg_icon_type":"","sfsi_plus_gutenberg_icon_alignemt":"","sfsi_plus_gutenburg_max_per_row":"","footnotes":""},"categories":[15,7,8,1,16],"tags":[],"class_list":["post-7437","post","type-post","status-publish","format-standard","hentry","category-cultura","category-politica","category-religiao","category-sem-categoria","category-sociedade"],"_links":{"self":[{"href":"https:\/\/antonio-justo.eu\/index.php?rest_route=\/wp\/v2\/posts\/7437","targetHints":{"allow":["GET"]}}],"collection":[{"href":"https:\/\/antonio-justo.eu\/index.php?rest_route=\/wp\/v2\/posts"}],"about":[{"href":"https:\/\/antonio-justo.eu\/index.php?rest_route=\/wp\/v2\/types\/post"}],"author":[{"embeddable":true,"href":"https:\/\/antonio-justo.eu\/index.php?rest_route=\/wp\/v2\/users\/1"}],"replies":[{"embeddable":true,"href":"https:\/\/antonio-justo.eu\/index.php?rest_route=%2Fwp%2Fv2%2Fcomments&post=7437"}],"version-history":[{"count":1,"href":"https:\/\/antonio-justo.eu\/index.php?rest_route=\/wp\/v2\/posts\/7437\/revisions"}],"predecessor-version":[{"id":7438,"href":"https:\/\/antonio-justo.eu\/index.php?rest_route=\/wp\/v2\/posts\/7437\/revisions\/7438"}],"wp:attachment":[{"href":"https:\/\/antonio-justo.eu\/index.php?rest_route=%2Fwp%2Fv2%2Fmedia&parent=7437"}],"wp:term":[{"taxonomy":"category","embeddable":true,"href":"https:\/\/antonio-justo.eu\/index.php?rest_route=%2Fwp%2Fv2%2Fcategories&post=7437"},{"taxonomy":"post_tag","embeddable":true,"href":"https:\/\/antonio-justo.eu\/index.php?rest_route=%2Fwp%2Fv2%2Ftags&post=7437"}],"curies":[{"name":"wp","href":"https:\/\/api.w.org\/{rel}","templated":true}]}}