{"id":7417,"date":"2022-05-05T17:41:46","date_gmt":"2022-05-05T16:41:46","guid":{"rendered":"https:\/\/antonio-justo.eu\/?p=7417"},"modified":"2022-05-07T14:20:20","modified_gmt":"2022-05-07T13:20:20","slug":"embaixadas-ucranianas-transformadas-em-agencias-de-propaganda","status":"publish","type":"post","link":"https:\/\/antonio-justo.eu\/?p=7417","title":{"rendered":"EMBAIXADAS UCRANIANAS TRANSFORMADAS EM AG\u00caNCIAS DE PROPAGANDA?"},"content":{"rendered":"<h6 style=\"text-align: center;\">Fomento do divisionismo entre ucranianos e agita\u00e7\u00e3o contra o PCP<\/h6>\n<p>A embaixada Ucraniana discrimina os pr\u00f3prios cidad\u00e3os procurando distingui-los em ucranianos e russos quando a interculturalidade se encontra na Ucr\u00e2nia de mistura. Uns e outros s\u00e3o v\u00edtimas da viol\u00eancia e da guerra.<\/p>\n<p><strong>Tamb\u00e9m em Portugal, a Embaixada Ucraniana est\u00e1 a revelar-se como divisionista, de esp\u00edrito nacionalista pidesco ao avisar publicamente que h\u00e1 associa\u00e7\u00f5es pr\u00f3-russas como se o seu povo fosse homog\u00e9neo quando 20% dos cidad\u00e3os ucranianos s\u00e3o de tradi\u00e7\u00e3o russa<\/strong> (dos 45 milh\u00f5es de ucranianos 32 milh\u00f5es t\u00eam ucraniano como l\u00edngua materna)<strong>.<\/strong> <strong>Ser\u00e1 que querem perseguir os pr\u00f3prios cidad\u00e3os como \u00e9 praxe ucraniana? \u00a0<\/strong><strong>A comunidade ucraniana com um grande patrim\u00f3nio russo comum que antes era unida e se distinguia em Portugal pelo trabalho, intelig\u00eancia e interculturalidade, v\u00ea-se agora metida numa campanha pol\u00edtica de divis\u00e3o.<\/strong> A Embaixada n\u00e3o olha a meios para tal e com o apoio de uma associa\u00e7\u00e3o, consegue intrometer-se at\u00e9 nas quest\u00f5es internas do pa\u00eds como revela o caso de Set\u00fabal e o contencioso contra o partido comunista.<\/p>\n<p><strong>Numa sociedade portuguesa j\u00e1 tensa, devido \u00e0 pol\u00edtica de informa\u00e7\u00e3o sobre a guerra, est\u00e1-se a conseguir ucranizar ainda mais a discuss\u00e3o e os sentimentos portugueses tamb\u00e9m em torno do PCP<\/strong><strong>;<\/strong> escondem assim as suas verdadeiras inten\u00e7\u00f5es de difamar parte dos cidad\u00e3os ucranianos em Portugal! <strong>Aproveitam-se da atmosfera xenof\u00f3nica espalhada por toda a Europa para fomentar o esp\u00edrito de intransig\u00eancia na sociedade portuguesa n\u00e3o s\u00f3 contra o povo russo, mas tamb\u00e9m intoler\u00e2ncia entre os partidos.<\/strong><\/p>\n<p><strong>Agora a associa\u00e7\u00e3o do seu agrado \u201cAssocia\u00e7\u00e3o de Refugiados Ucranianos (UAPT) vem dizer que n\u00e3o compreende a raz\u00e3o por que \u201cas organiza\u00e7\u00f5es n\u00e3o filtram as pessoas que l\u00e1 trabalham\u00bb e, por outro, \u00abcomo \u00e9 que Portugal, um pa\u00eds democr\u00e1tico, continua a ter um partido como o PCP\u00bb. De lembrar que Selensky, no final de 2021 condecorou um dos l\u00edderes do batalh\u00e3o neonazi Azov, e posteriormente proibiu a actividade de 11 partidos pol\u00edticos, incluindo o maior partido da oposi\u00e7\u00e3o, acusados de serem pr\u00f3-russos.<\/strong><\/p>\n<p><strong>A sua embaixatriz em Portugal imiscui-se em assuntos de administra\u00e7\u00e3o interna como se deu no problem\u00e1tico caso de Set\u00fabal e de uma associa\u00e7\u00e3o de ucranianos afecta \u00e0 Embaixada que vem reclamar que o PCP deveria ser ilegalizado <\/strong>como tinham ilegalizado o comunismo em 2014 aquando do derrube do governo de ent\u00e3o e do come\u00e7a da guerra civil.<\/p>\n<p><strong>Na manifesta\u00e7\u00e3o do 25 de Abril a embaixatriz alinhou ao lado do partido Iniciativa Liberal, mostrando-se partid\u00e1ria. <\/strong><\/p>\n<p><strong>D\u00e1 a impress\u00e3o que querem para Portugal as mesmas rela\u00e7\u00f5es que reinam na Ucr\u00e2nia. <\/strong><\/p>\n<p><strong>Uma batata quente e melindrosa por esclarecer ser\u00e1 o envolvimento da embaixada no recrutamento de membros nazis portugueses para o ex\u00e9rcito ucraniano!<\/strong><\/p>\n<p><strong>Muito question\u00e1vel \u00e9 o facto de parte da sociedade portuguesa, em vez de defender a liberdade de o PCP (1) se posicionar, preferir ver o partido alinhado acriticamente \u00e0 caravana da propaganda de que Selensky \u00e9 express\u00e3o, isto independentemente da empatia que merece o povo sofredor na Ucr\u00e2nia.<\/strong><\/p>\n<p>A Embaixada est\u00e1 interessada em apoiar especialmente uma associa\u00e7\u00e3o nacionalista de pensamento \u00fanico, o qual alastra cada vez mais pela Europa! A embaixada tenta dividir cidad\u00e3os contra cidad\u00e3os, \u00e0 imagem do que aconteceu desde 2013 na Ucr\u00e2nia. Querem fazer passar a ideia que a luta na Ucr\u00e2nia \u00e9 contra o comunismo.<\/p>\n<p><strong>Domina um esp\u00edrito agressivo assistindo-se a um esp\u00edrito ademocr\u00e1tico de intoler\u00e2ncia como se pode observar em atitudes extremistas contra o PCP e contra o Chega!<\/strong> <strong>O esp\u00edrito dos que agora atacam o PCP \u00e9 o mesmo dos que antes atacavam o CDS e jubilaram quando este deixou de estar na AR. <\/strong><\/p>\n<p><strong>A embaixatriz ucraniana (Inna Ohnivets) parece ser do mesmo cariz do seu colega embaixador na Alemanha (Melnyk) que diz \u201cTodos os russos s\u00e3o inimigos\u201d<\/strong>. Divide os ucranianos residentes em Portugal e n\u00e3o respeita a democracia nem h\u00e1bitos portugueses dispensando-se de cumprir a boa tradi\u00e7\u00e3o diplom\u00e1tica! <strong>N\u00e3o se pode compreender como gente surgida \u00e0 sombra de oligarcas ucranianos, como foi o \u00a0caso do atual presidente da Ucr\u00e2nia, se arrogue o direito de atacar partidos da democracia portuguesa e de lhe dar li\u00e7\u00f5es.<\/strong><\/p>\n<p>O governo da Ucr\u00e2nia tem-se comportado em suas embaixadas com desprezo e falta de diplomacia como se fossem os senhores da Europa exigindo o direito a armas e ajuda para as v\u00edtimas, como se as duas coisas n\u00e3o se contradissessem.<\/p>\n<p>Uma preocupa\u00e7\u00e3o ideol\u00f3gica nacionalista quer afirmar-se com base em ideologias de outros grupos\u2026 Abusam de uma imprensa receptiva a tudo o que \u00e9 contra a R\u00fassia (2) para espalharem inseguran\u00e7a entre a popula\u00e7\u00e3o. O oportunismo est\u00e1 a ganhar foros de cidadania!<\/p>\n<p>Em declara\u00e7\u00f5es \u00e0 SIC Not\u00edcias, Pavlo Sadokha referiu que o Alto Comiss\u00e1rio para as Migra\u00e7\u00f5es ignorou os pedidos da associa\u00e7\u00e3o para que deixasse de reconhecer como ucranianas organiza\u00e7\u00f5es pr\u00f3-russas. Deixo em nota as palavras do Major-general Raul da Cunha (3).<\/p>\n<div class=\"\" data-block=\"true\" data-editor=\"k0j6\" data-offset-key=\"5o54d-0-0\">\n<div class=\"_1mf _1mj\" data-offset-key=\"5o54d-0-0\"><strong>Esta t\u00e1tica divisionista revela-se certamente como uma eficiente estrat\u00e9gia de pol\u00e9mica porque ser\u00e1 bem acatada numa sociedade portuguesa demasiadamente virada para a discuss\u00e3o partid\u00e1ria!<\/strong><\/div>\n<div data-offset-key=\"5o54d-0-0\"><\/div>\n<\/div>\n<p>\u00c9 preciso estar-se atentos para que representa\u00e7\u00f5es diplom\u00e1ticas e associa\u00e7\u00f5es n\u00e3o se tornem em ag\u00eancias do nacionalismo seja de quem for (4).<\/p>\n<p>A pretexto de Putin perseguem-se ucranianos russos tamb\u00e9m em Portugal<\/p>\n<p><strong>Ant\u00f3nio da Cunha Duarte Justo<\/strong><\/p>\n<p>Pegadas do Tempo, <a href=\"https:\/\/antonio-justo.eu\/?p=7417\">https:\/\/antonio-justo.eu\/?p=7417<\/a><\/p>\n<p>(1) Os comunistas defendem, em comunicado, que as declara\u00e7\u00f5es do l\u00edder da associa\u00e7\u00e3o Refugiados Ucranianos constituem um \u201cn\u00edtido e intoler\u00e1vel car\u00e1cter cens\u00f3rio e persecut\u00f3rio que visa todos os democratas e que exige um posicionamento inequ\u00edvoco dos \u00f3rg\u00e3os de soberania\u201d. \u00a0\u00a0<a href=\"https:\/\/www.publico.pt\/2022\/05\/03\/politica\/noticia\/pcp-exige-posicionamento-orgaos-soberania-devido-posicoes-partido-2004761?fbclid=IwAR2g05KjKDYwdNLjV4hcZEY39Zc4xUNgCql_-0aUuGxY4bPTEMfY_7PhKdk\">https:\/\/www.publico.pt\/2022\/05\/03\/politica\/noticia\/pcp-exige-posicionamento-orgaos-soberania-devido-posicoes-partido-2004761?fbclid=IwAR2g05KjKDYwdNLjV4hcZEY39Zc4xUNgCql_-0aUuGxY4bPTEMfY_7PhKdk<\/a><\/p>\n<p>(2) <a href=\"https:\/\/www.publico.pt\/2022\/04\/30\/sociedade\/noticia\/ha-varias-associacoes-proputin-acolher-refugiados-acusa-representante-ucranianos-portugal-2004408\">https:\/\/www.publico.pt\/2022\/04\/30\/sociedade\/noticia\/ha-varias-associacoes-proputin-acolher-refugiados-acusa-representante-ucranianos-portugal-2004408<\/a>; <a href=\"https:\/\/cnnportugal.iol.pt\/russia\/embaixada\/embaixadora-da-ucrania-teme-pela-seguranca-dos-refugiados-ucranianos-em-portugal-e-alertou-governo-sobre-infiltrados-pro-russos-em-organizacoes-que-os-acolhem\/20220408\/624f8b2d0cf2f9a86e9d4002\">https:\/\/cnnportugal.iol.pt\/russia\/embaixada\/embaixadora-da-ucrania-teme-pela-seguranca-dos-refugiados-ucranianos-em-portugal-e-alertou-governo-sobre-infiltrados-pro-russos-em-organizacoes-que-os-acolhem\/20220408\/624f8b2d0cf2f9a86e9d4002<\/a><\/p>\n<p>(3) Palavras do Major-general Raul da Cunha :<\/p>\n<p>&#8220;Gra\u00e7as ao nosso governo e a muitos dos meus compatriotas, um fascista ucraniano (ao que parece dirigente de uma associa\u00e7\u00e3o de refugiados ucranianos) permite-se vir dar ordens ao governo e autarcas portugueses, insultar os partidos pol\u00edticos portugueses que n\u00e3o s\u00e3o do seu agrado e vomitar o seu \u00f3dio ao sistema e viv\u00eancia democr\u00e1tica no nosso Pa\u00eds.<\/p>\n<p>N\u00e3o percebo porque \u00e9 que este malfeitor, que abusa da nossa hospitalidade, n\u00e3o \u00e9 imediatamente expulso de Portugal, ou ser\u00e1 que, tal como o h\u00e1bito de haver dois pesos e duas medidas, que foi implantado no mundo ocidental, s\u00f3 nos indignamos quando os abusadores da nossa toler\u00e2ncia s\u00e3o do Senegal?<\/p>\n<p>E, que dizer das reiteradas manifesta\u00e7\u00f5es de inger\u00eancia da embaixadora da Ucr\u00e2nia e que constituem uma intoler\u00e1vel afronta ao regime democr\u00e1tico em Portugal? Porque est\u00e1 o nosso PR a permitir os repetidos abusos daquela fulana? Haja quem tenha a dignidade de lhe fazer sentir que o seu comportamento \u00e9 inaceit\u00e1vel.<\/p>\n<p>Para aqueles que ainda t\u00eam d\u00favidas sobre o car\u00e1cter fascizante do regime ucraniano e o seu total desrespeito pela democracia e liberdade, estas atitudes, evidenciadas em Portugal, mostram bem o que este miser\u00e1vel regime est\u00e1 a concretizar na Ucr\u00e2nia, contra o seu pr\u00f3prio povo.<\/p>\n<p>Infelizmente, alguns portugueses, de menor ou falso patriotismo, j\u00e1 se deixaram contaminar e j\u00e1 viraram &#8220;bufos&#8221; ou denunciantes (e at\u00e9 torcion\u00e1rios seriam) dos portugueses que n\u00e3o se deixaram enganar por aqueles fascistas.&#8221;<\/p>\n<p>(4) Cheguei h\u00e1 anos a dar emprego a ucranianos que n\u00e3o se punham o problema da sua interculturalidade e eram amigos uns dos outros. Agora que a Embaixada se mete a interferir pretende-se criar a disc\u00f3rdia entre eles para chegarmos \u00e0s mesmas condi\u00e7\u00f5es que t\u00eam dominado na Ucr\u00e2nia desde 2014. Antidemocr\u00e1ticos.\u00a0 Ignoram a representa\u00e7\u00e3o complementar dos interesses do povo em democracia?<\/p>\n<p>&nbsp;<\/p>\n<p>&nbsp;<\/p>\n<p>&nbsp;<\/p>\n","protected":false},"excerpt":{"rendered":"<p>Fomento do divisionismo entre ucranianos e agita\u00e7\u00e3o contra o PCP A embaixada Ucraniana discrimina os pr\u00f3prios cidad\u00e3os procurando distingui-los em ucranianos e russos quando a interculturalidade se encontra na Ucr\u00e2nia de mistura. Uns e outros s\u00e3o v\u00edtimas da viol\u00eancia e da guerra. Tamb\u00e9m em Portugal, a Embaixada Ucraniana est\u00e1 a revelar-se como divisionista, de esp\u00edrito &hellip; <a href=\"https:\/\/antonio-justo.eu\/?p=7417\" class=\"more-link\">Continuar a ler <span class=\"screen-reader-text\">EMBAIXADAS UCRANIANAS TRANSFORMADAS EM AG\u00caNCIAS DE PROPAGANDA?<\/span><\/a><\/p>\n","protected":false},"author":1,"featured_media":0,"comment_status":"open","ping_status":"open","sticky":false,"template":"","format":"standard","meta":{"sfsi_plus_gutenberg_text_before_share":"","sfsi_plus_gutenberg_show_text_before_share":"","sfsi_plus_gutenberg_icon_type":"","sfsi_plus_gutenberg_icon_alignemt":"","sfsi_plus_gutenburg_max_per_row":"","footnotes":""},"categories":[15,6,7,16],"tags":[],"class_list":["post-7417","post","type-post","status-publish","format-standard","hentry","category-cultura","category-migracao","category-politica","category-sociedade"],"_links":{"self":[{"href":"https:\/\/antonio-justo.eu\/index.php?rest_route=\/wp\/v2\/posts\/7417","targetHints":{"allow":["GET"]}}],"collection":[{"href":"https:\/\/antonio-justo.eu\/index.php?rest_route=\/wp\/v2\/posts"}],"about":[{"href":"https:\/\/antonio-justo.eu\/index.php?rest_route=\/wp\/v2\/types\/post"}],"author":[{"embeddable":true,"href":"https:\/\/antonio-justo.eu\/index.php?rest_route=\/wp\/v2\/users\/1"}],"replies":[{"embeddable":true,"href":"https:\/\/antonio-justo.eu\/index.php?rest_route=%2Fwp%2Fv2%2Fcomments&post=7417"}],"version-history":[{"count":7,"href":"https:\/\/antonio-justo.eu\/index.php?rest_route=\/wp\/v2\/posts\/7417\/revisions"}],"predecessor-version":[{"id":7428,"href":"https:\/\/antonio-justo.eu\/index.php?rest_route=\/wp\/v2\/posts\/7417\/revisions\/7428"}],"wp:attachment":[{"href":"https:\/\/antonio-justo.eu\/index.php?rest_route=%2Fwp%2Fv2%2Fmedia&parent=7417"}],"wp:term":[{"taxonomy":"category","embeddable":true,"href":"https:\/\/antonio-justo.eu\/index.php?rest_route=%2Fwp%2Fv2%2Fcategories&post=7417"},{"taxonomy":"post_tag","embeddable":true,"href":"https:\/\/antonio-justo.eu\/index.php?rest_route=%2Fwp%2Fv2%2Ftags&post=7417"}],"curies":[{"name":"wp","href":"https:\/\/api.w.org\/{rel}","templated":true}]}}