{"id":7414,"date":"2022-05-05T10:57:33","date_gmt":"2022-05-05T09:57:33","guid":{"rendered":"https:\/\/antonio-justo.eu\/?p=7414"},"modified":"2022-05-05T11:08:26","modified_gmt":"2022-05-05T10:08:26","slug":"a-paz-social-depende-da-justica","status":"publish","type":"post","link":"https:\/\/antonio-justo.eu\/?p=7414","title":{"rendered":"A PAZ SOCIAL DEPENDE DA JUSTI\u00c7A"},"content":{"rendered":"<div>\n<div class=\"\" dir=\"auto\">\n<div id=\"jsc_c_po\" class=\"ecm0bbzt hv4rvrfc dati1w0a e5nlhep0\" data-ad-comet-preview=\"message\" data-ad-preview=\"message\">\n<div class=\"j83agx80 cbu4d94t ew0dbk1b irj2b8pg\">\n<div class=\"qzhwtbm6 knvmm38d\">\n<div class=\"kvgmc6g5 cxmmr5t8 oygrvhab hcukyx3x c1et5uql ii04i59q\">\n<div dir=\"auto\">Pregava o Pe. Ant\u00f3nio Vieira: &#8220;Abra\u00e7aram-se a justi\u00e7a e a paz, e foi a justi\u00e7a a primeira que concorreu para este abra\u00e7o. Porque n\u00e3o \u00e9 a justi\u00e7a que depende da paz (como alguns tomam por escusa) sen\u00e3o a paz da justi\u00e7a&#8221; (Serm\u00e3o ao Enterro dos Ossos dos Enforcados).<\/div>\n<\/div>\n<div class=\"cxmmr5t8 oygrvhab hcukyx3x c1et5uql o9v6fnle ii04i59q\">\n<div class=\"\" data-block=\"true\" data-editor=\"dbp9q\" data-offset-key=\"7f3p0-0-0\">\n<div class=\"_1mf _1mj\" data-offset-key=\"7f3p0-0-0\"><span data-offset-key=\"7f3p0-2-0\">Hoje fumega e cheira a guerra por todo o lado! Os poderosos fazem a guerra e a pequenada \u00e9 levada atr\u00e1s dela! <\/span><\/div>\n<\/div>\n<div class=\"\" data-block=\"true\" data-editor=\"dbp9q\" data-offset-key=\"jqme-0-0\">\n<div class=\"_1mf _1mj\" data-offset-key=\"jqme-0-0\"><span data-offset-key=\"jqme-0-0\">De momento ganha-se a impress\u00e3o que tamb\u00e9m na guerra da informa\u00e7\u00e3o, quem lan\u00e7a os foguetes da guerra para o ar, nos quer ver reduzidos a simples catraios a correr atr\u00e1s das canas! O brilho dos foguetes da guerra \u00e9 alucinante e impede-nos de desenvolver estrat\u00e9gias e t\u00e1ticas de paz no sentido de se estabelecer uma justi\u00e7a equitativa. <\/span><\/div>\n<div class=\"_1mf _1mj\" data-offset-key=\"jqme-0-0\"><span data-offset-key=\"jqme-0-0\">A paz pressup\u00f5e a liberta\u00e7\u00e3o do desejo de ganhar que se encontra subjacente ao desejo de mandar. A natureza dotou-nos deste instinto, o problema come\u00e7a quando nos afirmamaos contra os outros. A demoniza\u00e7\u00e3o, seja de Putin seja de Biden, \u00e9 a express\u00e3o dos \u201cdem\u00f3nios\u201d em n\u00f3s! <\/span><\/div>\n<\/div>\n<div class=\"\" data-block=\"true\" data-editor=\"dbp9q\" data-offset-key=\"8r27k-0-0\">\n<div class=\"_1mf _1mj\" data-offset-key=\"8r27k-0-0\"><span data-offset-key=\"8r27k-0-0\">Paz \u00e9 serenidade e empenha-se pela estabilidade f\u00edsica e emocional de todos. A paz interior, hoje em perigo, \u00e9 como o fundo do mar que suporta as mar\u00e9s e as ondas sem as extinguir! <\/span><\/div>\n<div class=\"_1mf _1mj\" data-offset-key=\"8r27k-0-0\"><span data-offset-key=\"8r27k-0-0\">Um bom dia de paz da justi\u00e7a para todos<\/span><\/div>\n<\/div>\n<div dir=\"auto\">Ant\u00f3nio da Cunha Duarte\u00a0 Justo<\/div>\n<div dir=\"auto\">Pegadas do Tempo<\/div>\n<\/div>\n<\/div>\n<\/div>\n<\/div>\n<\/div>\n<\/div>\n","protected":false},"excerpt":{"rendered":"<p>Pregava o Pe. Ant\u00f3nio Vieira: &#8220;Abra\u00e7aram-se a justi\u00e7a e a paz, e foi a justi\u00e7a a primeira que concorreu para este abra\u00e7o. Porque n\u00e3o \u00e9 a justi\u00e7a que depende da paz (como alguns tomam por escusa) sen\u00e3o a paz da justi\u00e7a&#8221; (Serm\u00e3o ao Enterro dos Ossos dos Enforcados). Hoje fumega e cheira a guerra por &hellip; <a href=\"https:\/\/antonio-justo.eu\/?p=7414\" class=\"more-link\">Continuar a ler <span class=\"screen-reader-text\">A PAZ SOCIAL DEPENDE DA JUSTI\u00c7A<\/span><\/a><\/p>\n","protected":false},"author":1,"featured_media":0,"comment_status":"open","ping_status":"open","sticky":false,"template":"","format":"standard","meta":{"sfsi_plus_gutenberg_text_before_share":"","sfsi_plus_gutenberg_show_text_before_share":"","sfsi_plus_gutenberg_icon_type":"","sfsi_plus_gutenberg_icon_alignemt":"","sfsi_plus_gutenburg_max_per_row":"","footnotes":""},"categories":[15,4,7,8,16],"tags":[],"class_list":["post-7414","post","type-post","status-publish","format-standard","hentry","category-cultura","category-educacao","category-politica","category-religiao","category-sociedade"],"_links":{"self":[{"href":"https:\/\/antonio-justo.eu\/index.php?rest_route=\/wp\/v2\/posts\/7414","targetHints":{"allow":["GET"]}}],"collection":[{"href":"https:\/\/antonio-justo.eu\/index.php?rest_route=\/wp\/v2\/posts"}],"about":[{"href":"https:\/\/antonio-justo.eu\/index.php?rest_route=\/wp\/v2\/types\/post"}],"author":[{"embeddable":true,"href":"https:\/\/antonio-justo.eu\/index.php?rest_route=\/wp\/v2\/users\/1"}],"replies":[{"embeddable":true,"href":"https:\/\/antonio-justo.eu\/index.php?rest_route=%2Fwp%2Fv2%2Fcomments&post=7414"}],"version-history":[{"count":2,"href":"https:\/\/antonio-justo.eu\/index.php?rest_route=\/wp\/v2\/posts\/7414\/revisions"}],"predecessor-version":[{"id":7416,"href":"https:\/\/antonio-justo.eu\/index.php?rest_route=\/wp\/v2\/posts\/7414\/revisions\/7416"}],"wp:attachment":[{"href":"https:\/\/antonio-justo.eu\/index.php?rest_route=%2Fwp%2Fv2%2Fmedia&parent=7414"}],"wp:term":[{"taxonomy":"category","embeddable":true,"href":"https:\/\/antonio-justo.eu\/index.php?rest_route=%2Fwp%2Fv2%2Fcategories&post=7414"},{"taxonomy":"post_tag","embeddable":true,"href":"https:\/\/antonio-justo.eu\/index.php?rest_route=%2Fwp%2Fv2%2Ftags&post=7414"}],"curies":[{"name":"wp","href":"https:\/\/api.w.org\/{rel}","templated":true}]}}