{"id":7404,"date":"2022-05-02T20:56:31","date_gmt":"2022-05-02T19:56:31","guid":{"rendered":"https:\/\/antonio-justo.eu\/?p=7404"},"modified":"2022-05-02T21:09:44","modified_gmt":"2022-05-02T20:09:44","slug":"um-soco-na-cara","status":"publish","type":"post","link":"https:\/\/antonio-justo.eu\/?p=7404","title":{"rendered":"UM SOCO NA CARA!"},"content":{"rendered":"<p>Nesta guerra plurifacetada parece assistirmos a um jogo de ping-pong!<\/p>\n<p>Moscovo est\u00e1 a considerar confiscar os bens de empres\u00e1rios de &#8220;pa\u00edses hostis&#8221; como resposta ao an\u00fancio dos EUA de que ir\u00e3o transferir para a Ucr\u00e2nia os bens confiscados aos oligarcas russos, escreveu o presidente do Parlamento, Vyacheslav Volodin.<\/p>\n<p>Encontramo-nos em desespero pac\u00edfico e comportamo-nos todos como se estiv\u00e9ssemos sob anestesia com uma autoconfian\u00e7a infundada. <strong>A propaganda de ambos os lados sofre de bloqueio de pensamento sem considerar a realidade dos interesses polares para possibilitar identifica\u00e7\u00e3o num dos polos mentais com se houvesse um mundo sem polos, uma realidade unipolar.<\/strong><\/p>\n<p>Esta guerra n\u00e3o \u00e9 entre a ideologia da esquerda ou da direita, \u00e9 uma guerra a favor de imperialistas que se querem afirmar.<\/p>\n<p>H\u00e1 uma perda de realidade e por isso \u00e9 dif\u00edcil estar plenamente informado, porque a guerra polariza os jornais e as pessoas. Vai-se tendo a impress\u00e3o que o melhor \u00e9 evitar especialmente debates conduzidos por pol\u00edticos ou pelos principais meios de comunica\u00e7\u00e3o. Por isso os que se concentram apenas em coisas que podem influenciar pessoal e diretamente podem ser um exemplo para todos n\u00f3s.<\/p>\n<p>H\u00e1 um ditado de clubes de boxe (Mike Tyson) que diz <strong>&#8220;Todo mundo tem um plano &#8211; at\u00e9 levar um soco na cara!&#8221;. \u00c9 natural que lan\u00e7ar tons pacifistas \u00e9 bom at\u00e9 para se ir criando consci\u00eancia no sentido da paz. A realidade pol\u00edtica econ\u00f3mica e militar \u00e9 bem diferente como se pode verificar pela declara\u00e7\u00e3o do Minist\u00e9rio da Defesa alem\u00e3:<\/strong> <strong>&#8220;N\u00e3o vendemos armas para pa\u00edses em conflito&#8221;\u2026<\/strong><\/p>\n<p><strong>Apesar de tudo, depois de se apanhar um soco na cara poderemos estar certos que passaremos a reagir intuitivamente de maneira certa. Quando penso em tudo isto, vem-me, por vezes, \u00e0 ideia que desperdi\u00e7o preciosas horas de vida, ao constatar a realidade que rege o mundo e que nele h\u00e1 muita gente exclusivamente interessada em ideologia, dom\u00ednio e viol\u00eancia! <\/strong><\/p>\n<p><strong>A Hist\u00f3ria ensina-nos que a raz\u00e3o permanece do lado de quem luta e deixa de lado os pe\u00f5es e os pacifistas! N\u00e3o quero vencer, apenas quero lutar pela vida porque a vida \u00e9 o pr\u00e9mio da luta!<\/strong><\/p>\n<p><strong>Ant\u00f3nio da Cunha Duarte Justo<\/strong><\/p>\n<p>Pegadas do Tempo<\/p>\n","protected":false},"excerpt":{"rendered":"<p>Nesta guerra plurifacetada parece assistirmos a um jogo de ping-pong! Moscovo est\u00e1 a considerar confiscar os bens de empres\u00e1rios de &#8220;pa\u00edses hostis&#8221; como resposta ao an\u00fancio dos EUA de que ir\u00e3o transferir para a Ucr\u00e2nia os bens confiscados aos oligarcas russos, escreveu o presidente do Parlamento, Vyacheslav Volodin. Encontramo-nos em desespero pac\u00edfico e comportamo-nos todos &hellip; <a href=\"https:\/\/antonio-justo.eu\/?p=7404\" class=\"more-link\">Continuar a ler <span class=\"screen-reader-text\">UM SOCO NA CARA!<\/span><\/a><\/p>\n","protected":false},"author":1,"featured_media":0,"comment_status":"open","ping_status":"open","sticky":false,"template":"","format":"standard","meta":{"sfsi_plus_gutenberg_text_before_share":"","sfsi_plus_gutenberg_show_text_before_share":"","sfsi_plus_gutenberg_icon_type":"","sfsi_plus_gutenberg_icon_alignemt":"","sfsi_plus_gutenburg_max_per_row":"","footnotes":""},"categories":[15,14,7,16],"tags":[],"class_list":["post-7404","post","type-post","status-publish","format-standard","hentry","category-cultura","category-economia","category-politica","category-sociedade"],"_links":{"self":[{"href":"https:\/\/antonio-justo.eu\/index.php?rest_route=\/wp\/v2\/posts\/7404","targetHints":{"allow":["GET"]}}],"collection":[{"href":"https:\/\/antonio-justo.eu\/index.php?rest_route=\/wp\/v2\/posts"}],"about":[{"href":"https:\/\/antonio-justo.eu\/index.php?rest_route=\/wp\/v2\/types\/post"}],"author":[{"embeddable":true,"href":"https:\/\/antonio-justo.eu\/index.php?rest_route=\/wp\/v2\/users\/1"}],"replies":[{"embeddable":true,"href":"https:\/\/antonio-justo.eu\/index.php?rest_route=%2Fwp%2Fv2%2Fcomments&post=7404"}],"version-history":[{"count":2,"href":"https:\/\/antonio-justo.eu\/index.php?rest_route=\/wp\/v2\/posts\/7404\/revisions"}],"predecessor-version":[{"id":7407,"href":"https:\/\/antonio-justo.eu\/index.php?rest_route=\/wp\/v2\/posts\/7404\/revisions\/7407"}],"wp:attachment":[{"href":"https:\/\/antonio-justo.eu\/index.php?rest_route=%2Fwp%2Fv2%2Fmedia&parent=7404"}],"wp:term":[{"taxonomy":"category","embeddable":true,"href":"https:\/\/antonio-justo.eu\/index.php?rest_route=%2Fwp%2Fv2%2Fcategories&post=7404"},{"taxonomy":"post_tag","embeddable":true,"href":"https:\/\/antonio-justo.eu\/index.php?rest_route=%2Fwp%2Fv2%2Ftags&post=7404"}],"curies":[{"name":"wp","href":"https:\/\/api.w.org\/{rel}","templated":true}]}}