{"id":7156,"date":"2022-03-06T16:02:21","date_gmt":"2022-03-06T15:02:21","guid":{"rendered":"https:\/\/antonio-justo.eu\/?p=7156"},"modified":"2022-03-06T17:39:36","modified_gmt":"2022-03-06T16:39:36","slug":"de-guerra-civil-ucraniana-para-guerra-russia-ucrania-para-guerra-em-toda-a-europa","status":"publish","type":"post","link":"https:\/\/antonio-justo.eu\/?p=7156","title":{"rendered":"DA GUERRA CIVIL UCRANIANA PARA A GUERRA R\u00daSSIA-UCR\u00c2NIA \u00c0 GUERRA EM TODA A EUROPA?"},"content":{"rendered":"<p style=\"text-align: center;\"><strong>A Guerra da Informa\u00e7\u00e3o faz da Popula\u00e7\u00e3o Soldados mentais<\/strong><\/p>\n<p><strong>Esta guerra meteu-nos a todos num t\u00fanel escuro em que nem sequer se avista luz no fundo dele! A situa\u00e7\u00e3o encontra-se t\u00e3o enredada que s\u00f3 promete desastres em cadeia! Isto, atendendo aos interesses da R\u00fassia, ao temperamento indom\u00e1vel de Putin e \u00e0 guerra geral atrav\u00e9s do bloqueio econ\u00f3mico que o est\u00e1 a encurralar! O mais prov\u00e1vel \u00e9 que, se ele n\u00e3o atingir os objectivos m\u00ednimos que tem na Ucr\u00e2nia, teremos um inferno nos pa\u00edses vizinhos da R\u00fassia! No purgat\u00f3rio j\u00e1 nos encontramos n\u00f3s com os custos de vida a subir incontidamente.<\/strong><\/p>\n<p><strong>A esperan\u00e7a da Nato que o povo russo deponha Putin revela-se v\u00e3, ao n\u00e3o contar com a realidade do confronto de blocos nem com os interesses do povo russo como na\u00e7\u00e3o (e como velho bloco); por isso s\u00f3 uma reconcilia\u00e7\u00e3o entre a R\u00fassia e a Ucr\u00e2nia e entre os USA e a R\u00fassia poder\u00e1 aplainar o caminho para a paz! Uma outra op\u00e7\u00e3o corresponde a manter-se a guerrilha na Europa por tempo indeterminado, independentemente de resultados militares! A EU tem de estar atenta a n\u00e3o seguir apenas os interesses americanos (longe da Europa) e para isso tamb\u00e9m n\u00e3o cair na tenta\u00e7\u00e3o de instigar a Pol\u00f3nia a imiscuir-se na guerra! Os EUA querem que a Pol\u00f3nia forne\u00e7a \u00e0 Ucr\u00e2nia avi\u00f5es de combate Mig 29<\/strong> <strong>em troca de F 16!&#8230; <\/strong>Neste sentido o artigo de 2014: \u201cUcr\u00e2nia entre imperialismo russo e ocidental\u201d: <a href=\"https:\/\/www.triplov.com\/letras\/Antonio-Justo\/2014\/ucrania.htm?fbclid=IwAR1OUDjDsO2BfKaBdZu7t4sCeDD_BYhBQ19dtfjQzRY7_wp9_p1oiuENXmA\">https:\/\/www.triplov.com\/&#8230;\/Antonio-Justo\/2014\/ucrania.htm<\/a> e outros (1).<\/p>\n<p><strong>Considero muito importante o vision\u00e1rio texto de Henry A. Kissinger, secret\u00e1rio de Estado dos USA, que agora recebi (2): \u201cPara que a Ucr\u00e2nia sobreviva e prospere, n\u00e3o deve ser o posto avan\u00e7ado de nenhum dos lados contra o outro \u2013 deve funcionar como uma ponte entre eles\u2026. O Ocidente deve entender que, para a R\u00fassia, a Ucr\u00e2nia nunca pode ser apenas um pa\u00eds estrangeiro\u2026\u201d\u2026 <\/strong>A Frota do Mar Negro \u2013 o meio da R\u00fassia de projetar poder no Mediterr\u00e2neo \u2013 \u00e9 baseada em arrendamento de longo prazo em Sebastopol, na Crimeia.\u201d Alegra-me este texto, porque sem saber dele corresponde, em parte, ao que tenho vindo a procurar fazer compreender com os meus textos, se n\u00e3o formos advogados da guerra.<\/p>\n<p><strong>Putin n\u00e3o precisa de activar uma bomba nuclear, ele tem as centrais nucleares na Ucr\u00e2nia como amea\u00e7a maci\u00e7a.<\/strong> <strong>Verdade \u00e9 que, para j\u00e1, se tem de renunciar ao sonho de \u201cuma Europa de Lisboa a Vladivostok&#8221;! Uma solu\u00e7\u00e3o de compromisso satisfat\u00f3rio para todos os lados seria a forma\u00e7\u00e3o de uma Rep\u00fablica Federal da Ucr\u00e2nia Independente. Assim se mitigaria a longo prazo o princ\u00edpio que Putin usa de ir defender uma minoria (problema de minorias usadas como pretexto a desejos de poder!).<\/strong><\/p>\n<p><strong>Um poss\u00edvel contributo pessoal e social para a paz exterior e interior passaria pela absten\u00e7\u00e3o de se ver regularmente TV, dado nos encontrarmos j\u00e1 envolvidos numa guerra de informa\u00e7\u00e3o! A Guerra da Informa\u00e7\u00e3o est\u00e1 a fazer da popula\u00e7\u00e3o soldados mentais! <\/strong><\/p>\n<p><strong>Trazemos a maldade nos nossos genes (\u201cpecado original), uma realidade que reprimimos em n\u00f3s (deslocamento psicol\u00f3gico!) mas que faz parte do nosso habitat natural e cultural. O mal que vemos nos outros encontra-se em n\u00f3s! Produtivo ser\u00e1 o trabalho feito no sentido da reconcilia\u00e7\u00e3o e dedicar mais tempo \u00e0s coisas que nos d\u00e3o prazer e assim n\u00e3o estarmos t\u00e3o sujeitos \u00e0 invas\u00e3o das coisas que entram pela porta da televis\u00e3o.<\/strong><\/p>\n<p><strong>Com a queda das torres de Nova Iorque iniciou-se na Europa um processo de cortar, ao cidad<\/strong><strong>\u00e3o, <\/strong><strong>direitos c\u00edvicos e humanos at\u00e9 ent\u00e3o assentes nas legisla\u00e7\u00f5es dos Estados; com as medidas anticovid-19 os governos centralizaram em si mais poder, a ponto de privarem o cidad\u00e3o de direitos democr\u00e1ticos e de liberdades essenciais. Com a guerra R\u00fassia-Ucr\u00e2nia legitimaram a proibi\u00e7\u00e3o da informa\u00e7\u00e3o (3) estrangeira de modo a irem criando a possibilidade de s\u00f3 serem poss\u00edveis pensamentos em bloco, de modo a s\u00f3 se poder estar de acordo com os donos da informa\u00e7\u00e3o de um lado ou do outro! <\/strong>As democracias est\u00e3o a ser esvaziadas no sentido de governos cada vez mais autocratas, fen\u00f3meno que j\u00e1 se conhece da R\u00fassia, China, etc. poderem controlar toda a popula\u00e7\u00e3o.<strong> \u00a0Eles sabem que as pessoas pensam o que veem e ouvem!<\/strong><\/p>\n<p>O tempo em que vivemos daria mais para chorar, mas tudo corre t\u00e3o depressa que nem tempo para l\u00e1grimas h\u00e1, mesmo que sejamos pessoas compassivas! Continuamos todos agarrados \u00e0 lama do barro de que fomos tirados, mas na ilus\u00e3o de que s\u00f3 os outros est\u00e3o sujeitos ao \u201cpecado original\u201d!<\/p>\n<p><strong>Ant\u00f3nio da Cunha Duarte Justo<\/strong><\/p>\n<p>Pegadas do Tempo<\/p>\n<p>(1) \u00a0\u201cUCR\u00c2NIA \u00c9 O CAVALO TROIANO DOS USA E DA R\u00daSSIA\u201d : <a href=\"https:\/\/antonio-justo.eu\/?p=7116\">https:\/\/antonio-justo.eu\/?p=7116<\/a> ; \u201c Chegou a hora de Putin &#8211; A Solu\u00e7\u00e3o ser\u00e1 tornar-se Rep\u00fablica Federal Neutra\u201d <a href=\"https:\/\/antonio-justo.eu\/?p=7129\">https:\/\/antonio-justo.eu\/?p=7129<\/a> ; Dados sobre a Ucr\u00e2nia: <a href=\"https:\/\/antonio-justo.eu\/?p=7127\">https:\/\/antonio-justo.eu\/?p=7127<\/a> ; \u201cVIRAGEM NA ORDEM EUROPEIA INICIADA PELA ALEMANHA &#8211; NOVA GUERRA FRIA\u201d: <a href=\"https:\/\/antonio-justo.eu\/?p=7138\">https:\/\/antonio-justo.eu\/?p=7138<\/a> ; \u201cAcirrar o Urso russo significa preparar uma Guerra nuclear na Europa\u201d: <a href=\"https:\/\/antonio-justo.eu\/?p=7149\">https:\/\/antonio-justo.eu\/?p=7149<\/a> ; \u201cA GUERRA FRIA NOS MEDIA RUSSOS E ALEM\u00c3ES\u201d: <a href=\"https:\/\/antonio-justo.eu\/?p=7067\">https:\/\/antonio-justo.eu\/?p=7067<\/a> ; etc.<\/p>\n<p>(2) <a href=\"https:\/\/www.washingtonpost.com\/opinions\/henry-kissinger-to-settle-the-ukraine-crisis-start-at-the-end\/2014\/03\/05\/46dad868-a496-11e3-8466-d34c451760b9_story.html\">https:\/\/www.washingtonpost.com\/opinions\/henry-kissinger-to-settle-the-ukraine-crisis-start-at-the-end\/2014\/03\/05\/46dad868-a496-11e3-8466-d34c451760b9_story.html<\/a><\/p>\n<p>(3) GUERRA FRIA NOS MEDIA RUSSOS E ALEM\u00c3ES: <a href=\"https:\/\/antonio-justo.eu\/?p=7067\">https:\/\/antonio-justo.eu\/?p=7067<\/a><\/p>\n<p>&nbsp;<\/p>\n<p style=\"text-align: center;\"><strong>PERMANE\u00c7AMOS HUMANOS<\/strong><\/p>\n<p>A orientadora de um culto infantil em Kiev escreveu aos pais: &#8220;Que Deus proteja cada um de v\u00f3s! N\u00e3o caiamos em p\u00e2nico, mantenham a calma e permane\u00e7am humanos, aconte\u00e7a o que acontecer! Se algum de v\u00f3s precisar de ajuda, por favor contacte-me pessoalmente&#8221;.<\/p>\n<p>\u00c9 tr\u00e1gico e embara\u00e7oso para todos n\u00f3s assistir impotentes \u00e0 morte das pessoas!<\/p>\n<p>Muitas ilus\u00f5es come\u00e7am a afastar-se de n\u00f3s!<\/p>\n<p>Numa situa\u00e7\u00e3o destas ajudam-nos as palavras da dirigente do servi\u00e7o lit\u00fargico em Kiew.<\/p>\n","protected":false},"excerpt":{"rendered":"<p>A Guerra da Informa\u00e7\u00e3o faz da Popula\u00e7\u00e3o Soldados mentais Esta guerra meteu-nos a todos num t\u00fanel escuro em que nem sequer se avista luz no fundo dele! A situa\u00e7\u00e3o encontra-se t\u00e3o enredada que s\u00f3 promete desastres em cadeia! Isto, atendendo aos interesses da R\u00fassia, ao temperamento indom\u00e1vel de Putin e \u00e0 guerra geral atrav\u00e9s do &hellip; <a href=\"https:\/\/antonio-justo.eu\/?p=7156\" class=\"more-link\">Continuar a ler <span class=\"screen-reader-text\">DA GUERRA CIVIL UCRANIANA PARA A GUERRA R\u00daSSIA-UCR\u00c2NIA \u00c0 GUERRA EM TODA A EUROPA?<\/span><\/a><\/p>\n","protected":false},"author":1,"featured_media":0,"comment_status":"open","ping_status":"open","sticky":false,"template":"","format":"standard","meta":{"sfsi_plus_gutenberg_text_before_share":"","sfsi_plus_gutenberg_show_text_before_share":"","sfsi_plus_gutenberg_icon_type":"","sfsi_plus_gutenberg_icon_alignemt":"","sfsi_plus_gutenburg_max_per_row":"","footnotes":""},"categories":[3,15,14,4,5,6,7,16],"tags":[],"class_list":["post-7156","post","type-post","status-publish","format-standard","hentry","category-arte","category-cultura","category-economia","category-educacao","category-escola","category-migracao","category-politica","category-sociedade"],"_links":{"self":[{"href":"https:\/\/antonio-justo.eu\/index.php?rest_route=\/wp\/v2\/posts\/7156","targetHints":{"allow":["GET"]}}],"collection":[{"href":"https:\/\/antonio-justo.eu\/index.php?rest_route=\/wp\/v2\/posts"}],"about":[{"href":"https:\/\/antonio-justo.eu\/index.php?rest_route=\/wp\/v2\/types\/post"}],"author":[{"embeddable":true,"href":"https:\/\/antonio-justo.eu\/index.php?rest_route=\/wp\/v2\/users\/1"}],"replies":[{"embeddable":true,"href":"https:\/\/antonio-justo.eu\/index.php?rest_route=%2Fwp%2Fv2%2Fcomments&post=7156"}],"version-history":[{"count":5,"href":"https:\/\/antonio-justo.eu\/index.php?rest_route=\/wp\/v2\/posts\/7156\/revisions"}],"predecessor-version":[{"id":7161,"href":"https:\/\/antonio-justo.eu\/index.php?rest_route=\/wp\/v2\/posts\/7156\/revisions\/7161"}],"wp:attachment":[{"href":"https:\/\/antonio-justo.eu\/index.php?rest_route=%2Fwp%2Fv2%2Fmedia&parent=7156"}],"wp:term":[{"taxonomy":"category","embeddable":true,"href":"https:\/\/antonio-justo.eu\/index.php?rest_route=%2Fwp%2Fv2%2Fcategories&post=7156"},{"taxonomy":"post_tag","embeddable":true,"href":"https:\/\/antonio-justo.eu\/index.php?rest_route=%2Fwp%2Fv2%2Ftags&post=7156"}],"curies":[{"name":"wp","href":"https:\/\/api.w.org\/{rel}","templated":true}]}}