{"id":6937,"date":"2021-12-10T21:58:41","date_gmt":"2021-12-10T20:58:41","guid":{"rendered":"https:\/\/antonio-justo.eu\/?p=6937"},"modified":"2021-12-10T21:58:41","modified_gmt":"2021-12-10T20:58:41","slug":"vacinacao-de-criancas-entre-os-cinco-e-onze-anos","status":"publish","type":"post","link":"https:\/\/antonio-justo.eu\/?p=6937","title":{"rendered":"VACINA\u00c7\u00c3O DE CRIAN\u00c7AS ENTRE OS CINCO E ONZE ANOS?"},"content":{"rendered":"<div class=\"\" data-block=\"true\" data-editor=\"1683e\" data-offset-key=\"f3sts-0-0\">\n<div class=\"_1mf _1mj\" data-offset-key=\"f3sts-0-0\"><span data-offset-key=\"f3sts-0-0\">\u00a0<\/span><\/div>\n<\/div>\n<div class=\"\" data-block=\"true\" data-editor=\"1683e\" data-offset-key=\"6nkga-0-0\">\n<div class=\"_1mf _1mj\" data-offset-key=\"eel1n-0-0\"><span data-offset-key=\"eel1n-0-0\">O Comit\u00e9 Permanente de Vacina\u00e7\u00e3o alem\u00e3 (STIKO) que desenvolve recomenda\u00e7\u00f5es de vacina\u00e7\u00e3o para a Alemanha n\u00e3o faz nenhuma recomenda\u00e7\u00e3o generalizda para crian\u00e7as dos 5 aos 11 anos! <\/span><\/div>\n<\/div>\n<div class=\"\" data-block=\"true\" data-editor=\"1683e\" data-offset-key=\"4u4l1-0-0\">\n<div class=\"_1mf _1mj\" data-offset-key=\"4u4l1-0-0\"><span data-offset-key=\"4u4l1-0-0\">\u00a0<\/span><\/div>\n<\/div>\n<div class=\"\" data-block=\"true\" data-editor=\"1683e\" data-offset-key=\"cp4l6-0-0\">\n<div class=\"_1mf _1mj\" data-offset-key=\"cp4l6-0-0\"><span data-offset-key=\"cp4l6-0-0\">A STIKO recomenda a vacina\u00e7\u00e3o a crian\u00e7as que tenham tido doen\u00e7as anteriores e para crian\u00e7as que tenham contacto com doentes de alto risco.<\/span><\/div>\n<\/div>\n<div class=\"\" data-block=\"true\" data-editor=\"1683e\" data-offset-key=\"fvf7f-0-0\">\n<div class=\"_1mf _1mj\" data-offset-key=\"fvf7f-0-0\"><span data-offset-key=\"fvf7f-0-0\">\u00a0<\/span><\/div>\n<\/div>\n<div class=\"\" data-block=\"true\" data-editor=\"1683e\" data-offset-key=\"6527u-0-0\">\n<div class=\"_1mf _1mj\" data-offset-key=\"5m8pp-0-0\"><span data-offset-key=\"5m8pp-0-0\">Thomas Fischbach, Presidente da Associa\u00e7\u00e3o Profissional de Pediatras, considera a recomenda\u00e7\u00e3o limitada a crian\u00e7as com certas doen\u00e7as cr\u00f3nicas como &#8220;razo\u00e1vel&#8221;. As crian\u00e7as podem ser vacinadas se os pais e as crian\u00e7as o desejarem.<\/span><\/div>\n<div data-offset-key=\"5m8pp-0-0\"><\/div>\n<\/div>\n<div class=\"\" data-block=\"true\" data-editor=\"1683e\" data-offset-key=\"1msst-0-0\">\n<div class=\"_1mf _1mj\" data-offset-key=\"1msst-0-0\"><span data-offset-key=\"1msst-0-0\">Outras organiza\u00e7\u00f5es ir-se-\u00e3o pronunciar sobre o assunto. A pol\u00edtica revela uma certa pressa na vacina\u00e7\u00e3o de crian\u00e7as! <\/span><\/div>\n<div data-offset-key=\"1msst-0-0\"><\/div>\n<\/div>\n<div class=\"\" data-block=\"true\" data-editor=\"1683e\" data-offset-key=\"4umec-0-0\">\n<div class=\"_1mf _1mj\" data-offset-key=\"4umec-0-0\"><span data-offset-key=\"4umec-0-0\"> O n\u00famero de alunos com infec\u00e7\u00f5es Corona na Alemanha, na semana de 29 de novembro a 5 de dezembro tinha chegado a 103.000, o que significa um aumento de 10.000 em relacao \u00e0 semana anterior, segundo informa o jornal HNA de 10.12.2021.<\/span><\/div>\n<\/div>\n<div class=\"\" data-block=\"true\" data-editor=\"1683e\" data-offset-key=\"dli2f-0-0\">\n<div class=\"_1mf _1mj\" data-offset-key=\"dli2f-0-0\"><span data-offset-key=\"dli2f-0-0\">A vida de uma crian\u00e7a n\u00e3o vale menos do que a de um idoso mas \u00e9 natural que deve haver mais precau\u00e7\u00e3o na vacina\u00e7\u00e3o de uma crian\u00e7a do que na de um idoso. O mecanismo de defesa natural da crian\u00e7a pode ser obrigado a reagir diferentemente do que o de um idoso.<\/span><\/div>\n<div data-offset-key=\"dli2f-0-0\">Ant\u00f3nio CD Justo<\/div>\n<div data-offset-key=\"dli2f-0-0\">Pegadas do Tempo<\/div>\n<\/div>\n","protected":false},"excerpt":{"rendered":"<p>\u00a0 O Comit\u00e9 Permanente de Vacina\u00e7\u00e3o alem\u00e3 (STIKO) que desenvolve recomenda\u00e7\u00f5es de vacina\u00e7\u00e3o para a Alemanha n\u00e3o faz nenhuma recomenda\u00e7\u00e3o generalizda para crian\u00e7as dos 5 aos 11 anos! \u00a0 A STIKO recomenda a vacina\u00e7\u00e3o a crian\u00e7as que tenham tido doen\u00e7as anteriores e para crian\u00e7as que tenham contacto com doentes de alto risco. \u00a0 Thomas Fischbach, &hellip; <a href=\"https:\/\/antonio-justo.eu\/?p=6937\" class=\"more-link\">Continuar a ler <span class=\"screen-reader-text\">VACINA\u00c7\u00c3O DE CRIAN\u00c7AS ENTRE OS CINCO E ONZE ANOS?<\/span><\/a><\/p>\n","protected":false},"author":1,"featured_media":0,"comment_status":"open","ping_status":"open","sticky":false,"template":"","format":"standard","meta":{"sfsi_plus_gutenberg_text_before_share":"","sfsi_plus_gutenberg_show_text_before_share":"","sfsi_plus_gutenberg_icon_type":"","sfsi_plus_gutenberg_icon_alignemt":"","sfsi_plus_gutenburg_max_per_row":"","footnotes":""},"categories":[4,7,16],"tags":[],"class_list":["post-6937","post","type-post","status-publish","format-standard","hentry","category-educacao","category-politica","category-sociedade"],"_links":{"self":[{"href":"https:\/\/antonio-justo.eu\/index.php?rest_route=\/wp\/v2\/posts\/6937","targetHints":{"allow":["GET"]}}],"collection":[{"href":"https:\/\/antonio-justo.eu\/index.php?rest_route=\/wp\/v2\/posts"}],"about":[{"href":"https:\/\/antonio-justo.eu\/index.php?rest_route=\/wp\/v2\/types\/post"}],"author":[{"embeddable":true,"href":"https:\/\/antonio-justo.eu\/index.php?rest_route=\/wp\/v2\/users\/1"}],"replies":[{"embeddable":true,"href":"https:\/\/antonio-justo.eu\/index.php?rest_route=%2Fwp%2Fv2%2Fcomments&post=6937"}],"version-history":[{"count":1,"href":"https:\/\/antonio-justo.eu\/index.php?rest_route=\/wp\/v2\/posts\/6937\/revisions"}],"predecessor-version":[{"id":6938,"href":"https:\/\/antonio-justo.eu\/index.php?rest_route=\/wp\/v2\/posts\/6937\/revisions\/6938"}],"wp:attachment":[{"href":"https:\/\/antonio-justo.eu\/index.php?rest_route=%2Fwp%2Fv2%2Fmedia&parent=6937"}],"wp:term":[{"taxonomy":"category","embeddable":true,"href":"https:\/\/antonio-justo.eu\/index.php?rest_route=%2Fwp%2Fv2%2Fcategories&post=6937"},{"taxonomy":"post_tag","embeddable":true,"href":"https:\/\/antonio-justo.eu\/index.php?rest_route=%2Fwp%2Fv2%2Ftags&post=6937"}],"curies":[{"name":"wp","href":"https:\/\/api.w.org\/{rel}","templated":true}]}}