{"id":6892,"date":"2021-11-27T22:53:54","date_gmt":"2021-11-27T21:53:54","guid":{"rendered":"https:\/\/antonio-justo.eu\/?p=6892"},"modified":"2021-11-27T22:53:54","modified_gmt":"2021-11-27T21:53:54","slug":"o-ensino-da-lingua-portuguesa-tem-estado-a-ser-irresponsavelmente-depauperado","status":"publish","type":"post","link":"https:\/\/antonio-justo.eu\/?p=6892","title":{"rendered":"O ENSINO DA L\u00cdNGUA PORTUGUESA TEM ESTADO A SER IRRESPONSAVELMENTE DEPAUPERADO"},"content":{"rendered":"<div class=\"\" dir=\"auto\">\n<div id=\"jsc_c_17e\" class=\"ecm0bbzt hv4rvrfc ihqw7lf3 dati1w0a\" data-ad-comet-preview=\"message\" data-ad-preview=\"message\">\n<div class=\"j83agx80 cbu4d94t ew0dbk1b irj2b8pg\">\n<div class=\"qzhwtbm6 knvmm38d\">\n<div class=\"kvgmc6g5 cxmmr5t8 oygrvhab hcukyx3x c1et5uql ii04i59q\"><\/div>\n<div class=\"o9v6fnle cxmmr5t8 oygrvhab hcukyx3x c1et5uql ii04i59q\">\n<div dir=\"auto\">\u00c9 de lamentar o facto de colegas gram\u00e1ticos e linguistas n\u00e3o reconhecerem, por voca\u00e7\u00e3o cient\u00edfica, o que Evanildo Bechara diz e n\u00e3o notarem que s\u00e3o mais fi\u00e9is \u00e0 ideologia do que \u00e0 ci\u00eancia. Enfim, a cegueira do tempo tem muito cr\u00e9dito e leva muita coisa boa na enxurrada, sem que se note! Um desejo oportunista de agradar e de contribuir para um igualitarismo pela m\u00f3 de baixo n\u00e3o olha a meios!<\/div>\n<div dir=\"auto\">O latim popular e o latim erudito fizeram um caminho conjunto durante muitos s\u00e9culos sem ter de uma maneira de ser-estar-falar na vida de negar a outra.<\/div>\n<div dir=\"auto\">A atitude ideol\u00f3gica jacobina moralista, assumida pelo Zeitgeist e at\u00e9 por meios acad\u00e9micos, desqualifica e prejudica grande parte de temas discutidos e preta um mau servi\u00e7o \u00e0 Ci\u00eancia e \u00e0 Sociedade..<\/div>\n<div dir=\"auto\">Aplauso, Doutor Evanildo Bechara, por este texto que li em Forum Elos!<\/div>\n<div dir=\"auto\">Ant\u00f3nio Justo<\/div>\n<\/div>\n<div class=\"o9v6fnle cxmmr5t8 oygrvhab hcukyx3x c1et5uql ii04i59q\">\n<div dir=\"auto\"><a class=\"oajrlxb2 g5ia77u1 qu0x051f esr5mh6w e9989ue4 r7d6kgcz rq0escxv nhd2j8a9 nc684nl6 p7hjln8o kvgmc6g5 cxmmr5t8 oygrvhab hcukyx3x jb3vyjys rz4wbd8a qt6c0cv9 a8nywdso i1ao9s8h esuyzwwr f1sip0of lzcic4wl py34i1dx gpro0wi8\" tabindex=\"0\" role=\"link\" href=\"https:\/\/blogdoozanan.blogspot.com\/2011\/05\/em-defesa-da-gramatica.htmldefesa?fbclid=IwAR317mhC9TynQED5dhlrWWrSSFG3waJd17F57-NhACxaurAgeAMRkyQ4K5Y\" target=\"_blank\" rel=\"nofollow noopener\">https:\/\/blogdoozanan.blogspot.com\/&#8230;\/em-defesa-da&#8230;<\/a><\/div>\n<\/div>\n<\/div>\n<\/div>\n<\/div>\n<\/div>\n<div id=\"jsc_c_17f\" class=\"l9j0dhe7\">\n<div><img decoding=\"async\" class=\"ji94ytn4 r9f5tntg d2edcug0 r0294ipz\" src=\"https:\/\/scontent-frx5-1.xx.fbcdn.net\/v\/t39.30808-6\/261793955_10220207910124118_8723665686372037346_n.jpg?_nc_cat=110&amp;ccb=1-5&amp;_nc_sid=730e14&amp;_nc_ohc=PEra13fFo-MAX9l0Bdh&amp;_nc_ht=scontent-frx5-1.xx&amp;oh=33ce6c3511d7264d44319f05c9521497&amp;oe=61A6B2A2\" alt=\"Pode ser uma imagem de 1 pessoa e texto que diz &quot;Entrevista EVANILDO BECHARA ROBERTA ABREU Em defesa da gram\u00e1tica dos mais respeitados especialistas l\u00edngua portuguesa condena os colegas que se contra norma culta diz que dissemin\u00e1-la \u00e9 crucial para pais avan\u00e7ar pernambucano Evanildo Becha- dos sa, duas portugue- quais portugu\u00e9s, universida- Portugal. Brasileira profiss\u00e3o. Bechara &quot;precon- tese.d corrigir Bechara: Alguns meus l\u00f3gica serve chance socialmente&quot; Dizer que a l\u00edngua culta um instrumento de domina\u00e7\u00e3o das elites uma ortodoxia pol\u00edtica e um obst\u00e1culo para 0 pais ma ascende- custo reais n\u00e3o? provocado defesa discuss\u00e3o que uma reconhece linguajar que l\u00edngua produzir das popular que alguns colegas meus referem, veja|1EJUNHO.2011 *DEJUNHO.&quot;\" data-visualcompletion=\"media-vc-image\" \/><\/div>\n<\/div>\n","protected":false},"excerpt":{"rendered":"<p>\u00c9 de lamentar o facto de colegas gram\u00e1ticos e linguistas n\u00e3o reconhecerem, por voca\u00e7\u00e3o cient\u00edfica, o que Evanildo Bechara diz e n\u00e3o notarem que s\u00e3o mais fi\u00e9is \u00e0 ideologia do que \u00e0 ci\u00eancia. Enfim, a cegueira do tempo tem muito cr\u00e9dito e leva muita coisa boa na enxurrada, sem que se note! Um desejo oportunista &hellip; <a href=\"https:\/\/antonio-justo.eu\/?p=6892\" class=\"more-link\">Continuar a ler <span class=\"screen-reader-text\">O ENSINO DA L\u00cdNGUA PORTUGUESA TEM ESTADO A SER IRRESPONSAVELMENTE DEPAUPERADO<\/span><\/a><\/p>\n","protected":false},"author":1,"featured_media":0,"comment_status":"open","ping_status":"open","sticky":false,"template":"","format":"standard","meta":{"sfsi_plus_gutenberg_text_before_share":"","sfsi_plus_gutenberg_show_text_before_share":"","sfsi_plus_gutenberg_icon_type":"","sfsi_plus_gutenberg_icon_alignemt":"","sfsi_plus_gutenburg_max_per_row":"","footnotes":""},"categories":[3,15,4,5,7],"tags":[],"class_list":["post-6892","post","type-post","status-publish","format-standard","hentry","category-arte","category-cultura","category-educacao","category-escola","category-politica"],"_links":{"self":[{"href":"https:\/\/antonio-justo.eu\/index.php?rest_route=\/wp\/v2\/posts\/6892","targetHints":{"allow":["GET"]}}],"collection":[{"href":"https:\/\/antonio-justo.eu\/index.php?rest_route=\/wp\/v2\/posts"}],"about":[{"href":"https:\/\/antonio-justo.eu\/index.php?rest_route=\/wp\/v2\/types\/post"}],"author":[{"embeddable":true,"href":"https:\/\/antonio-justo.eu\/index.php?rest_route=\/wp\/v2\/users\/1"}],"replies":[{"embeddable":true,"href":"https:\/\/antonio-justo.eu\/index.php?rest_route=%2Fwp%2Fv2%2Fcomments&post=6892"}],"version-history":[{"count":1,"href":"https:\/\/antonio-justo.eu\/index.php?rest_route=\/wp\/v2\/posts\/6892\/revisions"}],"predecessor-version":[{"id":6893,"href":"https:\/\/antonio-justo.eu\/index.php?rest_route=\/wp\/v2\/posts\/6892\/revisions\/6893"}],"wp:attachment":[{"href":"https:\/\/antonio-justo.eu\/index.php?rest_route=%2Fwp%2Fv2%2Fmedia&parent=6892"}],"wp:term":[{"taxonomy":"category","embeddable":true,"href":"https:\/\/antonio-justo.eu\/index.php?rest_route=%2Fwp%2Fv2%2Fcategories&post=6892"},{"taxonomy":"post_tag","embeddable":true,"href":"https:\/\/antonio-justo.eu\/index.php?rest_route=%2Fwp%2Fv2%2Ftags&post=6892"}],"curies":[{"name":"wp","href":"https:\/\/api.w.org\/{rel}","templated":true}]}}