{"id":6886,"date":"2021-11-26T17:54:32","date_gmt":"2021-11-26T16:54:32","guid":{"rendered":"https:\/\/antonio-justo.eu\/?p=6886"},"modified":"2021-11-27T23:13:37","modified_gmt":"2021-11-27T22:13:37","slug":"pontos-mais-salientes-no-acordo-de-coligacao-do-proximo-governo-alemao","status":"publish","type":"post","link":"https:\/\/antonio-justo.eu\/?p=6886","title":{"rendered":"PONTOS MAIS SALIENTES NO ACORDO DE COLIGA\u00c7\u00c3O DO PR\u00d3XIMO GOVERNO ALEM\u00c3O"},"content":{"rendered":"<h4 style=\"text-align: center;\"><span class=\"d2edcug0 hpfvmrgz qv66sw1b c1et5uql lr9zc1uh a8c37x1j keod5gw0 nxhoafnm aigsh9s9 d3f4x2em fe6kdd0r mau55g9w c8b282yb iv3no6db jq4qci2q a3bd9o3v b1v8xokw oo9gr5id hzawbc8m\" dir=\"auto\"> Aumento do Sal\u00e1rio M\u00ednimo de 9,60 para 12 Euros<\/span><\/h4>\n<p><strong>Ap\u00f3s 16 anos do governo da coliga\u00e7\u00e3o CDU\/CSU e SPD, chegou a hora de formar um governo vermelho-verde-amarelo (SPD, VERDES e liberais FDP). <\/strong>Esta coliga\u00e7\u00e3o, que certamente ter\u00e1 como Chanceler Olaf Scholz (actual ministro das Finan\u00e7as, SPD), conseguiu, ap\u00f3s um trabalho muito discreto, apresentar um acordo de coliga\u00e7\u00e3o em que ressaltam os seguintes temas:<\/p>\n<p><strong>Constru\u00e7\u00e3o de 400.000 apartamentos.<\/strong><\/p>\n<p><strong>Aumento do sal\u00e1rio m\u00ednimo de 9,60 para 12 euros por hora.<\/strong><\/p>\n<p><strong>Ren\u00fancia a aumento de impostos <\/strong>e ader\u00eancia ao trav\u00e3o da d\u00edvida v\u00e1lido a partir de 2023, tal como estabelecia a Constitui\u00e7\u00e3o (e fora interrompido devido \u00e0 pandemia).<\/p>\n<p><strong>Elimina\u00e7\u00e3o progressiva do carv\u00e3o: &#8220;idealmente&#8221; antecipar para 2030.<\/strong><\/p>\n<p><strong>Cannabis para o prazer de adultos torna-se dispon\u00edvel em lojas licenciadas.<\/strong><\/p>\n<p><strong>Um b\u00f3nus de mil milh\u00f5es de euros para trabalhadores de cuidados de sa\u00fade altamente estressantes.<\/strong><\/p>\n<p><strong>Afrouxamento no rigor da imigra\u00e7\u00e3o<\/strong>: mais reagrupamento familiar e possibilidade de integrar requerentes de asilo rejeitados. Naturaliza\u00e7\u00e3o torna-se poss\u00edvel ap\u00f3s 5 anos em vez de 8 anos. Em casos especiais de integra\u00e7\u00e3o, a naturaliza\u00e7\u00e3o \u00e9 poss\u00edvel ap\u00f3s 3 anos.<\/p>\n<p>Pretendem aumentar a <strong>quota da agricultura biol\u00f3gica<\/strong> na agricultura dos actuais <strong>10% para 30 por cento at\u00e9 2030.<\/strong><\/p>\n<p><strong>Cada novo sistema de aquecimento deve funcionar com base em 65% de energias renov\u00e1veis<\/strong> \u2013 isto significaria o fim do aquecimento a g\u00e1s e a \u00f3leo.<\/p>\n<p>Os Minist\u00e9rios do Ambiente e da Agricultura est\u00e3o nas m\u00e3os dos Verdes o que pressupor\u00e1 uma grande <strong>acentua\u00e7\u00e3o na biodiversidade e no clim<\/strong>a!<\/p>\n<p><strong>Possibilitar o armamento das tropas com drones.<\/strong><\/p>\n<p><strong>A idade de voto ser\u00e1 reduzida de 18 para 16 anos.<\/strong><\/p>\n<p><strong>80% da eletricidade alem\u00e3 passar\u00e1 a ser gerada a partir de fontes renov\u00e1veis at\u00e9 2030.<\/strong><\/p>\n<p><strong>O Governo, em vez de 15 minist\u00e9rios, ter\u00e1 16.<\/strong><\/p>\n<p><strong>O acordo de coliga\u00e7\u00e3o de 177 p\u00e1ginas ainda tem de ser aprovado por congressos partid\u00e1rios ou referendos de membros (no caso dos Verdes).<\/strong><\/p>\n<p>A locomotiva europeia n\u00e3o pode perder velocidade e por isso Olaf Scholz dever\u00e1 ser eleito para Chanceler na semana de dezembro, a partir de 6 de dezembro.<strong> A sua directiva \u00e9: &#8220;Estamos unidos pela vontade de tornar o pa\u00eds melhor&#8221;.<\/strong><\/p>\n<p><strong>Quanto a cr\u00edticas, a oposi\u00e7\u00e3o v\u00ea problemas na base do financiamento do programa. O partido, A Esquerda, nota o amarelo demasiado vis\u00edvel na caligrafia do programa.<\/strong><\/p>\n<p>A Alemanha quer liderar o caminho para salvar o mundo. Mas \u00e9 desej\u00e1vel que o moralismo jacobino n\u00e3o acompanhe o projecto!<\/p>\n<p><strong>O programa em foco gira em torno do poss\u00edvel para a Alemanha, embora o Bundestag seja mais de esquerda do que o programa&#8230;<\/strong><\/p>\n<p><strong>O programa, sendo muito embora a express\u00e3o de humores partid\u00e1rios, parece ser alinhado aos interesses do pa\u00eds e por isso feito para procurar convencer com factos que as pessoas apoiem.<\/strong><\/p>\n<p><strong>Ant\u00f3nio CD Justo<\/strong><\/p>\n<p><strong>Pegadas do Tempo<\/strong><\/p>\n<p>&nbsp;<\/p>\n","protected":false},"excerpt":{"rendered":"<p>Aumento do Sal\u00e1rio M\u00ednimo de 9,60 para 12 Euros Ap\u00f3s 16 anos do governo da coliga\u00e7\u00e3o CDU\/CSU e SPD, chegou a hora de formar um governo vermelho-verde-amarelo (SPD, VERDES e liberais FDP). Esta coliga\u00e7\u00e3o, que certamente ter\u00e1 como Chanceler Olaf Scholz (actual ministro das Finan\u00e7as, SPD), conseguiu, ap\u00f3s um trabalho muito discreto, apresentar um acordo &hellip; <a href=\"https:\/\/antonio-justo.eu\/?p=6886\" class=\"more-link\">Continuar a ler <span class=\"screen-reader-text\">PONTOS MAIS SALIENTES NO ACORDO DE COLIGA\u00c7\u00c3O DO PR\u00d3XIMO GOVERNO ALEM\u00c3O<\/span><\/a><\/p>\n","protected":false},"author":1,"featured_media":0,"comment_status":"open","ping_status":"open","sticky":false,"template":"","format":"standard","meta":{"sfsi_plus_gutenberg_text_before_share":"","sfsi_plus_gutenberg_show_text_before_share":"","sfsi_plus_gutenberg_icon_type":"","sfsi_plus_gutenberg_icon_alignemt":"","sfsi_plus_gutenburg_max_per_row":"","footnotes":""},"categories":[15,14,6,7,16],"tags":[],"class_list":["post-6886","post","type-post","status-publish","format-standard","hentry","category-cultura","category-economia","category-migracao","category-politica","category-sociedade"],"_links":{"self":[{"href":"https:\/\/antonio-justo.eu\/index.php?rest_route=\/wp\/v2\/posts\/6886","targetHints":{"allow":["GET"]}}],"collection":[{"href":"https:\/\/antonio-justo.eu\/index.php?rest_route=\/wp\/v2\/posts"}],"about":[{"href":"https:\/\/antonio-justo.eu\/index.php?rest_route=\/wp\/v2\/types\/post"}],"author":[{"embeddable":true,"href":"https:\/\/antonio-justo.eu\/index.php?rest_route=\/wp\/v2\/users\/1"}],"replies":[{"embeddable":true,"href":"https:\/\/antonio-justo.eu\/index.php?rest_route=%2Fwp%2Fv2%2Fcomments&post=6886"}],"version-history":[{"count":7,"href":"https:\/\/antonio-justo.eu\/index.php?rest_route=\/wp\/v2\/posts\/6886\/revisions"}],"predecessor-version":[{"id":6895,"href":"https:\/\/antonio-justo.eu\/index.php?rest_route=\/wp\/v2\/posts\/6886\/revisions\/6895"}],"wp:attachment":[{"href":"https:\/\/antonio-justo.eu\/index.php?rest_route=%2Fwp%2Fv2%2Fmedia&parent=6886"}],"wp:term":[{"taxonomy":"category","embeddable":true,"href":"https:\/\/antonio-justo.eu\/index.php?rest_route=%2Fwp%2Fv2%2Fcategories&post=6886"},{"taxonomy":"post_tag","embeddable":true,"href":"https:\/\/antonio-justo.eu\/index.php?rest_route=%2Fwp%2Fv2%2Ftags&post=6886"}],"curies":[{"name":"wp","href":"https:\/\/api.w.org\/{rel}","templated":true}]}}