{"id":6868,"date":"2021-11-18T22:42:23","date_gmt":"2021-11-18T21:42:23","guid":{"rendered":"https:\/\/antonio-justo.eu\/?p=6868"},"modified":"2021-11-18T22:42:23","modified_gmt":"2021-11-18T21:42:23","slug":"juventude-optimista-apesar-das-crises","status":"publish","type":"post","link":"https:\/\/antonio-justo.eu\/?p=6868","title":{"rendered":"JUVENTUDE OPTIMISTA APESAR DAS CRISES"},"content":{"rendered":"<div>\n<div class=\"\" dir=\"auto\">\n<div id=\"jsc_c_151\" class=\"ecm0bbzt hv4rvrfc e5nlhep0 dati1w0a\" data-ad-comet-preview=\"message\" data-ad-preview=\"message\">\n<div class=\"j83agx80 cbu4d94t ew0dbk1b irj2b8pg\">\n<div class=\"qzhwtbm6 knvmm38d\">\n<div class=\"kvgmc6g5 cxmmr5t8 oygrvhab hcukyx3x c1et5uql ii04i59q\">\n<div dir=\"auto\"><\/div>\n<\/div>\n<div class=\"o9v6fnle cxmmr5t8 oygrvhab hcukyx3x c1et5uql ii04i59q\">\n<div dir=\"auto\">Um inqu\u00e9rito mundial da Unicef, organizado pelo Fundo das Na\u00e7\u00f5es Unidas para a Inf\u00e2ncia, mostra que os jovens t\u00eam uma vis\u00e3o mais positiva sobre o mundo do que os mais velhos.<\/div>\n<div dir=\"auto\">Em m\u00e9dia, 57% das pessoas de 15 a 24 anos concordaram que o mundo fica melhor em cada gera\u00e7\u00e3o.<\/div>\n<div dir=\"auto\">Este optimismo foi partilhado por apenas 39% das pessoas com mais de 40 anos em todo o mundo.<\/div>\n<div dir=\"auto\">De facto tem de ser assim! A esperan\u00e7a r alenta o mundo e d\u00e1-lhe sustentabilidade!<\/div>\n<\/div>\n<div class=\"o9v6fnle cxmmr5t8 oygrvhab hcukyx3x c1et5uql ii04i59q\">\n<div dir=\"auto\">Coloco em baixo links com dados sobre jovens e crian\u00e7as; as fontes s\u00e3o certamente melhores do que as not\u00edcias que os interpretam!<\/div>\n<div dir=\"auto\">Ant\u00f3nio CD <a class=\"oajrlxb2 g5ia77u1 qu0x051f esr5mh6w e9989ue4 r7d6kgcz rq0escxv nhd2j8a9 nc684nl6 p7hjln8o kvgmc6g5 cxmmr5t8 oygrvhab hcukyx3x jb3vyjys rz4wbd8a qt6c0cv9 a8nywdso i1ao9s8h esuyzwwr f1sip0of lzcic4wl q66pz984 gpro0wi8 b1v8xokw\" tabindex=\"0\" role=\"link\" href=\"https:\/\/www.facebook.com\/antonio.justo.180?__cft__[0]=AZXOxuKJGWoxK92quBmkC4UUFPDUum8xseWpdN0hKZYsi6MSCwGcG38u35emBpvdR7YWF2Eu66K7WOYe6m9mUr2KK4-hC75FvMcfs5IaNPub-tzgvVROk2YvvCgstIih43Y&amp;__tn__=-]K-R\"><span class=\"nc684nl6\">Justo<\/span><\/a><\/div>\n<div dir=\"auto\">Pegadas do Tempo<\/div>\n<\/div>\n<div class=\"o9v6fnle cxmmr5t8 oygrvhab hcukyx3x c1et5uql ii04i59q\">\n<div dir=\"auto\">Relat\u00f3rio em alem\u00e3o: :<a class=\"oajrlxb2 g5ia77u1 qu0x051f esr5mh6w e9989ue4 r7d6kgcz rq0escxv nhd2j8a9 nc684nl6 p7hjln8o kvgmc6g5 cxmmr5t8 oygrvhab hcukyx3x jb3vyjys rz4wbd8a qt6c0cv9 a8nywdso i1ao9s8h esuyzwwr f1sip0of lzcic4wl py34i1dx gpro0wi8\" tabindex=\"0\" role=\"link\" href=\"https:\/\/www.unicef.de\/blob\/239416\/462e83b947aeac752bf817e98d815755\/unicef-information-2021-zum-wohlbefinden-von-kindern-und-jugendlichen-in-deutschland-data.pdf?fbclid=IwAR0LWczF2sW94OdccoZy7fAdZ9dj256R1JbzodbbkU3Hvfd6nLkNbLvKcSs\" target=\"_blank\" rel=\"nofollow noopener\">https:\/\/www.unicef.de\/&#8230;\/unicef-information-2021-zum&#8230;<\/a><\/div>\n<div dir=\"auto\">Informa\u00e7\u00f5es sobre as crian\u00e7as em portugu\u00eas:<\/div>\n<div dir=\"auto\"><a class=\"oajrlxb2 g5ia77u1 qu0x051f esr5mh6w e9989ue4 r7d6kgcz rq0escxv nhd2j8a9 nc684nl6 p7hjln8o kvgmc6g5 cxmmr5t8 oygrvhab hcukyx3x jb3vyjys rz4wbd8a qt6c0cv9 a8nywdso i1ao9s8h esuyzwwr f1sip0of lzcic4wl py34i1dx gpro0wi8\" tabindex=\"0\" role=\"link\" href=\"https:\/\/www.unicef.pt\/media\/3283\/unicef_rac_2020_21mai.pdf?fbclid=IwAR1oNXMcAuEesz9-DFXF4rrScRAwdZD-jOF9FgVu7Ndl4Mg95jpM-34mOi8\" target=\"_blank\" rel=\"nofollow noopener\">https:\/\/www.unicef.pt\/media\/3283\/unicef_rac_2020_21mai.pdf<\/a><\/div>\n<\/div>\n<\/div>\n<\/div>\n<\/div>\n<\/div>\n<\/div>\n","protected":false},"excerpt":{"rendered":"<p>Um inqu\u00e9rito mundial da Unicef, organizado pelo Fundo das Na\u00e7\u00f5es Unidas para a Inf\u00e2ncia, mostra que os jovens t\u00eam uma vis\u00e3o mais positiva sobre o mundo do que os mais velhos. Em m\u00e9dia, 57% das pessoas de 15 a 24 anos concordaram que o mundo fica melhor em cada gera\u00e7\u00e3o. Este optimismo foi partilhado por &hellip; <a href=\"https:\/\/antonio-justo.eu\/?p=6868\" class=\"more-link\">Continuar a ler <span class=\"screen-reader-text\">JUVENTUDE OPTIMISTA APESAR DAS CRISES<\/span><\/a><\/p>\n","protected":false},"author":1,"featured_media":0,"comment_status":"open","ping_status":"open","sticky":false,"template":"","format":"standard","meta":{"sfsi_plus_gutenberg_text_before_share":"","sfsi_plus_gutenberg_show_text_before_share":"","sfsi_plus_gutenberg_icon_type":"","sfsi_plus_gutenberg_icon_alignemt":"","sfsi_plus_gutenburg_max_per_row":"","footnotes":""},"categories":[15,16],"tags":[],"class_list":["post-6868","post","type-post","status-publish","format-standard","hentry","category-cultura","category-sociedade"],"_links":{"self":[{"href":"https:\/\/antonio-justo.eu\/index.php?rest_route=\/wp\/v2\/posts\/6868","targetHints":{"allow":["GET"]}}],"collection":[{"href":"https:\/\/antonio-justo.eu\/index.php?rest_route=\/wp\/v2\/posts"}],"about":[{"href":"https:\/\/antonio-justo.eu\/index.php?rest_route=\/wp\/v2\/types\/post"}],"author":[{"embeddable":true,"href":"https:\/\/antonio-justo.eu\/index.php?rest_route=\/wp\/v2\/users\/1"}],"replies":[{"embeddable":true,"href":"https:\/\/antonio-justo.eu\/index.php?rest_route=%2Fwp%2Fv2%2Fcomments&post=6868"}],"version-history":[{"count":1,"href":"https:\/\/antonio-justo.eu\/index.php?rest_route=\/wp\/v2\/posts\/6868\/revisions"}],"predecessor-version":[{"id":6869,"href":"https:\/\/antonio-justo.eu\/index.php?rest_route=\/wp\/v2\/posts\/6868\/revisions\/6869"}],"wp:attachment":[{"href":"https:\/\/antonio-justo.eu\/index.php?rest_route=%2Fwp%2Fv2%2Fmedia&parent=6868"}],"wp:term":[{"taxonomy":"category","embeddable":true,"href":"https:\/\/antonio-justo.eu\/index.php?rest_route=%2Fwp%2Fv2%2Fcategories&post=6868"},{"taxonomy":"post_tag","embeddable":true,"href":"https:\/\/antonio-justo.eu\/index.php?rest_route=%2Fwp%2Fv2%2Ftags&post=6868"}],"curies":[{"name":"wp","href":"https:\/\/api.w.org\/{rel}","templated":true}]}}