{"id":6845,"date":"2021-11-09T19:45:26","date_gmt":"2021-11-09T18:45:26","guid":{"rendered":"https:\/\/antonio-justo.eu\/?p=6845"},"modified":"2021-11-11T14:35:16","modified_gmt":"2021-11-11T13:35:16","slug":"incendio-no-monte","status":"publish","type":"post","link":"https:\/\/antonio-justo.eu\/?p=6845","title":{"rendered":"INC\u00caNDIO NO \u201cMONTE\u201d!!!"},"content":{"rendered":"<p>Ali para os lados de Lisboa h\u00e1 muita gente a fazer fogueirinhas e a aquecer-se com lenha alheia!<\/p>\n<p>Entre S\u00e3o Bento e o Parque de Monsanto t\u00eam surgido umas fumaradas a perturbar a vista de populares de aqu\u00e9m e al\u00e9m Tejo!<\/p>\n<p>Um inc\u00eandio fora de horas e em estranhas condi\u00e7\u00f5es atmosf\u00e9ricas (1)!&#8230;<\/p>\n<p>N\u00e3o \u00e9 \u00e9poca das fogueirinhas de S\u00e3o Jo\u00e3o nem parece tratar-se de um fogo para indicar o surgir de grande evento (do tal acordo entre as primas \u201cMaria\u201d e \u201cIsabel\u201d para anunciar o nascimento do menino prod\u00edgio!&#8230;)!<\/p>\n<p>Tudo leva a crer que se trata de um ritual pag\u00e3o, num reino de fadas: gente de bem a p\u00f4r achas na fogueira e o povo encantado a pular a fogueira na cren\u00e7a v\u00e3 de que um salto bem-sucedido pode levar a melhor vida!<\/p>\n<p>O mais grave \u00e9 que as fumaradas j\u00e1 s\u00e3o tantas que, de norte a sul, lembram fadas m\u00e1s a impedir a vis\u00e3o e a intoxicar os pulm\u00f5es do povoado!<\/p>\n<p>Para agravar a situa\u00e7\u00e3o ainda surgiu a polui\u00e7\u00e3o ac\u00fastica devida \u00e0 confus\u00e3o e \u00e0s m\u00e1s l\u00ednguas que n\u00e3o param de badalar a esperan\u00e7a de que em vez de se festejar um S\u00e3o Jo\u00e3o se festeje um Santo Ant\u00f3nio!<\/p>\n<p>Afinal, tudo em v\u00e3o!&#8230;<\/p>\n<p>Tudo a acontecer debaixo da combina\u00e7\u00e3o!<\/p>\n<p>Afinal foi fogo posto!<\/p>\n<p>Inc\u00eandio posto pelos bombeiros!&#8230;<\/p>\n<p>O povo pode continuar a ir \u201clavar no rio\u201d e a viver do eterno sonho que se esconde por tr\u00e1s das fumaradas!&#8230;<\/p>\n<p>&nbsp;<\/p>\n<p><strong>Ant\u00f3nio CD Justo<\/strong><\/p>\n<p>Pegadas do Tempo<\/p>\n<p><a href=\"http:\/\/poesiajusto.blogspot.com\/\">http:\/\/poesiajusto.blogspot.com\/<\/a><\/p>\n<p>(1) O Presidente da Rep\u00fablica decidiu dissolver a Assembleia da Rep\u00fablica e convocar elei\u00e7\u00f5es para o dia 30 de janeiro de 2022, ao verificar que o governo de Ant\u00f3nio Costa , depois de este rejeitar a colabora\u00e7\u00e3o da direita, n\u00e3o conseguiu que a esquerda radical se juntasse ao PS para aprova\u00e7\u00e3o do Or\u00e7amento de Estado para 2022: https:\/\/www.rtp.pt\/noticias\/pais\/presidente-da-republica-convoca-eleicoes-antecipadas-para-30-de-janeiro-de-2022_n1360906<\/p>\n","protected":false},"excerpt":{"rendered":"<p>Ali para os lados de Lisboa h\u00e1 muita gente a fazer fogueirinhas e a aquecer-se com lenha alheia! Entre S\u00e3o Bento e o Parque de Monsanto t\u00eam surgido umas fumaradas a perturbar a vista de populares de aqu\u00e9m e al\u00e9m Tejo! Um inc\u00eandio fora de horas e em estranhas condi\u00e7\u00f5es atmosf\u00e9ricas (1)!&#8230; N\u00e3o \u00e9 \u00e9poca &hellip; <a href=\"https:\/\/antonio-justo.eu\/?p=6845\" class=\"more-link\">Continuar a ler <span class=\"screen-reader-text\">INC\u00caNDIO NO \u201cMONTE\u201d!!!<\/span><\/a><\/p>\n","protected":false},"author":1,"featured_media":0,"comment_status":"open","ping_status":"open","sticky":false,"template":"","format":"standard","meta":{"sfsi_plus_gutenberg_text_before_share":"","sfsi_plus_gutenberg_show_text_before_share":"","sfsi_plus_gutenberg_icon_type":"","sfsi_plus_gutenberg_icon_alignemt":"","sfsi_plus_gutenburg_max_per_row":"","footnotes":""},"categories":[3,7,16],"tags":[],"class_list":["post-6845","post","type-post","status-publish","format-standard","hentry","category-arte","category-politica","category-sociedade"],"_links":{"self":[{"href":"https:\/\/antonio-justo.eu\/index.php?rest_route=\/wp\/v2\/posts\/6845","targetHints":{"allow":["GET"]}}],"collection":[{"href":"https:\/\/antonio-justo.eu\/index.php?rest_route=\/wp\/v2\/posts"}],"about":[{"href":"https:\/\/antonio-justo.eu\/index.php?rest_route=\/wp\/v2\/types\/post"}],"author":[{"embeddable":true,"href":"https:\/\/antonio-justo.eu\/index.php?rest_route=\/wp\/v2\/users\/1"}],"replies":[{"embeddable":true,"href":"https:\/\/antonio-justo.eu\/index.php?rest_route=%2Fwp%2Fv2%2Fcomments&post=6845"}],"version-history":[{"count":5,"href":"https:\/\/antonio-justo.eu\/index.php?rest_route=\/wp\/v2\/posts\/6845\/revisions"}],"predecessor-version":[{"id":6853,"href":"https:\/\/antonio-justo.eu\/index.php?rest_route=\/wp\/v2\/posts\/6845\/revisions\/6853"}],"wp:attachment":[{"href":"https:\/\/antonio-justo.eu\/index.php?rest_route=%2Fwp%2Fv2%2Fmedia&parent=6845"}],"wp:term":[{"taxonomy":"category","embeddable":true,"href":"https:\/\/antonio-justo.eu\/index.php?rest_route=%2Fwp%2Fv2%2Fcategories&post=6845"},{"taxonomy":"post_tag","embeddable":true,"href":"https:\/\/antonio-justo.eu\/index.php?rest_route=%2Fwp%2Fv2%2Ftags&post=6845"}],"curies":[{"name":"wp","href":"https:\/\/api.w.org\/{rel}","templated":true}]}}