{"id":6804,"date":"2021-10-27T14:12:56","date_gmt":"2021-10-27T13:12:56","guid":{"rendered":"https:\/\/antonio-justo.eu\/?p=6804"},"modified":"2021-10-28T16:35:20","modified_gmt":"2021-10-28T15:35:20","slug":"consumindo-credito","status":"publish","type":"post","link":"https:\/\/antonio-justo.eu\/?p=6804","title":{"rendered":"PORTUGAL CONSUMINDO CR\u00c9DITO"},"content":{"rendered":"<p><strong>Pol\u00edtica consumista revela-se j\u00e1 ultrapassada e criadora de Depend\u00eancia<\/strong>!<strong>\u00a0<\/strong><\/p>\n<p>Por Ant\u00f3nio Justo<\/p>\n<p><strong>Na Uni\u00e3o Europeia, o cr\u00e9dito fiado, produzido pelas m\u00e1quinas de impress\u00e3o do Banco Central Europeu (BCE gerando dinheiro sem base nem valor real), tem conseguido impedir revolu\u00e7\u00f5es internas nos estados perif\u00e9ricos, como \u00e9 o caso de Portugal! <\/strong><\/p>\n<p><strong>Deste modo \u00e9 sistemicamente impedido tamb\u00e9m o desenvolvimento dos povos perif\u00e9ricos e das regi\u00f5es mais fracas pol\u00edtica e economicamente.<\/strong> Esta pol\u00edtica econ\u00f3mica pretende levar a maior empobrecimento das camadas sociais m\u00e9dia e pobre (chega-lhes manter satisfeitas as suas elites econ\u00f3micas e pol\u00edticas); assim, haver\u00e1 menor consumo, o que ter\u00e1 como efeito perif\u00e9rico a redu\u00e7\u00e3o do carbono \u00a0e a entrada definitiva, da economia atual, na era de uma economia digital!<\/p>\n<p>Esta pol\u00edtica de concentra\u00e7\u00f5es \u00e9 especialmente concebida para satisfazer as elites de povos que, com tais modelos econ\u00f3mico-pol\u00edticos, se sentem servidas e servidoras de quem lhes possibilita afirmar-se local e internacionalmente; nesta din\u00e2mica, povos sem cabe\u00e7a pr\u00f3pria nem vontade pol\u00edtica, s\u00e3o \u00a0condenados a definhar e a tornar-se cativos das pr\u00f3prias elites e a tornar-se factoress de sustentabilidade de depend\u00eancia total das pot\u00eancias mais fortes.<\/p>\n<p>Investir localmente seria a resposta dos pa\u00edses perif\u00e9ricos \u00e0 depress\u00e3o e infla\u00e7\u00e3o econ\u00f3mica que se avista, mas a classe dos novos ricos identifica os seus interesses com um internacionalismo globalista.<\/p>\n<p>Uma economia globalista favorece apenas povos fortes com muitos milh\u00f5es de popula\u00e7\u00e3o (consumidores) e os grandes mercantilistas internacionais que os servem. Os povos das periferias econ\u00f3micas passar\u00e3o a ser cada vez meros sat\u00e9lites de cada vez maiores planetas econ\u00f3micos que tudo sorvem! Agora a \u00c1sia barata produz principalmente para o mundo ocidental! <strong>Em contrapartida especialmente a Uni\u00e3o Europeia importa os futuros trabalhadores (reserva) vindos da \u00c1frica, da Am\u00e9rica Latina e de outras regi\u00f5es pobres. <\/strong><\/p>\n<p>O sistema continuar\u00e1 nos mesmos moldes: o mais forte a rodear-se do mais fraco. S\u00f3 os mais fracos unidos poder\u00e3o condicionar um pouco a \u00f3rbitra dos fortes.<\/p>\n<p>A uni\u00e3o dos mais fracos n\u00e3o resiste por\u00e9m \u00e0 for\u00e7a de atra\u00e7\u00e3o dos grandes corpos; esta \u00e9 a lei dos corpos no universo; tamb\u00e9m na sociedade o corpo e o elemento fazem parte da mesma realidade regida pelas mesmas leis!<\/p>\n<p><strong>Encontramo-nos a caminho de um colapso da economia e de um colapso da cultura humanista!<\/strong><\/p>\n<p><strong>Ant\u00f3nio CD Justo<\/strong><\/p>\n<p>Pegadas do Tempo<\/p>\n","protected":false},"excerpt":{"rendered":"<p>Pol\u00edtica consumista revela-se j\u00e1 ultrapassada e criadora de Depend\u00eancia!\u00a0 Por Ant\u00f3nio Justo Na Uni\u00e3o Europeia, o cr\u00e9dito fiado, produzido pelas m\u00e1quinas de impress\u00e3o do Banco Central Europeu (BCE gerando dinheiro sem base nem valor real), tem conseguido impedir revolu\u00e7\u00f5es internas nos estados perif\u00e9ricos, como \u00e9 o caso de Portugal! Deste modo \u00e9 sistemicamente impedido tamb\u00e9m &hellip; <a href=\"https:\/\/antonio-justo.eu\/?p=6804\" class=\"more-link\">Continuar a ler <span class=\"screen-reader-text\">PORTUGAL CONSUMINDO CR\u00c9DITO<\/span><\/a><\/p>\n","protected":false},"author":1,"featured_media":0,"comment_status":"open","ping_status":"open","sticky":false,"template":"","format":"standard","meta":{"sfsi_plus_gutenberg_text_before_share":"","sfsi_plus_gutenberg_show_text_before_share":"","sfsi_plus_gutenberg_icon_type":"","sfsi_plus_gutenberg_icon_alignemt":"","sfsi_plus_gutenburg_max_per_row":"","footnotes":""},"categories":[3,14,6,7,16],"tags":[],"class_list":["post-6804","post","type-post","status-publish","format-standard","hentry","category-arte","category-economia","category-migracao","category-politica","category-sociedade"],"_links":{"self":[{"href":"https:\/\/antonio-justo.eu\/index.php?rest_route=\/wp\/v2\/posts\/6804","targetHints":{"allow":["GET"]}}],"collection":[{"href":"https:\/\/antonio-justo.eu\/index.php?rest_route=\/wp\/v2\/posts"}],"about":[{"href":"https:\/\/antonio-justo.eu\/index.php?rest_route=\/wp\/v2\/types\/post"}],"author":[{"embeddable":true,"href":"https:\/\/antonio-justo.eu\/index.php?rest_route=\/wp\/v2\/users\/1"}],"replies":[{"embeddable":true,"href":"https:\/\/antonio-justo.eu\/index.php?rest_route=%2Fwp%2Fv2%2Fcomments&post=6804"}],"version-history":[{"count":6,"href":"https:\/\/antonio-justo.eu\/index.php?rest_route=\/wp\/v2\/posts\/6804\/revisions"}],"predecessor-version":[{"id":6810,"href":"https:\/\/antonio-justo.eu\/index.php?rest_route=\/wp\/v2\/posts\/6804\/revisions\/6810"}],"wp:attachment":[{"href":"https:\/\/antonio-justo.eu\/index.php?rest_route=%2Fwp%2Fv2%2Fmedia&parent=6804"}],"wp:term":[{"taxonomy":"category","embeddable":true,"href":"https:\/\/antonio-justo.eu\/index.php?rest_route=%2Fwp%2Fv2%2Fcategories&post=6804"},{"taxonomy":"post_tag","embeddable":true,"href":"https:\/\/antonio-justo.eu\/index.php?rest_route=%2Fwp%2Fv2%2Ftags&post=6804"}],"curies":[{"name":"wp","href":"https:\/\/api.w.org\/{rel}","templated":true}]}}