{"id":6799,"date":"2021-10-22T16:58:14","date_gmt":"2021-10-22T15:58:14","guid":{"rendered":"https:\/\/antonio-justo.eu\/?p=6799"},"modified":"2021-10-22T20:47:23","modified_gmt":"2021-10-22T19:47:23","slug":"criacao-de-uma-forca-de-reaccao-militar-rapida-da-uniao-europeia","status":"publish","type":"post","link":"https:\/\/antonio-justo.eu\/?p=6799","title":{"rendered":"CRIA\u00c7\u00c3O DE UMA FOR\u00c7A DE REAC\u00c7\u00c3O MILITAR R\u00c1PIDA DA UNI\u00c3O EUROPEIA"},"content":{"rendered":"<p><strong>Portugal entre os primeiros na Iniciativa de Forma\u00e7\u00e3o de um Ex\u00e9rcito da EU<\/strong><\/p>\n<p>Na Cimeira da EU desta semana, entre o assunto do pre\u00e7o dos combust\u00edveis e o lit\u00edgio com a Pol\u00f3nia, a Alemanha aproveitou para apresentar uma iniciativa de cria\u00e7\u00e3o de uma tropa de interven\u00e7\u00e3o europeia.<\/p>\n<p>De facto, &#8220;os recentes acontecimentos no Afeganist\u00e3o demonstraram, mais uma vez, que a UE deve ser capaz de &#8230; agir com firmeza e rapidez&#8221;, diz o documento elaborado pela Alemanha, Holanda<strong>, Portugal,<\/strong> Finl\u00e2ndia e Eslov\u00e9nia. Em termos concretos, o conceito prev\u00ea um maior desenvolvimento dos Agrupamentos T\u00e1ticos da UE em for\u00e7as poderosas de resposta armada a crises, para que podem ser destacadas a curto prazo.<\/p>\n<p>A iniciativa alem\u00e3, tamb\u00e9m no sentido de, a longo prazo, se formar um Ex\u00e9rcito da Uni\u00e3o Europeia<strong>,<\/strong> <strong>limita-se, para j\u00e1, a abordagens bi- ou multinacionais<\/strong>. \u00a0Isto porque as diverg\u00eancias pol\u00edticas entre os membros da EU e \u00e0 m\u00e1 coordena\u00e7\u00e3o europeia das for\u00e7as militares n\u00e3o permitem ainda uma coordena\u00e7\u00e3o europeia conjunta das for\u00e7as militares. Este \u00e9 um impulso para a forma\u00e7\u00e3o de uma for\u00e7a de interven\u00e7\u00e3o coordenado agora pelos cinco pa\u00edses.<\/p>\n<p>Agora, que os EUA se est\u00e3o a retirar do seu papel de pol\u00edcia mundial, a Europa sente-se obrigada a cuidar da sua pr\u00f3pria seguran\u00e7a e estrat\u00e9gia geopol\u00edtica.<\/p>\n<p><strong>Ant\u00f3nio CD Justo<\/strong><\/p>\n<p>Pegadas do Tempo<\/p>\n","protected":false},"excerpt":{"rendered":"<p>Portugal entre os primeiros na Iniciativa de Forma\u00e7\u00e3o de um Ex\u00e9rcito da EU Na Cimeira da EU desta semana, entre o assunto do pre\u00e7o dos combust\u00edveis e o lit\u00edgio com a Pol\u00f3nia, a Alemanha aproveitou para apresentar uma iniciativa de cria\u00e7\u00e3o de uma tropa de interven\u00e7\u00e3o europeia. De facto, &#8220;os recentes acontecimentos no Afeganist\u00e3o demonstraram, &hellip; <a href=\"https:\/\/antonio-justo.eu\/?p=6799\" class=\"more-link\">Continuar a ler <span class=\"screen-reader-text\">CRIA\u00c7\u00c3O DE UMA FOR\u00c7A DE REAC\u00c7\u00c3O MILITAR R\u00c1PIDA DA UNI\u00c3O EUROPEIA<\/span><\/a><\/p>\n","protected":false},"author":1,"featured_media":0,"comment_status":"open","ping_status":"open","sticky":false,"template":"","format":"standard","meta":{"sfsi_plus_gutenberg_text_before_share":"","sfsi_plus_gutenberg_show_text_before_share":"","sfsi_plus_gutenberg_icon_type":"","sfsi_plus_gutenberg_icon_alignemt":"","sfsi_plus_gutenburg_max_per_row":"","footnotes":""},"categories":[15,14,7,16],"tags":[],"class_list":["post-6799","post","type-post","status-publish","format-standard","hentry","category-cultura","category-economia","category-politica","category-sociedade"],"_links":{"self":[{"href":"https:\/\/antonio-justo.eu\/index.php?rest_route=\/wp\/v2\/posts\/6799","targetHints":{"allow":["GET"]}}],"collection":[{"href":"https:\/\/antonio-justo.eu\/index.php?rest_route=\/wp\/v2\/posts"}],"about":[{"href":"https:\/\/antonio-justo.eu\/index.php?rest_route=\/wp\/v2\/types\/post"}],"author":[{"embeddable":true,"href":"https:\/\/antonio-justo.eu\/index.php?rest_route=\/wp\/v2\/users\/1"}],"replies":[{"embeddable":true,"href":"https:\/\/antonio-justo.eu\/index.php?rest_route=%2Fwp%2Fv2%2Fcomments&post=6799"}],"version-history":[{"count":2,"href":"https:\/\/antonio-justo.eu\/index.php?rest_route=\/wp\/v2\/posts\/6799\/revisions"}],"predecessor-version":[{"id":6801,"href":"https:\/\/antonio-justo.eu\/index.php?rest_route=\/wp\/v2\/posts\/6799\/revisions\/6801"}],"wp:attachment":[{"href":"https:\/\/antonio-justo.eu\/index.php?rest_route=%2Fwp%2Fv2%2Fmedia&parent=6799"}],"wp:term":[{"taxonomy":"category","embeddable":true,"href":"https:\/\/antonio-justo.eu\/index.php?rest_route=%2Fwp%2Fv2%2Fcategories&post=6799"},{"taxonomy":"post_tag","embeddable":true,"href":"https:\/\/antonio-justo.eu\/index.php?rest_route=%2Fwp%2Fv2%2Ftags&post=6799"}],"curies":[{"name":"wp","href":"https:\/\/api.w.org\/{rel}","templated":true}]}}