{"id":6608,"date":"2021-06-27T18:15:34","date_gmt":"2021-06-27T17:15:34","guid":{"rendered":"https:\/\/antonio-justo.eu\/?p=6608"},"modified":"2021-06-29T18:51:20","modified_gmt":"2021-06-29T17:51:20","slug":"a-alemanha-troca-nos-as-voltas-com-o-sars-cov-2","status":"publish","type":"post","link":"https:\/\/antonio-justo.eu\/?p=6608","title":{"rendered":"NA MONTANHA RUSSA DA PANDEMIA A ALEMANHA TROCA-NOS AS VOLTAS"},"content":{"rendered":"<h3 style=\"text-align: center;\"><strong>Afinal, onde nos encontramos?<\/strong><\/h3>\n<p>A Alemanha, ao colocar Portugal na \u201clista vermelha\u201d obriga os portugueses residentes a alterar os seus planos de f\u00e9rias. Tamb\u00e9m muitos turistas alem\u00e3es, ao verem Portugal qualificado de zona da variante-v\u00edrus, apressam-se a regressar a casa para evitarem a quarentena ao entrar na Alemanha.<\/p>\n<p>O n\u00famero de pacientes Covid aumentou encontrando-se 116 deles em cuidados intensivos. <strong>&#8220;Preocupantemente, \u00e9 a situa\u00e7\u00e3o em Lisboa. Dois ter\u00e7os de todas as infec\u00e7\u00f5es nacionais s\u00e3o registadas em Lisboa &#8211; embora apenas 27% dos 10,3 milh\u00f5es de portugueses a\u00ed vivam. A variante delta j\u00e1 \u00e9 respons\u00e1vel por mais de 70% em Lisboa<\/strong> (HNA, 29.06.2021).<\/p>\n<p><strong>As consequ\u00eancias, tamb\u00e9m para os emigrantes, s\u00e3o desastrosas: descr\u00e9dito, casamentos desmarcados, f\u00e9rias anuladas, fam\u00edlias n\u00e3o encontradas, desmarca\u00e7\u00f5es de muit\u00edssimos turistas, etc.\u00a0<\/strong><\/p>\n<p><strong>A vacina\u00e7\u00e3o e os testes negativos passam a n\u00e3o valer nada? <\/strong>Por um lado, uns a proibir de entrar em Portugal e outros a recomendar que os portugueses v\u00e3o em magote at\u00e9 Sevilha para apoiar a equipa! Afinal, onde nos encontramos? <strong>A pol\u00edtica contradiz-se: por um lado toda a gente \u00e9 aconselhada a tomar a vacina e, por outro, quem tomou a vacina ou tenha teste negativo, tem de entrar em quarentena de 14 dias, ao regressar de Portugal!<\/strong><\/p>\n<p><strong>Porqu\u00ea tanta confus\u00e3o e a quem servem as incongru\u00eancias?<\/strong><\/p>\n<p>O descr\u00e9dito cada vez se espalha mais e isto parece servir os interesses de poderes an\u00f3nimos; doutro modo a raz\u00e3o come\u00e7a a n\u00e3o chegar para explicar as contradi\u00e7\u00f5es que se somam nas medidas que se tomam em rela\u00e7\u00e3o ao SARS-CoV-2 e suas variantes.<\/p>\n<p><strong>De quem \u00e9 a culpa?<\/strong><\/p>\n<p><strong>A &#8220;culpa morreu solteira&#8221; e o seu cad\u00e1ver flutua nos leitos dos rios, mas cada rio procura sentir o fedor nas margens dos outros. <\/strong><\/p>\n<p><strong>\u00c9 verdade que falta de responsabilidade n\u00e3o falta, mas, como tudo \u00e9 virgem, ningu\u00e9m a assume! O Primeiro Ministro portugu\u00eas apenas constatou: \u201cNem tudo correu bem\u201d.<\/strong><\/p>\n<p>A situa\u00e7\u00e3o geral \u00e9 realmente complicada e triste, mas mais que culpabilizar h\u00e1 que cada um assumir a responsabilidade no que toca ao seu \u00e2mbito, sem apontar o dedo para os outros.<\/p>\n<p>J\u00e1 vai sendo tempo de tratar da sa\u00fade \u00e0 pandemia! Doutro modo, a pandemia n\u00e3o nos deixa sair da montanha-russa.<\/p>\n<p><strong>Ant\u00f3nio CD Justo<\/strong><\/p>\n<p>Pegadas do Tempo<\/p>\n<p>&nbsp;<\/p>\n<p>&nbsp;<\/p>\n","protected":false},"excerpt":{"rendered":"<p>Afinal, onde nos encontramos? A Alemanha, ao colocar Portugal na \u201clista vermelha\u201d obriga os portugueses residentes a alterar os seus planos de f\u00e9rias. Tamb\u00e9m muitos turistas alem\u00e3es, ao verem Portugal qualificado de zona da variante-v\u00edrus, apressam-se a regressar a casa para evitarem a quarentena ao entrar na Alemanha. O n\u00famero de pacientes Covid aumentou encontrando-se &hellip; <a href=\"https:\/\/antonio-justo.eu\/?p=6608\" class=\"more-link\">Continuar a ler <span class=\"screen-reader-text\">NA MONTANHA RUSSA DA PANDEMIA A ALEMANHA TROCA-NOS AS VOLTAS<\/span><\/a><\/p>\n","protected":false},"author":1,"featured_media":0,"comment_status":"open","ping_status":"open","sticky":false,"template":"","format":"standard","meta":{"sfsi_plus_gutenberg_text_before_share":"","sfsi_plus_gutenberg_show_text_before_share":"","sfsi_plus_gutenberg_icon_type":"","sfsi_plus_gutenberg_icon_alignemt":"","sfsi_plus_gutenburg_max_per_row":"","footnotes":""},"categories":[15,6,7,16],"tags":[],"class_list":["post-6608","post","type-post","status-publish","format-standard","hentry","category-cultura","category-migracao","category-politica","category-sociedade"],"_links":{"self":[{"href":"https:\/\/antonio-justo.eu\/index.php?rest_route=\/wp\/v2\/posts\/6608","targetHints":{"allow":["GET"]}}],"collection":[{"href":"https:\/\/antonio-justo.eu\/index.php?rest_route=\/wp\/v2\/posts"}],"about":[{"href":"https:\/\/antonio-justo.eu\/index.php?rest_route=\/wp\/v2\/types\/post"}],"author":[{"embeddable":true,"href":"https:\/\/antonio-justo.eu\/index.php?rest_route=\/wp\/v2\/users\/1"}],"replies":[{"embeddable":true,"href":"https:\/\/antonio-justo.eu\/index.php?rest_route=%2Fwp%2Fv2%2Fcomments&post=6608"}],"version-history":[{"count":9,"href":"https:\/\/antonio-justo.eu\/index.php?rest_route=\/wp\/v2\/posts\/6608\/revisions"}],"predecessor-version":[{"id":6617,"href":"https:\/\/antonio-justo.eu\/index.php?rest_route=\/wp\/v2\/posts\/6608\/revisions\/6617"}],"wp:attachment":[{"href":"https:\/\/antonio-justo.eu\/index.php?rest_route=%2Fwp%2Fv2%2Fmedia&parent=6608"}],"wp:term":[{"taxonomy":"category","embeddable":true,"href":"https:\/\/antonio-justo.eu\/index.php?rest_route=%2Fwp%2Fv2%2Fcategories&post=6608"},{"taxonomy":"post_tag","embeddable":true,"href":"https:\/\/antonio-justo.eu\/index.php?rest_route=%2Fwp%2Fv2%2Ftags&post=6608"}],"curies":[{"name":"wp","href":"https:\/\/api.w.org\/{rel}","templated":true}]}}