{"id":6540,"date":"2021-06-03T11:37:09","date_gmt":"2021-06-03T10:37:09","guid":{"rendered":"https:\/\/antonio-justo.eu\/?p=6540"},"modified":"2021-06-06T11:01:32","modified_gmt":"2021-06-06T10:01:32","slug":"o-conflito-entre-israel-e-palestinenses-expressa-a-relacao-entre-o-mundo-ocidental-e-o-mundo-arabe-islao","status":"publish","type":"post","link":"https:\/\/antonio-justo.eu\/?p=6540","title":{"rendered":"O CONFLITO ENTRE ISRAEL E PALESTINENSES EXPRESSA EM EXTREMO A RELA\u00c7\u00c3O ENTRE O MUNDO OCIDENTAL E O MUNDO \u00c1RABE"},"content":{"rendered":"<p style=\"text-align: center;\"><strong>O conflito intercultural que mascara a inimizade milen\u00e1ria herdada<\/strong><\/p>\n<p><strong>Ant\u00f3nio Justo<\/strong><\/p>\n<p><strong>O Hamas (grupo armado palestinense), come\u00e7ou a luta contra Israel, lan\u00e7ando 3.150 m\u00edsseis sobre Israel; 460 deles n\u00e3o atingiram Israel caindo na Faixa de Gaza.<\/strong>\u00a0 Deste modo torna-se mais dif\u00edcil apurar responsabilidades pelos mortos e estragos nesta zona. Certo fica apenas que o terror mata israelitas e palestinianos (1).<\/p>\n<p><strong>Segundo o Minist\u00e9rio da Sa\u00fade,<\/strong> <strong>em Gaza foram mortas 198 pessoas, 1.300 feridas e, al\u00e9m da grande devasta\u00e7\u00e3o, houve 42.000 palestinenses da Faixa de Gaza que fugiram de suas casas. Israel destruiu 150 km do sistema de t\u00faneis palestinenses e outros locais e instala\u00e7\u00f5es de produ\u00e7\u00e3o de raquetes e m\u00edsseis.\u00a0 Do lado israelita houve 13 mortos, centenas de feridos e muita devasta\u00e7\u00e3o. <\/strong><\/p>\n<p>Estranhamente, os media internacionais mostraram, sobretudo, os mortos e os pr\u00e9dios destru\u00eddos por Israel em Gaza e ignoram os mortos e os estragos feitos pelos m\u00edsseis do Hamas.<\/p>\n<p>As redes sociais continuam a implementar a tradicional m\u00e1 vontade contra os Judeus (2). Por\u00e9m, nem o cultivo da guerrilha isl\u00e2mica nem a afirma\u00e7\u00e3o de um culto de v\u00edtima por parte do juda\u00edsmo favorecem a paz!<\/p>\n<p>O embaixador israelita em Portugal afirmou no P\u00fablico (21.05.2021):\u201d<strong> infelizmente, a esquerda radical europeia transformou-se na leal companheira do Isl\u00e3o radical\u2026 A coliga\u00e7\u00e3o verde e vermelha, que det\u00e9m uma influ\u00eancia real nos media, promove a agenda de elementos radicais islamitas na Europa e faz perigar todas as funda\u00e7\u00f5es das sociedades livres.\u201d<\/strong><\/p>\n<p>Na Alemanha, o antissemitismo aumenta de forma violenta. Por vezes tem-se a impress\u00e3o que a pra\u00e7a p\u00fablica se torna em palco onde se procuram motivos para odiar. \u00c9 um facto injusto que o Estado de Israel ocupe territ\u00f3rios conquistados que ao abrigo do direito internacional n\u00e3o lhe pertencem. Atendendo, por\u00e9m, \u00e0 rela\u00e7\u00e3o de conflito hostil entre as partes, territ\u00f3rios ocupados, como os Montes Golan (S\u00edria), s\u00e3o os postos avan\u00e7ados da defesa estrat\u00e9gica da exist\u00eancia do Estado de Israel. <strong>De recordar que 9 milh\u00f5es de habitantes de Israel se encontram rodeados de 300 milh\u00f5es de \u00e1rabes.<\/strong><\/p>\n<p><strong>Donde vem o perigo? <\/strong><\/p>\n<p>Por todo o lado est\u00e1 presente o terrorismo isl\u00e2mico ou a sua press\u00e3o. <strong>A grande amea\u00e7a \u00e0 paz n\u00e3o ser\u00e1 Israel, mas sim o Hamas na Palestina, a ISIS isl\u00e2mica na S\u00edria, o Hezbollah no L\u00edbano; a Irmandade isl\u00e2mica no Egipto, o Boko Haram e ramifica\u00e7\u00f5es do Alcaida em outras zonas de \u00c1frica e a press\u00e3o islamista na Europa.<\/strong><\/p>\n<p>O conflito n\u00e3o ter\u00e1 solu\u00e7\u00e3o, devido aos interesses estrat\u00e9gicos das pot\u00eancias internacionais e ao antagonismo entre xiitas e sunitas e \u00e0 alian\u00e7a da esquerda internacional com os movimentos revolucion\u00e1rios e terroristas mu\u00e7ulmanos. No terreno confrontam-se tamb\u00e9m, de um lado, os interesses \u00e1rabes e, do outro, o terrorismo Jihad isl\u00e2mico patrocinado especialmente pelo Ir\u00e3o e Turquia, povos n\u00e3o \u00e1rabes. O conflito pol\u00edtico-cultural entre Judeus e \u00e1rabes toma a agravante islamista que alarga a inimizade a povos n\u00e3o \u00e1rabes.<\/p>\n<p><strong>Curiosamente, \u201cnem um s\u00f3 governo \u00e1rabe condenou unilateralmente Israel\u201d (HNA 22.05.2021).<\/strong><\/p>\n<p>Hamas \u00e9 uma organiza\u00e7\u00e3o terrorista que, \u201cem 2007, tomou o poder em Gaza por golpe militar, assassinando os seus irm\u00e3os da fac\u00e7\u00e3o Fatah, da Autoridade Palestiniana\u201d. <strong>A Carta do Hamas (artigo 13) \u00e9 expl\u00edcita:\u201d &#8230; solu\u00e7\u00f5es pac\u00edficas&#8230;est\u00e3o em contradi\u00e7\u00e3o com os princ\u00edpios do movimento da resist\u00eancia isl\u00e2mica&#8230; N\u00e3o h\u00e1 solu\u00e7\u00e3o&#8230; excepto atrav\u00e9s da jihad&#8221; (Jihad = Guerra Santa: a l<span class=\"VIiyi\" lang=\"pt\"><span class=\"JLqJ4b ChMk0b\" data-language-for-alternatives=\"pt\" data-language-to-translate-into=\"de\" data-phrase-index=\"0\">uta dos mu\u00e7ulmanos para defender e difundir o Isl\u00e3o).<\/span><\/span><br \/>\n<\/strong><\/p>\n<p><strong>Com esta atitude e posi\u00e7\u00e3o, a causa dos palestinenses que deveria ser tomada mais a s\u00e9rio, s\u00f3 perde, mantendo-se d\u00fabia enquanto continuar a ser conduzida por uma organiza\u00e7\u00e3o terrorista que deste modo justifica at\u00e9 comportamentos injustific\u00e1veis por parte de Israel!<\/strong><\/p>\n<p>Perante isto, Golda Meir constatava: \u201cse os palestinianos desistirem da guerra, a guerra acaba, se os israelitas pousarem as armas, Israel desaparece do mapa\u2026 A paz s\u00f3 vir\u00e1 quando os \u00e1rabes amarem os seus filhos mais do que odeiam os nossos\u201d. Hamas \u00e9 internacionalmente tida como uma organiza\u00e7\u00e3o terrorista fascista que reproduz as pol\u00edticas do Ir\u00e3o contra Israel. \u00c0 sombra de tudo isto vive a ind\u00fastria da guerra e os \u201ccapit\u00e3es\u201d civis \u00e0 frente de um povo que querem transformado em suas \u201cbrigadas\u201d ; assim o terrorismo vai vivendo \u00e0 custa de conflitos.<\/p>\n<p><strong>O cessar-fogo<\/strong><\/p>\n<p>O acordo do cessar-fogo deveu-se \u00e0s fortes perdas sofridas pelo Hamas. Israel tem um armamento sofisticado e conduz, uma guerra assim\u00e9trica contra advers\u00e1rios que usam civis como escudos; por seu lado, Israel\u00a0 planeia os ataques de maneira, possivelmente, a n\u00e3o destruir mesquitas, hospitais, escolas e lares porque infringiria a lei marcial internacional e geralmente avisa antes de bombardear casas que alberguem armamento, para que a popula\u00e7\u00e3o se proteja (3).<\/p>\n<p><strong>O Conflito \u00e9 intercultural<\/strong><\/p>\n<p><strong>O Conflito intercultural entre a cultura ocidental e a cultura mu\u00e7ulmana ganha express\u00e3o simb\u00f3lica no choque entre israelitas e palestinenses. Tem-se a impress\u00e3o que as for\u00e7as isl\u00e2micas, apoiadas sobretudo pela esquerda internacional e grupos isl\u00e2micos do Ocidente, v\u00e3o ganhando terreno e adiando a hist\u00f3ria de povos na esperan\u00e7a que chegue o seu momento para estabelecerem um Estado policial. <\/strong><\/p>\n<p>O sistema tribal da guerrilha, como se observa especialmente em \u00c1frica, parece querer transformar-se no meio de combate mais apropriado para minar sociedades contempor\u00e2neas. Sociedades, em que a coloniza\u00e7\u00e3o hist\u00f3rica interna n\u00e3o se realizara ou fora impedida, est\u00e3o hoje mais votadas \u00e0 viol\u00eancia interna, tamb\u00e9m pelo facto de a \u201ccoloniza\u00e7\u00e3o\u201d externa (interesses econ\u00f3micos e de estrat\u00e9gica pol\u00edtica de pot\u00eancias estrangeiras) operar como factor desestabilizador apoiando grupos internos rivais (lutas pela hegemonia entre tribos ou grupos regionais)!<\/p>\n<p>Israel j\u00e1 ofereceu por mais de dez vezes a cria\u00e7\u00e3o de um Estado Palestino, contudo a lideran\u00e7a palestina, fiel ao seu programa, disse sempre que n\u00e3o.<\/p>\n<p>Apesar da situa\u00e7\u00e3o ser muito complexa, redes sociais e, muitos activistas solidarizam-se unilateralmente com a \u2018ditadura\u2019\/ \u2018terrorismo\u2019 \/\u2019resist\u00eancia\u2019 do Hamas; isto causa estranheza tendo em conta que Israel \u00e9 um pa\u00eds democrata e como tal aberto ao di\u00e1logo. Existe sofrimento e injusti\u00e7a de ambos os lados.<\/p>\n<p>A quest\u00e3o palestinense \u00e9 demasiado complexa para poder ser reduzida a um pr\u00f3 ou a um contra uma das partes do conflito. Existem muitas perguntas que n\u00e3o podem resumir-se a uma s\u00f3 posi\u00e7\u00e3o. Factos complexos tornam-se irreconhec\u00edveis. Duas coisas est\u00e3o em jogo: os interesses de Israel e os interesses do Isl\u00e3o.<\/p>\n<p>O caminho para a paz teria que come\u00e7ar por pacificar as ideologias pol\u00edticas e religiosas doutro modo continuaremos, de um lado e do outro, a ser promotores de guerra e n\u00e3o de paz.<\/p>\n<p><strong>Ant\u00f3nio CD Justo<\/strong><\/p>\n<p>Pegadas do Tempo<\/p>\n<p>&nbsp;<\/p>\n<ul>\n<li>(1) https:\/\/www.dw.com\/de\/israel-schon-3150-raketen-aus-gaza-abgefeuert\/a-57550700 relata que os grupos militantes do Hamas isl\u00e2mico radical em Gaza t\u00eam pelo menos 13.000 m\u00edsseis. Os ataques de retalia\u00e7\u00e3o de Israel na Cidade de Gaza destru\u00edram ruas, casas e campos de treino e edif\u00edcios do Hamas.<\/li>\n<li>(2) Uma certa arabofilia que ter\u00e1 ra\u00edzes num medo internalizado pelo povo europeu devido \u00e0 amea\u00e7a mu\u00e7ulmana e \u00e0 escraviza\u00e7\u00e3o de mais de um milh\u00e3o de homens, mulheres e crian\u00e7as pelos mu\u00e7ulmanos do norte de \u00c1frica com a sua pirataria costeira e incurs\u00f5es entre 1530 e 1780 (2) na europa.<\/li>\n<li>(3) Dos 9 milh\u00f5es de israelitas, dois milh\u00f5es s\u00e3o de origem \u00e1rabe e t\u00eam os mesmos direitos dos judeus, votando, ocupando cadeiras no Parlamento, na Suprema Corte, altos postos no ex\u00e9rcito\u2026\u201d Neste conflito, \u201cos principais apoiantes das organiza\u00e7\u00f5es terroristas isl\u00e2micas radicais n\u00e3o s\u00e3o \u00e1rabes, mas sim a Turquia e o Ir\u00e3o: os Mullahs est\u00e3o prontos a lutar at\u00e9 \u00e0 \u00faltima e confiam na constru\u00e7\u00e3o da bomba at\u00f3mica numa tentativa de assumirem a hegemonia na regi\u00e3o.<\/li>\n<\/ul>\n<p>&nbsp;<\/p>\n<p>&nbsp;<\/p>\n","protected":false},"excerpt":{"rendered":"<p>O conflito intercultural que mascara a inimizade milen\u00e1ria herdada Ant\u00f3nio Justo O Hamas (grupo armado palestinense), come\u00e7ou a luta contra Israel, lan\u00e7ando 3.150 m\u00edsseis sobre Israel; 460 deles n\u00e3o atingiram Israel caindo na Faixa de Gaza.\u00a0 Deste modo torna-se mais dif\u00edcil apurar responsabilidades pelos mortos e estragos nesta zona. Certo fica apenas que o terror &hellip; <a href=\"https:\/\/antonio-justo.eu\/?p=6540\" class=\"more-link\">Continuar a ler <span class=\"screen-reader-text\">O CONFLITO ENTRE ISRAEL E PALESTINENSES EXPRESSA EM EXTREMO A RELA\u00c7\u00c3O ENTRE O MUNDO OCIDENTAL E O MUNDO \u00c1RABE<\/span><\/a><\/p>\n","protected":false},"author":1,"featured_media":0,"comment_status":"open","ping_status":"open","sticky":false,"template":"","format":"standard","meta":{"sfsi_plus_gutenberg_text_before_share":"","sfsi_plus_gutenberg_show_text_before_share":"","sfsi_plus_gutenberg_icon_type":"","sfsi_plus_gutenberg_icon_alignemt":"","sfsi_plus_gutenburg_max_per_row":"","footnotes":""},"categories":[15,14,7,8],"tags":[],"class_list":["post-6540","post","type-post","status-publish","format-standard","hentry","category-cultura","category-economia","category-politica","category-religiao"],"_links":{"self":[{"href":"https:\/\/antonio-justo.eu\/index.php?rest_route=\/wp\/v2\/posts\/6540","targetHints":{"allow":["GET"]}}],"collection":[{"href":"https:\/\/antonio-justo.eu\/index.php?rest_route=\/wp\/v2\/posts"}],"about":[{"href":"https:\/\/antonio-justo.eu\/index.php?rest_route=\/wp\/v2\/types\/post"}],"author":[{"embeddable":true,"href":"https:\/\/antonio-justo.eu\/index.php?rest_route=\/wp\/v2\/users\/1"}],"replies":[{"embeddable":true,"href":"https:\/\/antonio-justo.eu\/index.php?rest_route=%2Fwp%2Fv2%2Fcomments&post=6540"}],"version-history":[{"count":8,"href":"https:\/\/antonio-justo.eu\/index.php?rest_route=\/wp\/v2\/posts\/6540\/revisions"}],"predecessor-version":[{"id":6550,"href":"https:\/\/antonio-justo.eu\/index.php?rest_route=\/wp\/v2\/posts\/6540\/revisions\/6550"}],"wp:attachment":[{"href":"https:\/\/antonio-justo.eu\/index.php?rest_route=%2Fwp%2Fv2%2Fmedia&parent=6540"}],"wp:term":[{"taxonomy":"category","embeddable":true,"href":"https:\/\/antonio-justo.eu\/index.php?rest_route=%2Fwp%2Fv2%2Fcategories&post=6540"},{"taxonomy":"post_tag","embeddable":true,"href":"https:\/\/antonio-justo.eu\/index.php?rest_route=%2Fwp%2Fv2%2Ftags&post=6540"}],"curies":[{"name":"wp","href":"https:\/\/api.w.org\/{rel}","templated":true}]}}