{"id":6526,"date":"2021-05-29T17:10:25","date_gmt":"2021-05-29T16:10:25","guid":{"rendered":"https:\/\/antonio-justo.eu\/?p=6526"},"modified":"2021-05-29T21:20:20","modified_gmt":"2021-05-29T20:20:20","slug":"reflexao-sobre-a-fsta-da-santissima-trindade","status":"publish","type":"post","link":"https:\/\/antonio-justo.eu\/?p=6526","title":{"rendered":"REFLEX\u00c3O SOBRE A FESTA DA SANT\u00cdSSIMA TRINDADE"},"content":{"rendered":"<p>Ant\u00f3nio Justo<\/p>\n<p>A cristandade, a seguir \u00e0 celebra\u00e7\u00e3o do Pentecostes, comemora a festa da sant\u00edssima Trindade.<\/p>\n<p>&#8220;Deus uno e trino&#8221;; esta \u00e9 a f\u00f3rmula curta que resume a ideia central da teologia crist\u00e3: Deus Pai, o Criador de toda a realidade, o Esp\u00edrito Santo, a energia divina que age em cada ser humano e na natureza e o Filho de Deus, Jesus Cristo no encontro com a pessoa e com a humanidade (1).<\/p>\n<p>Deus, na sant\u00edssima Trindade, revela-se como um Deus da rela\u00e7\u00e3o e em rela\u00e7\u00e3o. Deus vai-se revelando a cada um e na hist\u00f3ria dos seus povos e os povos, nesta revela\u00e7\u00e3o e descoberta, v\u00e3o-se descobrindo e definindo a si mesmos.<\/p>\n<p>Deus ganha rosto em Jesus Cristo (2) \u2026<\/p>\n<p>A vis\u00e3o da trindade na sua pluralidade (comunidade) impede-nos de sermos tentados a tornar a &#8220;experi\u00eancia de Deus&#8221; individual como absoluta. Deus n\u00e3o se deixa definir no intelecto nem no sentimento! \u00a0Deus permanece sempre o mist\u00e9rio acima da nossa imagina\u00e7\u00e3o, o mist\u00e9rio que em n\u00f3s e fora de n\u00f3s chama a desenvolvermo-nos (a n\u00edvel individual e de comunidade) e a orientarmo-nos \u00e0 maneira do que fazem os vegetais e as florestas que crescem e medram por se sentirem chamados pelo sol.<\/p>\n<p>Em termos de F\u00e9, Jesus n\u00e3o se deixa reduzir a uma imagem de uma figura hist\u00f3rica; ele torna-se no rosto de cada pessoa que o encontra; com ele somos irm\u00e3os e filhos do mesmo pai.<\/p>\n<p><strong>Ant\u00f3nio CD Justo<\/strong><\/p>\n<p>Pegadas do Tempo<\/p>\n<p>&nbsp;<\/p>\n<ul>\n<li>(1) O paleont\u00f3logo, antrop\u00f3logo e fil\u00f3sofo Teilhard de Chardin fala tamb\u00e9m do Cristo c\u00f3smico. \u201cEle viu a cria\u00e7\u00e3o divina, o cosmos, como um processo evolutivo, no decurso do qual mat\u00e9ria e esp\u00edrito se confrontariam desde o in\u00edcio como dois estados da \u00fanica &#8220;mat\u00e9ria do mundo&#8221; numa rela\u00e7\u00e3o rec\u00edproca, a fim de finalmente alcan\u00e7arem a identidade no ponto \u00f3mega, no qual a mat\u00e9ria no homem se torna consciente de si mesma.\u201d<\/li>\n<li>(2) Animais e plantas &#8211; Deus tamb\u00e9m est\u00e1 nos animais: <a href=\"https:\/\/www.triplov.com\/letras\/Antonio-Justo\/2009\/Animais-e-plantas.htm\">https:\/\/www.triplov.com\/letras\/Antonio-Justo\/2009\/Animais-e-plantas.htm<\/a> ; Pentecostes: <a href=\"https:\/\/abemdanacao.blogs.sapo.pt\/pentecostes-e-o-tempo-alto-da-1640805\">https:\/\/abemdanacao.blogs.sapo.pt\/pentecostes-e-o-tempo-alto-da-1640805<\/a> Tempo privilegiado: <a href=\"https:\/\/lifestyle.sapo.pt\/astral\/espiritualidade\/artigos\/espiritualidade-religiosa-e-secular\">https:\/\/lifestyle.sapo.pt\/astral\/espiritualidade\/artigos\/espiritualidade-religiosa-e-secular<\/a><\/li>\n<\/ul>\n<p>&nbsp;<\/p>\n","protected":false},"excerpt":{"rendered":"<p>Ant\u00f3nio Justo A cristandade, a seguir \u00e0 celebra\u00e7\u00e3o do Pentecostes, comemora a festa da sant\u00edssima Trindade. &#8220;Deus uno e trino&#8221;; esta \u00e9 a f\u00f3rmula curta que resume a ideia central da teologia crist\u00e3: Deus Pai, o Criador de toda a realidade, o Esp\u00edrito Santo, a energia divina que age em cada ser humano e na &hellip; <a href=\"https:\/\/antonio-justo.eu\/?p=6526\" class=\"more-link\">Continuar a ler <span class=\"screen-reader-text\">REFLEX\u00c3O SOBRE A FESTA DA SANT\u00cdSSIMA TRINDADE<\/span><\/a><\/p>\n","protected":false},"author":1,"featured_media":0,"comment_status":"open","ping_status":"open","sticky":false,"template":"","format":"standard","meta":{"sfsi_plus_gutenberg_text_before_share":"","sfsi_plus_gutenberg_show_text_before_share":"","sfsi_plus_gutenberg_icon_type":"","sfsi_plus_gutenberg_icon_alignemt":"","sfsi_plus_gutenburg_max_per_row":"","footnotes":""},"categories":[15,4,8,16],"tags":[],"class_list":["post-6526","post","type-post","status-publish","format-standard","hentry","category-cultura","category-educacao","category-religiao","category-sociedade"],"_links":{"self":[{"href":"https:\/\/antonio-justo.eu\/index.php?rest_route=\/wp\/v2\/posts\/6526","targetHints":{"allow":["GET"]}}],"collection":[{"href":"https:\/\/antonio-justo.eu\/index.php?rest_route=\/wp\/v2\/posts"}],"about":[{"href":"https:\/\/antonio-justo.eu\/index.php?rest_route=\/wp\/v2\/types\/post"}],"author":[{"embeddable":true,"href":"https:\/\/antonio-justo.eu\/index.php?rest_route=\/wp\/v2\/users\/1"}],"replies":[{"embeddable":true,"href":"https:\/\/antonio-justo.eu\/index.php?rest_route=%2Fwp%2Fv2%2Fcomments&post=6526"}],"version-history":[{"count":2,"href":"https:\/\/antonio-justo.eu\/index.php?rest_route=\/wp\/v2\/posts\/6526\/revisions"}],"predecessor-version":[{"id":6530,"href":"https:\/\/antonio-justo.eu\/index.php?rest_route=\/wp\/v2\/posts\/6526\/revisions\/6530"}],"wp:attachment":[{"href":"https:\/\/antonio-justo.eu\/index.php?rest_route=%2Fwp%2Fv2%2Fmedia&parent=6526"}],"wp:term":[{"taxonomy":"category","embeddable":true,"href":"https:\/\/antonio-justo.eu\/index.php?rest_route=%2Fwp%2Fv2%2Fcategories&post=6526"},{"taxonomy":"post_tag","embeddable":true,"href":"https:\/\/antonio-justo.eu\/index.php?rest_route=%2Fwp%2Fv2%2Ftags&post=6526"}],"curies":[{"name":"wp","href":"https:\/\/api.w.org\/{rel}","templated":true}]}}