{"id":6478,"date":"2021-05-09T09:23:57","date_gmt":"2021-05-09T08:23:57","guid":{"rendered":"https:\/\/antonio-justo.eu\/?p=6478"},"modified":"2021-05-09T11:33:32","modified_gmt":"2021-05-09T10:33:32","slug":"dia-da-mae-3","status":"publish","type":"post","link":"https:\/\/antonio-justo.eu\/?p=6478","title":{"rendered":"DIA DA M\u00c3E"},"content":{"rendered":"<p style=\"text-align: center;\"><strong>Parab\u00e9ns e muitas felicidades \u00e0s m\u00e3es neste seu dia de especial homenagem<\/strong><\/p>\n<p>O dia da m\u00e3e \u00e9 comemorado em diferentes datas, nos diversos pa\u00edses (a maior parte dos pa\u00edses comemora-o num dos domingos de Maio que em Portugal \u00e9 o m\u00eas de Maria, a m\u00e3e de Jesus e torna-se interessante constatar-se que a palavra M\u00e3e em muit\u00edssimas l\u00ednguas vem da mesma raiz lingu\u00edstica (1).<\/p>\n<p>A mais antiga comemora\u00e7\u00e3o do dia das m\u00e3es e da maternidade vem da Gr\u00e9cia antiga (da festa de Reia mulher de Cronos e M\u00e3e dos deuses gregos, memorada no in\u00edcio da Primavera) e de Roma (aqui comemorava-se em mar\u00e7o Cibele, a m\u00e3e dos deuses romanos).<\/p>\n<p>Na Inglaterra j\u00e1 no s\u00e9culo XVII se celebrava o \u201cDomingo da M\u00e3e\u201d, no 4.\u00ba Domingo de Quaresma.<\/p>\n<p>O motivo pr\u00f3ximo para a celebra\u00e7\u00e3o do Dia da M\u00e3e, na modernidade, remota \u00e0 iniciativa da poetisa e activista dos direitos da mulher Julia Ward Howe (1872) que, face \u00e0 guerra e \u00e0 escravatura, apelou para a cria\u00e7\u00e3o de um &#8220;Dia da M\u00e3e da Paz&#8221;.<\/p>\n<p>Mais tarde (1907), a ideia ganhou muita for\u00e7a com a metodista feminista Anna Jarvis que, para refor\u00e7ar a ideia de um dia de celebra\u00e7\u00e3o para todas as m\u00e3es, iniciou, na sua igreja, a tradi\u00e7\u00e3o com a entrega de cravos: os cravos encarnados eram para as m\u00e3es ainda vivas e os brancos eram para se recordarem as m\u00e3es mortas.<\/p>\n<p>Em 1914, a pedido do Congresso, o Presidente dos Estados Unidos estabeleceu o segundo domingo de Maio como um dia nacional de honra \u00e0s m\u00e3es.<\/p>\n<p>Na Alemanha, o primeiro Dia da M\u00e3e foi celebrado a 13 de Maio de 1923, iniciado pela &#8220;Associa\u00e7\u00e3o dos Propriet\u00e1rios de Flores Alem\u00e3es&#8221;!<\/p>\n<p>Em Portugal, nos anos cinquenta, o dia da m\u00e3e era comemorado no dia 8 de dezembro, dia da Nossa Senhora da Concei\u00e7\u00e3o. Em Portugal e nos PALOP o dia da m\u00e3e \u00e9 hoje comemorado no primeiro domingo do m\u00eas de Maio (2).<\/p>\n<p>No Brasil a primeira celebra\u00e7\u00e3o ocorreu em 12 de maio de 1918, em Porto Alegre; hoje \u00e9 celebrado em todo o Brasil no segundo domingo de Maio.<\/p>\n<p>Em momentos, especialmente, de dificuldades l\u00e1 est\u00e3o as m\u00e3es! Tamb\u00e9m a \u201cm\u00e3e\u201d, \u201cmam\u00e3\u201d, \u201cminha m\u00e3e\u201d, \u201cm\u00e3ezinha\u201d, \u00e9, na pandemia, a primeira a sofrer as consequ\u00eancias da crise e como tal tamb\u00e9m motivo de gratas recorda\u00e7\u00f5es e de especial agradecimento a minha m\u00e3e e a todas as m\u00e3ezinhas!<\/p>\n<p><strong>Ant\u00f3nio da Cunha Duarte Justo<\/strong><\/p>\n<ul>\n<li>(1) Na Europa e na \u00c1sia muitas palavras t\u00eam a mesma origem na fam\u00edlia indo-europeia \u00abm\u00e9ht\u0113r\u00bb<\/li>\n<li>(2) Maria acentua o Lado feminino da Devo\u00e7\u00e3o: <a href=\"https:\/\/bomdia.lu\/fatima-maria-acentua-lado-feminino-da-devocao\/\">https:\/\/bomdia.lu\/fatima-maria-acentua-lado-feminino-da-devocao\/<\/a> \u00a0Poesia \u00e0 m\u00e3e: <a href=\"https:\/\/antonio-justo.eu\/?p=2244\">https:\/\/antonio-justo.eu\/?p=2244<\/a>\u00a0 <a href=\"http:\/\/ariquemesonline.com.br\/noticia.asp?cod=405438&amp;codDep=33#gsc.tab=0\">http:\/\/ariquemesonline.com.br\/noticia.asp?cod=405438&amp;codDep=33#gsc.tab=0<\/a><\/li>\n<\/ul>\n<p>&nbsp;<\/p>\n<p>&nbsp;<\/p>\n","protected":false},"excerpt":{"rendered":"<p>Parab\u00e9ns e muitas felicidades \u00e0s m\u00e3es neste seu dia de especial homenagem O dia da m\u00e3e \u00e9 comemorado em diferentes datas, nos diversos pa\u00edses (a maior parte dos pa\u00edses comemora-o num dos domingos de Maio que em Portugal \u00e9 o m\u00eas de Maria, a m\u00e3e de Jesus e torna-se interessante constatar-se que a palavra M\u00e3e &hellip; <a href=\"https:\/\/antonio-justo.eu\/?p=6478\" class=\"more-link\">Continuar a ler <span class=\"screen-reader-text\">DIA DA M\u00c3E<\/span><\/a><\/p>\n","protected":false},"author":1,"featured_media":0,"comment_status":"open","ping_status":"open","sticky":false,"template":"","format":"standard","meta":{"sfsi_plus_gutenberg_text_before_share":"","sfsi_plus_gutenberg_show_text_before_share":"","sfsi_plus_gutenberg_icon_type":"","sfsi_plus_gutenberg_icon_alignemt":"","sfsi_plus_gutenburg_max_per_row":"","footnotes":""},"categories":[15,4,7,8,16],"tags":[],"class_list":["post-6478","post","type-post","status-publish","format-standard","hentry","category-cultura","category-educacao","category-politica","category-religiao","category-sociedade"],"_links":{"self":[{"href":"https:\/\/antonio-justo.eu\/index.php?rest_route=\/wp\/v2\/posts\/6478","targetHints":{"allow":["GET"]}}],"collection":[{"href":"https:\/\/antonio-justo.eu\/index.php?rest_route=\/wp\/v2\/posts"}],"about":[{"href":"https:\/\/antonio-justo.eu\/index.php?rest_route=\/wp\/v2\/types\/post"}],"author":[{"embeddable":true,"href":"https:\/\/antonio-justo.eu\/index.php?rest_route=\/wp\/v2\/users\/1"}],"replies":[{"embeddable":true,"href":"https:\/\/antonio-justo.eu\/index.php?rest_route=%2Fwp%2Fv2%2Fcomments&post=6478"}],"version-history":[{"count":4,"href":"https:\/\/antonio-justo.eu\/index.php?rest_route=\/wp\/v2\/posts\/6478\/revisions"}],"predecessor-version":[{"id":6482,"href":"https:\/\/antonio-justo.eu\/index.php?rest_route=\/wp\/v2\/posts\/6478\/revisions\/6482"}],"wp:attachment":[{"href":"https:\/\/antonio-justo.eu\/index.php?rest_route=%2Fwp%2Fv2%2Fmedia&parent=6478"}],"wp:term":[{"taxonomy":"category","embeddable":true,"href":"https:\/\/antonio-justo.eu\/index.php?rest_route=%2Fwp%2Fv2%2Fcategories&post=6478"},{"taxonomy":"post_tag","embeddable":true,"href":"https:\/\/antonio-justo.eu\/index.php?rest_route=%2Fwp%2Fv2%2Ftags&post=6478"}],"curies":[{"name":"wp","href":"https:\/\/api.w.org\/{rel}","templated":true}]}}