{"id":6466,"date":"2021-04-28T22:33:45","date_gmt":"2021-04-28T21:33:45","guid":{"rendered":"https:\/\/antonio-justo.eu\/?p=6466"},"modified":"2021-04-28T22:33:45","modified_gmt":"2021-04-28T21:33:45","slug":"ponto-de-viragem-nas-relacoes-entre-eua-e-turquia","status":"publish","type":"post","link":"https:\/\/antonio-justo.eu\/?p=6466","title":{"rendered":"PONTO DE VIRAGEM NAS RELA\u00c7\u00d5ES ENTRE EUA E TURQUIA"},"content":{"rendered":"<p style=\"text-align: center;\"><strong>Joe Biden declarou o massacre aos arm\u00eanios como genoc\u00eddio<\/strong><\/p>\n<p><strong>\u00a0<\/strong><\/p>\n<p><strong>O presidente dos EUA, classificou oficialmente o massacre otomano aos arm\u00e9nios como genoc\u00eddio. Na sua tomada de posi\u00e7\u00e3o, a 24 de abril, o presidente dos USA falou do genoc\u00eddio e de uma &#8220;campanha de exterm\u00ednio&#8221; contra os arm\u00e9nios. Outros pa\u00edses europeus (1) j\u00e1 o tinham feito. <\/strong><\/p>\n<p><strong>Em resposta, pol\u00edticos turcos disseram que haver\u00e1 medidas retaliat\u00f3rias. Apenas o partido pr\u00f3-curdo HDP exigiu que a Turquia enfrentasse o seu passado. <\/strong><\/p>\n<p><strong>Cerca de 1,5 milh\u00f5es de arm\u00eanios foram mortos. Muitos arm\u00e9nios foram for\u00e7ados a fazer marchas da morte no deserto da S\u00edria em 1815. Apenas alguns se salvaram. <\/strong><\/p>\n<p><strong>Esta atitude do presidente americano em rela\u00e7\u00e3o \u00e0 Turquia pode ajudar a trazer a UE \u00e0 sua raz\u00e3o nas rela\u00e7\u00f5es com a Turquia. A pol\u00edtica de Erdogan hostilizou os interesses do Ocidente e, assim, tem destru\u00eddo o seu sonho de assumir o papel de grande pot\u00eancia na regi\u00e3o. A lira turca continuou a perder valor no mercado. Agora Erdogan teria a oportunidade de recorrer \u00e0 UE e se comportar bem em rela\u00e7\u00e3o \u00e0 Gr\u00e9cia e Chipre.<\/strong><\/p>\n<p><strong>Ant\u00f3nio da Cunha Duarte Justo<\/strong><\/p>\n<p><strong>Pegadas do Tempo, <\/strong><\/p>\n<p><strong>\u00a0<\/strong><\/p>\n<ul>\n<li><strong>(1) Parlamento alem\u00e3o presta Justi\u00e7a tardia ao Povo arm\u00e9nio: <a href=\"https:\/\/abemdanacao.blogs.sapo.pt\/o-massacre-dos-armenios-pela-turquia-1658762\">https:\/\/abemdanacao.blogs.sapo.pt\/o-massacre-dos-armenios-pela-turquia-1658762<\/a><\/strong><\/li>\n<li>(2)<\/li>\n<\/ul>\n<p><strong>Centen\u00e1rio do Holocausto dos arm\u00e9nios: <a href=\"https:\/\/bomdia.eu\/centenario-do-holocausto-dos-armenios\/\">https:\/\/bomdia.eu\/centenario-do-holocausto-dos-armenios\/<\/a><\/strong><\/p>\n","protected":false},"excerpt":{"rendered":"<p>Joe Biden declarou o massacre aos arm\u00eanios como genoc\u00eddio \u00a0 O presidente dos EUA, classificou oficialmente o massacre otomano aos arm\u00e9nios como genoc\u00eddio. Na sua tomada de posi\u00e7\u00e3o, a 24 de abril, o presidente dos USA falou do genoc\u00eddio e de uma &#8220;campanha de exterm\u00ednio&#8221; contra os arm\u00e9nios. Outros pa\u00edses europeus (1) j\u00e1 o tinham &hellip; <a href=\"https:\/\/antonio-justo.eu\/?p=6466\" class=\"more-link\">Continuar a ler <span class=\"screen-reader-text\">PONTO DE VIRAGEM NAS RELA\u00c7\u00d5ES ENTRE EUA E TURQUIA<\/span><\/a><\/p>\n","protected":false},"author":1,"featured_media":0,"comment_status":"open","ping_status":"open","sticky":false,"template":"","format":"standard","meta":{"sfsi_plus_gutenberg_text_before_share":"","sfsi_plus_gutenberg_show_text_before_share":"","sfsi_plus_gutenberg_icon_type":"","sfsi_plus_gutenberg_icon_alignemt":"","sfsi_plus_gutenburg_max_per_row":"","footnotes":""},"categories":[15,14,6,7],"tags":[],"class_list":["post-6466","post","type-post","status-publish","format-standard","hentry","category-cultura","category-economia","category-migracao","category-politica"],"_links":{"self":[{"href":"https:\/\/antonio-justo.eu\/index.php?rest_route=\/wp\/v2\/posts\/6466","targetHints":{"allow":["GET"]}}],"collection":[{"href":"https:\/\/antonio-justo.eu\/index.php?rest_route=\/wp\/v2\/posts"}],"about":[{"href":"https:\/\/antonio-justo.eu\/index.php?rest_route=\/wp\/v2\/types\/post"}],"author":[{"embeddable":true,"href":"https:\/\/antonio-justo.eu\/index.php?rest_route=\/wp\/v2\/users\/1"}],"replies":[{"embeddable":true,"href":"https:\/\/antonio-justo.eu\/index.php?rest_route=%2Fwp%2Fv2%2Fcomments&post=6466"}],"version-history":[{"count":1,"href":"https:\/\/antonio-justo.eu\/index.php?rest_route=\/wp\/v2\/posts\/6466\/revisions"}],"predecessor-version":[{"id":6467,"href":"https:\/\/antonio-justo.eu\/index.php?rest_route=\/wp\/v2\/posts\/6466\/revisions\/6467"}],"wp:attachment":[{"href":"https:\/\/antonio-justo.eu\/index.php?rest_route=%2Fwp%2Fv2%2Fmedia&parent=6466"}],"wp:term":[{"taxonomy":"category","embeddable":true,"href":"https:\/\/antonio-justo.eu\/index.php?rest_route=%2Fwp%2Fv2%2Fcategories&post=6466"},{"taxonomy":"post_tag","embeddable":true,"href":"https:\/\/antonio-justo.eu\/index.php?rest_route=%2Fwp%2Fv2%2Ftags&post=6466"}],"curies":[{"name":"wp","href":"https:\/\/api.w.org\/{rel}","templated":true}]}}