{"id":6363,"date":"2021-02-10T22:32:27","date_gmt":"2021-02-10T21:32:27","guid":{"rendered":"https:\/\/antonio-justo.eu\/?p=6363"},"modified":"2021-02-28T18:44:15","modified_gmt":"2021-02-28T17:44:15","slug":"um-agradecimento-aos-alemaes-e-uma-proposta","status":"publish","type":"post","link":"https:\/\/antonio-justo.eu\/?p=6363","title":{"rendered":"UM AGRADECIMENTO AOS ALEM\u00c3ES E UMA PROPOSTA"},"content":{"rendered":"<p>&nbsp;<\/p>\n<p>Depois das miss\u00f5es de ajuda em It\u00e1lia, Fran\u00e7a e Rep\u00fablica Checa, a Bundeswehr iniciou miss\u00e3o de solidariedade com Portugal a 03.02.2021. A equipa de socorro veio para ficar tr\u00eas semanas em Lisboa.<\/p>\n<p>Uma equipa de 26 soldados m\u00e9dicos e param\u00e9dicos da Bundeswehr foram recebidos em Lisboa pelo Ministro da Defesa, pela Ministra da Sa\u00fade e pelo embaixador alem\u00e3o em Portugal e ir\u00e3o trabalhar no prestigioso hospital privado da Luz. Nele ser\u00e3o recebidas pessoas da urg\u00eancia do SNS.<\/p>\n<p>Como referem fontes alem\u00e3s, al\u00e9m do pessoal m\u00e9dico chegaram a bordo do avi\u00e3o da For\u00e7a A\u00e9rea alem\u00e3 <strong>numerosos dispositivos m\u00e9dicos e produtos m\u00e9dicos, incluindo 40 respiradores m\u00f3veis e dez fixos, e os consum\u00edveis necess\u00e1rios, al\u00e9m de\u00a0 150 dispositivos de infus\u00e3o e 150 camas hospitalares <\/strong>(https:\/\/www.dw.com\/de\/bundeswehr-startet-corona-hilfe-f%C3%BCr-portugal\/a-56441208).<\/p>\n<p>De facto, em Portugal &#8220;os hospitais est\u00e3o a transbordar e as capacidades dos cuidados intensivos est\u00e3o no limite das suas possibilidades e para al\u00e9m delas&#8221;. Da\u00ed a necessidade de ajuda.<\/p>\n<p>Os alem\u00e3es s\u00e3o eficientes na ajuda que, de momento, prestam a Portugal!<\/p>\n<p>Li num cartaz: &#8221; &#8220;CAROS ALEM\u00c3ES; QUERO AGRADECER O ENVIO DOS M\u00c9DICOS POIS ESTAMOS MESMO A PRECISAR. DEPOIS DISSO, ACHAM QUE D\u00c1 PARA MANDAR A MERKEL?<\/p>\n<p>Quanto \u00e0 recomenda\u00e7\u00e3o expressa no cartaz, talvez ela merecesse ser mais que uma ideia peregrina!<\/p>\n<p><strong>Em tempos de imigra\u00e7\u00e3o, porque n\u00e3o contratar estrangeiros tamb\u00e9m para altos postos nacionais?<\/strong><\/p>\n<p>Pressinto um borborinho de admira\u00e7\u00e3o de Norte a Sul e de insatisfa\u00e7\u00e3o em Lisboa!<\/p>\n<p>Imagine-se que, no caso ideal, muitos dos portugueses deixariam de emigrar para a Sui\u00e7a e para a Alemanha!!!<\/p>\n<p><strong>Ant\u00f3nio da Cunha Duarte Justo<\/strong><\/p>\n<p>Pegadas do Tempo<\/p>\n<p>&nbsp;<\/p>\n","protected":false},"excerpt":{"rendered":"<p>&nbsp; Depois das miss\u00f5es de ajuda em It\u00e1lia, Fran\u00e7a e Rep\u00fablica Checa, a Bundeswehr iniciou miss\u00e3o de solidariedade com Portugal a 03.02.2021. A equipa de socorro veio para ficar tr\u00eas semanas em Lisboa. Uma equipa de 26 soldados m\u00e9dicos e param\u00e9dicos da Bundeswehr foram recebidos em Lisboa pelo Ministro da Defesa, pela Ministra da Sa\u00fade &hellip; <a href=\"https:\/\/antonio-justo.eu\/?p=6363\" class=\"more-link\">Continuar a ler <span class=\"screen-reader-text\">UM AGRADECIMENTO AOS ALEM\u00c3ES E UMA PROPOSTA<\/span><\/a><\/p>\n","protected":false},"author":1,"featured_media":0,"comment_status":"open","ping_status":"open","sticky":false,"template":"","format":"standard","meta":{"sfsi_plus_gutenberg_text_before_share":"","sfsi_plus_gutenberg_show_text_before_share":"","sfsi_plus_gutenberg_icon_type":"","sfsi_plus_gutenberg_icon_alignemt":"","sfsi_plus_gutenburg_max_per_row":"","footnotes":""},"categories":[15,14,6,7,16],"tags":[],"class_list":["post-6363","post","type-post","status-publish","format-standard","hentry","category-cultura","category-economia","category-migracao","category-politica","category-sociedade"],"_links":{"self":[{"href":"https:\/\/antonio-justo.eu\/index.php?rest_route=\/wp\/v2\/posts\/6363","targetHints":{"allow":["GET"]}}],"collection":[{"href":"https:\/\/antonio-justo.eu\/index.php?rest_route=\/wp\/v2\/posts"}],"about":[{"href":"https:\/\/antonio-justo.eu\/index.php?rest_route=\/wp\/v2\/types\/post"}],"author":[{"embeddable":true,"href":"https:\/\/antonio-justo.eu\/index.php?rest_route=\/wp\/v2\/users\/1"}],"replies":[{"embeddable":true,"href":"https:\/\/antonio-justo.eu\/index.php?rest_route=%2Fwp%2Fv2%2Fcomments&post=6363"}],"version-history":[{"count":3,"href":"https:\/\/antonio-justo.eu\/index.php?rest_route=\/wp\/v2\/posts\/6363\/revisions"}],"predecessor-version":[{"id":6379,"href":"https:\/\/antonio-justo.eu\/index.php?rest_route=\/wp\/v2\/posts\/6363\/revisions\/6379"}],"wp:attachment":[{"href":"https:\/\/antonio-justo.eu\/index.php?rest_route=%2Fwp%2Fv2%2Fmedia&parent=6363"}],"wp:term":[{"taxonomy":"category","embeddable":true,"href":"https:\/\/antonio-justo.eu\/index.php?rest_route=%2Fwp%2Fv2%2Fcategories&post=6363"},{"taxonomy":"post_tag","embeddable":true,"href":"https:\/\/antonio-justo.eu\/index.php?rest_route=%2Fwp%2Fv2%2Ftags&post=6363"}],"curies":[{"name":"wp","href":"https:\/\/api.w.org\/{rel}","templated":true}]}}