{"id":6312,"date":"2021-01-09T22:26:51","date_gmt":"2021-01-09T21:26:51","guid":{"rendered":"https:\/\/antonio-justo.eu\/?p=6312"},"modified":"2021-01-10T11:38:47","modified_gmt":"2021-01-10T10:38:47","slug":"covid-19-um-perigo-e-uma-oportunidade","status":"publish","type":"post","link":"https:\/\/antonio-justo.eu\/?p=6312","title":{"rendered":"COVID &#8211; 19 UM PERIGO E UMA OPORTUNIDADE"},"content":{"rendered":"<h3 style=\"text-align: center;\"><strong>N\u00e3o se perde nada por se procurar saber<\/strong><\/h3>\n<p>Por Ant\u00f3nio Justo<\/p>\n<p>O coronav\u00edrus proporciona um grande avan\u00e7o na medicina molecular, com a cria\u00e7\u00e3o da nova vacina que implica uma <strong>nova forma de interfer\u00eancia no nosso organismo<\/strong>. A vacina\u00e7\u00e3o Covid-19 d\u00e1 \u00e0s c\u00e9lulas do nosso corpo a ordem de produzirem uma prote\u00edna e, deste modo, o poder de controlar o que acontece nas c\u00e9lulas de uma forma orientada. Este esfor\u00e7o universal abre possibilidades sem precedentes na medicina (possibilita n\u00e3o s\u00f3 a defesa contra o v\u00edrus, mas tamb\u00e9m novos caminhos na medicina contra o cancro).<\/p>\n<p>Com isto, a investiga\u00e7\u00e3o global em torno do Covid-19 <strong>possibilita \u00e0 biotecnologia um salto qu\u00e2ntico na medicina<\/strong>.<\/p>\n<p>A concentra\u00e7\u00e3o na vacina levou, por outro lado, \u00a0a ind\u00fastria farmac\u00eautica a descurar processos medicinais tradicionais de resposta \u00e0 doen\u00e7a.<\/p>\n<p>\u00c9 um facto que todas as vacinas t\u00eam efeitos colaterais e, com as vacinas Covid-19, o pr\u00f3prio organismo \u00e9 levado a produzir componentes proteicos geneticamente modificados para a resposta imune.<\/p>\n<p><strong>Atendendo \u00e0 rapidez da cria\u00e7\u00e3o da vacina, talvez n\u00e3o seja aconselh\u00e1vel a pessoas habituadas a pesar bem os riscos, colocar-se nos primeiros lugares da fila para receberem a vacina.<\/strong> De facto, n\u00e3o foram suficientemente observadas as normas de seguran\u00e7a habituais para que as vacinas fossem permitidas; n\u00e3o se fale j\u00e1 dos interesses financeiros das diferentes ind\u00fastrias farmac\u00eauticas (ligadas a interesses nacionais concorrentes) interessadas em entrar no mercado.<\/p>\n<p>Desta vez passou a haver Natal para as animais cobaias (ratos, ratazanas, etc.) dado agora passaram as pessoas a serem, em parte, as cobaias porque a vacina adquirida se abst\u00e9m dos costumados e morosos exames preventivos \u00e0 vacina em animais!<\/p>\n<p>De facto, \u00e9 ainda demasiado cedo para ser poss\u00edvel testar os efeitos negativos da vacina. E estas s\u00e3o vacinas inovadoras na medicina humana.<\/p>\n<p>Na pondera\u00e7\u00e3o sobre a nova vacina h\u00e1 naturalmente riscos a avaliar e medos espont\u00e2neos a superar.<\/p>\n<p>Os in\u00edcios da vacina\u00e7\u00e3o remontam \u00e0 Inglaterra, onde em 1796 o m\u00e9dico Jenner vacinou um rapaz com o pus de uma vaca doente. O rapaz tinha contra\u00eddo a var\u00edola ao tirar o leite \u00e0s vacas.<\/p>\n<p>Ap\u00f3s uma pequena reac\u00e7\u00e3o \u00e0 vacina\u00e7\u00e3o, o rapaz curou-se da var\u00edola. Mais tarde o m\u00e9dico vacinou o rapaz com o pus de uma pessoa com var\u00edola. Verificou que a crian\u00e7a permaneceu saud\u00e1vel, porque o seu sistema imunit\u00e1rio tinha formado defesas contra a var\u00edola. A partir da\u00ed adotou-se o termo cient\u00edfico de <strong>vac<\/strong>ina\u00e7\u00e3o, que tem a origem no termo latino <strong>vacca<\/strong>, para designar o acto destinado a gerar imunidade contra uma doen\u00e7a (bacterial ou viral) estimulando a produ\u00e7\u00e3o de anticorpos.<\/p>\n<p>Na altura surgiram as naturais controv\u00e9rsias entre defensores e opositores da vacina. Entre estes chegou a correr o boato de que uma crian\u00e7a vacinada passou a andar como os animais de quatro patas e a dar turras com a cabe\u00e7a, como um touro!<\/p>\n<p>O virologista Prof. Stephan Becker da Universidade de Marburg disse na televis\u00e3o ZDF que os cientistas nada sabem sobre as novas vacinas, mas que o perfil de efeitos secund\u00e1rios foi observado.<\/p>\n<p>Tanto defensores como cr\u00edticos da vacina\u00e7\u00e3o devem ser ouvidos, na consci\u00eancia, por\u00e9m, que h\u00e1 problemas que n\u00e3o se podem resolver. <strong>Nesta estrat\u00e9gia de vacina\u00e7\u00e3o n\u00e3o \u00e9 poss\u00edvel ser-se prudente nem ponderado, se tivermos em conta os efeitos de confinamentos exagerados, as doen\u00e7as psicol\u00f3gicas em processo nas pessoas isoladas e a ang\u00fastia em que vivem a economia e a cultura<\/strong>.<\/p>\n<p><strong>Numa sociedade de cultura para a paz ser\u00e1 de aceitar-se a ambival\u00eancia como liberdade de n\u00e3o ter, necessariamente, de se comprometer.<\/strong> A coexist\u00eancia de desejos, sentimentos e pensamentos contradit\u00f3rios e simult\u00e2neos numa mesma pessoa, sociedade e filosofia conduzem naturalmente a tens\u00f5es internas. A capacidade de aguentar essas tens\u00f5es com calma e humor ser\u00e1 cada vez mais importante numa sociedade que se pretenda mais humana.<\/p>\n<p><strong>Ant\u00f3nio da Cunha Duarte Justo<\/strong><\/p>\n<p>Pegadas do Tempo<\/p>\n","protected":false},"excerpt":{"rendered":"<p>N\u00e3o se perde nada por se procurar saber Por Ant\u00f3nio Justo O coronav\u00edrus proporciona um grande avan\u00e7o na medicina molecular, com a cria\u00e7\u00e3o da nova vacina que implica uma nova forma de interfer\u00eancia no nosso organismo. A vacina\u00e7\u00e3o Covid-19 d\u00e1 \u00e0s c\u00e9lulas do nosso corpo a ordem de produzirem uma prote\u00edna e, deste modo, o &hellip; <a href=\"https:\/\/antonio-justo.eu\/?p=6312\" class=\"more-link\">Continuar a ler <span class=\"screen-reader-text\">COVID &#8211; 19 UM PERIGO E UMA OPORTUNIDADE<\/span><\/a><\/p>\n","protected":false},"author":1,"featured_media":0,"comment_status":"open","ping_status":"open","sticky":false,"template":"","format":"standard","meta":{"sfsi_plus_gutenberg_text_before_share":"","sfsi_plus_gutenberg_show_text_before_share":"","sfsi_plus_gutenberg_icon_type":"","sfsi_plus_gutenberg_icon_alignemt":"","sfsi_plus_gutenburg_max_per_row":"","footnotes":""},"categories":[15,14,7,16],"tags":[],"class_list":["post-6312","post","type-post","status-publish","format-standard","hentry","category-cultura","category-economia","category-politica","category-sociedade"],"_links":{"self":[{"href":"https:\/\/antonio-justo.eu\/index.php?rest_route=\/wp\/v2\/posts\/6312","targetHints":{"allow":["GET"]}}],"collection":[{"href":"https:\/\/antonio-justo.eu\/index.php?rest_route=\/wp\/v2\/posts"}],"about":[{"href":"https:\/\/antonio-justo.eu\/index.php?rest_route=\/wp\/v2\/types\/post"}],"author":[{"embeddable":true,"href":"https:\/\/antonio-justo.eu\/index.php?rest_route=\/wp\/v2\/users\/1"}],"replies":[{"embeddable":true,"href":"https:\/\/antonio-justo.eu\/index.php?rest_route=%2Fwp%2Fv2%2Fcomments&post=6312"}],"version-history":[{"count":6,"href":"https:\/\/antonio-justo.eu\/index.php?rest_route=\/wp\/v2\/posts\/6312\/revisions"}],"predecessor-version":[{"id":6318,"href":"https:\/\/antonio-justo.eu\/index.php?rest_route=\/wp\/v2\/posts\/6312\/revisions\/6318"}],"wp:attachment":[{"href":"https:\/\/antonio-justo.eu\/index.php?rest_route=%2Fwp%2Fv2%2Fmedia&parent=6312"}],"wp:term":[{"taxonomy":"category","embeddable":true,"href":"https:\/\/antonio-justo.eu\/index.php?rest_route=%2Fwp%2Fv2%2Fcategories&post=6312"},{"taxonomy":"post_tag","embeddable":true,"href":"https:\/\/antonio-justo.eu\/index.php?rest_route=%2Fwp%2Fv2%2Ftags&post=6312"}],"curies":[{"name":"wp","href":"https:\/\/api.w.org\/{rel}","templated":true}]}}