{"id":6296,"date":"2020-12-13T22:34:13","date_gmt":"2020-12-13T21:34:13","guid":{"rendered":"https:\/\/antonio-justo.eu\/?p=6296"},"modified":"2020-12-13T22:41:10","modified_gmt":"2020-12-13T21:41:10","slug":"o-imigrante-assassinado-nos-servicos-de-estrangeiros","status":"publish","type":"post","link":"https:\/\/antonio-justo.eu\/?p=6296","title":{"rendered":"O IMIGRANTE ASSASSINADO NOS SERVI\u00c7OS DE ESTRANGEIROS"},"content":{"rendered":"<div data-contents=\"true\">\n<div class=\"\" data-block=\"true\" data-editor=\"1bp94\" data-offset-key=\"8lmih-0-0\">\n<div class=\"_1mf _1mj\" data-offset-key=\"8lmih-0-0\"><span data-offset-key=\"8lmih-2-0\">\u00a0<\/span><\/div>\n<\/div>\n<div class=\"\" data-block=\"true\" data-editor=\"1bp94\" data-offset-key=\"5cf17-0-0\">\n<div class=\"_1mf _1mj\" data-offset-key=\"5cf17-0-0\"><span data-offset-key=\"5cf17-0-0\">\u00a0<\/span><\/div>\n<\/div>\n<div class=\"\" data-block=\"true\" data-editor=\"1bp94\" data-offset-key=\"a62em-0-0\">\n<div class=\"_1mf _1mj\" data-offset-key=\"a62em-0-0\"><span data-offset-key=\"a62em-0-0\">Coisa inaudita! Em Mar\u00e7o, no aeroporto de Lisboa, o imigrante ucraniano Ihor Homeniuk foi assassinado por tr\u00eas agentes da reparti\u00e7\u00e3o nacional do SEF (Servi\u00e7o de Estrangeiros e Fronteiras), que se encontram actualmente em pris\u00e3o domicili\u00e1ria. <\/span><\/div>\n<div data-offset-key=\"a62em-0-0\"><\/div>\n<\/div>\n<div class=\"\" data-block=\"true\" data-editor=\"1bp94\" data-offset-key=\"eg73v-0-0\">\n<div class=\"_1mf _1mj\" data-offset-key=\"eg73v-0-0\"><span data-offset-key=\"eg73v-0-0\">S\u00f3 agora o governo decidiu indemnizar a fam\u00edlia do ucraniano. S\u00f3 passados nove meses \u00e9 despedida Cristina Gat\u00f5es Batista, directora do SEF ! Tal mora revela uma certa coniv\u00eancia por parte do Ministro da Administra\u00e7\u00e3o Interna. O ministro n\u00e3o se demitiu nem foi exonerado. <\/span><\/div>\n<div data-offset-key=\"eg73v-0-0\"><\/div>\n<\/div>\n<div class=\"\" data-block=\"true\" data-editor=\"1bp94\" data-offset-key=\"eclh5-0-0\">\n<div class=\"_1mf _1mj\" data-offset-key=\"eclh5-0-0\"><span data-offset-key=\"eclh5-0-0\">O sistema do conluio nos nossos minist\u00e9rios e a falta de responsabilidade da presid\u00eancia preferem que Portugal fa\u00e7a internacionalmente m\u00e1 figura do que instituir um exemplo de intoler\u00e2ncia da viol\u00eancia nas reparti\u00e7\u00f5es do Estado portugu\u00eas. <\/span><\/div>\n<div data-offset-key=\"eclh5-0-0\"><\/div>\n<\/div>\n<p>Num pa\u00eds de menor cumplicidade pol\u00edtica, o ministro ter-se-ia demitido de imediato ou sido exonerado.<\/p>\n<p>O PM diz que \u201cmant\u00e9m total confian\u00e7a no ministro Eduardo Cabrita!\u201d Esta declara\u00e7\u00e3o de caracter meramente pol\u00edtico, n\u00e3o \u00e9 suficiente; \u00a0pelo contr\u00e1rio, revela-se c\u00ednica se se pretender restabelecer a confian\u00e7a na instirui\u00e7\u00e3o portuguesa e seus \u00f3rg\u00e3os respons\u00e1veis.<\/p>\n<p>Um assunto desta gravidade deveria pressupor o assumir de responsabilidades capazes de salvaguardar o rosto de Portugal!<\/p>\n<div class=\"\" data-block=\"true\" data-editor=\"1bp94\" data-offset-key=\"29ocb-0-0\">\n<div data-offset-key=\"29ocb-0-0\">Ant\u00f3nio da Cunha Duarte Justo<\/div>\n<\/div>\n<div class=\"\" data-block=\"true\" data-editor=\"1bp94\" data-offset-key=\"27cvh-0-0\">\n<div class=\"_1mf _1mj\" data-offset-key=\"27cvh-0-0\"><span data-offset-key=\"27cvh-0-0\">Pegadas do Tempo<\/span><\/div>\n<\/div>\n<\/div>\n","protected":false},"excerpt":{"rendered":"<p>\u00a0 \u00a0 Coisa inaudita! Em Mar\u00e7o, no aeroporto de Lisboa, o imigrante ucraniano Ihor Homeniuk foi assassinado por tr\u00eas agentes da reparti\u00e7\u00e3o nacional do SEF (Servi\u00e7o de Estrangeiros e Fronteiras), que se encontram actualmente em pris\u00e3o domicili\u00e1ria. S\u00f3 agora o governo decidiu indemnizar a fam\u00edlia do ucraniano. S\u00f3 passados nove meses \u00e9 despedida Cristina Gat\u00f5es &hellip; <a href=\"https:\/\/antonio-justo.eu\/?p=6296\" class=\"more-link\">Continuar a ler <span class=\"screen-reader-text\">O IMIGRANTE ASSASSINADO NOS SERVI\u00c7OS DE ESTRANGEIROS<\/span><\/a><\/p>\n","protected":false},"author":1,"featured_media":0,"comment_status":"open","ping_status":"open","sticky":false,"template":"","format":"standard","meta":{"sfsi_plus_gutenberg_text_before_share":"","sfsi_plus_gutenberg_show_text_before_share":"","sfsi_plus_gutenberg_icon_type":"","sfsi_plus_gutenberg_icon_alignemt":"","sfsi_plus_gutenburg_max_per_row":"","footnotes":""},"categories":[6,7],"tags":[],"class_list":["post-6296","post","type-post","status-publish","format-standard","hentry","category-migracao","category-politica"],"_links":{"self":[{"href":"https:\/\/antonio-justo.eu\/index.php?rest_route=\/wp\/v2\/posts\/6296","targetHints":{"allow":["GET"]}}],"collection":[{"href":"https:\/\/antonio-justo.eu\/index.php?rest_route=\/wp\/v2\/posts"}],"about":[{"href":"https:\/\/antonio-justo.eu\/index.php?rest_route=\/wp\/v2\/types\/post"}],"author":[{"embeddable":true,"href":"https:\/\/antonio-justo.eu\/index.php?rest_route=\/wp\/v2\/users\/1"}],"replies":[{"embeddable":true,"href":"https:\/\/antonio-justo.eu\/index.php?rest_route=%2Fwp%2Fv2%2Fcomments&post=6296"}],"version-history":[{"count":3,"href":"https:\/\/antonio-justo.eu\/index.php?rest_route=\/wp\/v2\/posts\/6296\/revisions"}],"predecessor-version":[{"id":6301,"href":"https:\/\/antonio-justo.eu\/index.php?rest_route=\/wp\/v2\/posts\/6296\/revisions\/6301"}],"wp:attachment":[{"href":"https:\/\/antonio-justo.eu\/index.php?rest_route=%2Fwp%2Fv2%2Fmedia&parent=6296"}],"wp:term":[{"taxonomy":"category","embeddable":true,"href":"https:\/\/antonio-justo.eu\/index.php?rest_route=%2Fwp%2Fv2%2Fcategories&post=6296"},{"taxonomy":"post_tag","embeddable":true,"href":"https:\/\/antonio-justo.eu\/index.php?rest_route=%2Fwp%2Fv2%2Ftags&post=6296"}],"curies":[{"name":"wp","href":"https:\/\/api.w.org\/{rel}","templated":true}]}}