{"id":6258,"date":"2020-11-29T16:15:45","date_gmt":"2020-11-29T15:15:45","guid":{"rendered":"https:\/\/antonio-justo.eu\/?p=6258"},"modified":"2020-11-29T16:15:45","modified_gmt":"2020-11-29T15:15:45","slug":"boas-ferias-3","status":"publish","type":"post","link":"https:\/\/antonio-justo.eu\/?p=6258","title":{"rendered":"BOAS F\u00c9RIAS!"},"content":{"rendered":"<p><span class=\"titulo\">Boas F\u00e9rias! <\/span><br \/>\n<span class=\"texto\"> 2006-07-14 <\/span><\/p>\n<p><span class=\"texto\"> Prezadas e prezados Visitantes:<br \/>\nNo S\u00e1bado, dia 15.07.06 parto com a fam\u00edlia para a Branca, Albergaria-a-Velha, Portugal, onde vivo e passarei as minhas f\u00e9rias at\u00e9 meados de Agosto.<br \/>\nEm tempo de f\u00e9rias tamb\u00e9m o trabalho deve descansar para tudo crescer na espontaneidade para l\u00e1 do bem e do mal. Uma prioridade: a amizade! Apreciar o dia a dia sem o stress do calend\u00e1rio na m\u00e3o. Na prioridade do hoje e n\u00e3o da inten\u00e7\u00e3o, saborear cada momento, o encontro.<br \/>\nTempo de f\u00e9rias: uma oportunidade para manifestar o carinho que o dia a dia, o tempo muitas vezes impedem.<br \/>\nDesejo-vos tudo o que h\u00e1 de bom!<br \/>\nAnt\u00f3nio Justo<\/span><\/p>\n<p>Publicado em Comunidades:<\/p>\n<p>http:\/\/web.archive.org\/web\/20080430103545\/http:\/\/blog.comunidades.net\/justo\/index.php?op=arquivo&#038;mmes=07&#038;anon=2006<\/p>\n<div align=\"right\"><b>Ant\u00f3nio da Cunha Duarte Justo<\/b><\/div>\n<p><span class=\"texto\"><br \/>\n<a href=\"http:\/\/web.archive.org\/web\/20080430103545\/http:\/\/blog.comunidades.net\/justo\/index.php?op=coment&amp;idtopico=106940\">Adicionar coment\u00e1rio<\/a><br \/>\n<\/span> <span class=\"titulo\"> Coment\u00e1rios:<\/span><\/p>\n<table class=\"linha-separadora\" width=\"100%\">\n<tbody>\n<tr>\n<td class=\"texto-comentarios\"><b> A cor preta <\/b>&#8211; &#8211; &#8211; 2006-09-13<br \/>\nCaro Dr. ANt\u00f3nio Justo:<br \/>\npedia-lhe o favor de alterar o fundo preto para cinzento suave e colocar as letras a preto para uma leitura menos agressiva \u00e0 vista e simbolicamente mais luminosa<br \/>\ncumprimentos<br \/>\nLuis Miguel Cunha<\/p>\n<div align=\"right\"><b>Lu\u00eds Miguel Cunha<\/b><\/div>\n<\/td>\n<\/tr>\n<\/tbody>\n<\/table>\n<table class=\"linha-separadora\" width=\"100%\">\n<tbody>\n<tr>\n<td class=\"texto-comentarios\"><b> Partilhar <\/b>&#8211; &#8211; &#8211; 2006-08-23<br \/>\nObrigado pelo teu contacto.<br \/>\nFui ao site que indicaste e achei-o muito bom e oportuno. Como surgiu esse site?<br \/>\nGente da nossa estirpe n\u00e3o abdicar\u00e1 nunca. Onde houver uma ideia e uma vontade acontecer\u00e1 tamb\u00e9m futuro.<br \/>\nUm abra\u00e7o<br \/>\nJusto<\/p>\n<div align=\"right\"><\/div>\n<\/td>\n<\/tr>\n<\/tbody>\n<\/table>\n<table class=\"linha-separadora\" width=\"100%\">\n<tbody>\n<tr>\n<td class=\"texto-comentarios\"><b> Partilhar <\/b>&#8211; &#8211; &#8211; 2006-08-22<br \/>\nPartilh\u00e1mos experi\u00eancias, sonhos e frustra\u00e7\u00f5es, mas nunca partilharemos a desist\u00eancia. E vamos continuar a partilhar: num espa\u00e7o dedicado particularmente aos amigos da partilha como o Justo. Convido-te, em primeira m\u00e3o a visitar o site: www.solymarport.info Um abra\u00e7o<\/p>\n<div align=\"right\"><b>Ant\u00f3nio Costa Martins<\/b><\/div>\n<\/td>\n<\/tr>\n<\/tbody>\n<\/table>\n<table class=\"linha-separadora\" width=\"100%\">\n<tbody>\n<tr>\n<td class=\"texto-comentarios\"><b> <\/b>&#8211; &#8211; &#8211; 2006-07-15<br \/>\nCaro Ant\u00f3nio Justo,<br \/>\nComo Alquerubinense e mun\u00edcipe de Abergaria-a-Velha, desejo-lhe umas \u00f3timas f\u00e9rias.<br \/>\nSauda\u00e7\u00f5es Lus\u00edadas,<br \/>\nJos\u00e9 Miranda Reis de Melo.<br \/>\nRecife \/ Brasil<\/p>\n<div align=\"right\"><\/div>\n<\/td>\n<\/tr>\n<\/tbody>\n<\/table>\n<table class=\"linha-separadora\" width=\"100%\">\n<tbody>\n<tr>\n<td class=\"texto-comentarios\"><b> <\/b>&#8211; &#8211; &#8211; 2006-07-15<br \/>\nDo P.Club:<br \/>\nDesejamos, Boas e \u00f3ptimas F\u00e9rias, ao Nosso Companheiro, Amigo Ant\u00f3nio Duarte Justo, na Sua Albergaria- a &#8211; Velha , na nossa Cardigos, na Ansi\u00e3o do Gabriel Cipriano, na Gondemaria do Verdasca&#8230;. por todo o Portugal, revendo e matando a saudade de seus parentes e amigos.<br \/>\nSe desejar se encontrar com o amigo Verdasca lhes passarei o Fone. Amigo Justo, n\u00e3o deixe de nos enviar l\u00e1 de Portugal alguma Mat\u00e9ria , do que achar interessante e at\u00e9 quem sabe importante. Fale-nos de Albergaria. Se Passar por Cardigos, entre no Caf\u00e9 Le\u00e3o de nosso Amigo Domingos, e deixe l\u00e1 uma divida para eu pagar. Um Abra\u00e7o e Boas F\u00e9rias&#8230;<br \/>\nCasimiro Rodrigues<br \/>\nPresidente do PORTUGALCLUB<\/p>\n<div align=\"right\"><\/div>\n<\/td>\n<\/tr>\n<\/tbody>\n<\/table>\n<table class=\"linha-separadora\" width=\"100%\">\n<tbody>\n<tr>\n<td class=\"texto-comentarios\"><b> <\/b>&#8211; &#8211; &#8211; 2006-07-14<br \/>\nPrezado Videira:<br \/>\nObrigado pelos teus votos e pelas tuas palavras.<br \/>\nSe consultares o meu artigo de Junho n\u00b0 3 com o t\u00edtulo &#8220;Emigrantes de primeira e de segunda classe&#8221; sobre o ensino, a\u00ed encontrar\u00e1s a tua abordagem que me enviaste na sec\u00e7\u00e3o de coment\u00e1rios.<br \/>\nAssim posso remeter pessoas interessadas para o mesmo, para assim terem uma visao mais alargada da quest\u00e3o.<br \/>\nParab\u00e9ns pelo teu trabalho.<br \/>\nPenso que trabalhas com o mesmo esp\u00edrito: Servir.<br \/>\n\u00c9 impressionante verificar que haja t\u00e3o pouca gente interessada em trabalhar desinteressadamente opela coisa p\u00fablica. Pior ainda \u00e9 verificar que a maior parte das pessoas vivem na situa\u00e7\u00e3o de rebanho esquecendo a sua voca\u00e7\u00e3o primordial.<br \/>\nBoas f\u00e9rias.<br \/>\nAnt\u00f3nio Justo<\/p>\n<div align=\"right\"><\/div>\n<\/td>\n<\/tr>\n<\/tbody>\n<\/table>\n<table class=\"linha-separadora\" width=\"100%\">\n<tbody>\n<tr>\n<td class=\"texto-comentarios\"><b> Boas f\u00e9rias merecidas <\/b>&#8211; &#8211; &#8211; 2006-07-14<br \/>\nParab\u00e9ns pela qualidade dos teus artigos.<br \/>\nDesejo-te tamb\u00e9m umas boas f\u00e9rias, bem como \u00e0 fam\u00edlia.<br \/>\nUm abra\u00e7o amigo.<br \/>\nA. Videira<\/p>\n<div align=\"right\"><\/div>\n<\/td>\n<\/tr>\n<\/tbody>\n<\/table>\n","protected":false},"excerpt":{"rendered":"<p>Boas F\u00e9rias! 2006-07-14 Prezadas e prezados Visitantes: No S\u00e1bado, dia 15.07.06 parto com a fam\u00edlia para a Branca, Albergaria-a-Velha, Portugal, onde vivo e passarei as minhas f\u00e9rias at\u00e9 meados de Agosto. Em tempo de f\u00e9rias tamb\u00e9m o trabalho deve descansar para tudo crescer na espontaneidade para l\u00e1 do bem e do mal. Uma prioridade: a &hellip; <a href=\"https:\/\/antonio-justo.eu\/?p=6258\" class=\"more-link\">Continuar a ler <span class=\"screen-reader-text\">BOAS F\u00c9RIAS!<\/span><\/a><\/p>\n","protected":false},"author":1,"featured_media":0,"comment_status":"open","ping_status":"open","sticky":false,"template":"","format":"standard","meta":{"sfsi_plus_gutenberg_text_before_share":"","sfsi_plus_gutenberg_show_text_before_share":"","sfsi_plus_gutenberg_icon_type":"","sfsi_plus_gutenberg_icon_alignemt":"","sfsi_plus_gutenburg_max_per_row":"","footnotes":""},"categories":[15],"tags":[],"class_list":["post-6258","post","type-post","status-publish","format-standard","hentry","category-cultura"],"_links":{"self":[{"href":"https:\/\/antonio-justo.eu\/index.php?rest_route=\/wp\/v2\/posts\/6258","targetHints":{"allow":["GET"]}}],"collection":[{"href":"https:\/\/antonio-justo.eu\/index.php?rest_route=\/wp\/v2\/posts"}],"about":[{"href":"https:\/\/antonio-justo.eu\/index.php?rest_route=\/wp\/v2\/types\/post"}],"author":[{"embeddable":true,"href":"https:\/\/antonio-justo.eu\/index.php?rest_route=\/wp\/v2\/users\/1"}],"replies":[{"embeddable":true,"href":"https:\/\/antonio-justo.eu\/index.php?rest_route=%2Fwp%2Fv2%2Fcomments&post=6258"}],"version-history":[{"count":1,"href":"https:\/\/antonio-justo.eu\/index.php?rest_route=\/wp\/v2\/posts\/6258\/revisions"}],"predecessor-version":[{"id":6259,"href":"https:\/\/antonio-justo.eu\/index.php?rest_route=\/wp\/v2\/posts\/6258\/revisions\/6259"}],"wp:attachment":[{"href":"https:\/\/antonio-justo.eu\/index.php?rest_route=%2Fwp%2Fv2%2Fmedia&parent=6258"}],"wp:term":[{"taxonomy":"category","embeddable":true,"href":"https:\/\/antonio-justo.eu\/index.php?rest_route=%2Fwp%2Fv2%2Fcategories&post=6258"},{"taxonomy":"post_tag","embeddable":true,"href":"https:\/\/antonio-justo.eu\/index.php?rest_route=%2Fwp%2Fv2%2Ftags&post=6258"}],"curies":[{"name":"wp","href":"https:\/\/api.w.org\/{rel}","templated":true}]}}