{"id":6236,"date":"2020-11-29T15:55:23","date_gmt":"2020-11-29T14:55:23","guid":{"rendered":"https:\/\/antonio-justo.eu\/?p=6236"},"modified":"2020-11-29T15:55:23","modified_gmt":"2020-11-29T14:55:23","slug":"portugal-povo-nas-valetas-das-estradas","status":"publish","type":"post","link":"https:\/\/antonio-justo.eu\/?p=6236","title":{"rendered":"Portugal \u2013 Povo nas Valetas das Estradas"},"content":{"rendered":"<p><span class=\"titulo\"> <b>Portugal \u2013 Povo nas Valetas das Estradas<\/b> <\/span><br \/>\n<span class=\"texto\"> 2007-08-17 <\/span><\/p>\n<p><span class=\"texto\"> <b>Caminho de F\u00e1tima na Continua\u00e7\u00e3o dos Caminhos de Santiago<\/b><\/p>\n<p>Um Estado sem respeito pelo povo continua a mandar para a valeta da estrada o seu povo. Um Estado que apenas se preocupa com estradas e auto-estradas para os instalados da vida e para os contribuintes despreza o povo caminhante.<\/p>\n<p>Quem vem da Europa fica confuso ao observar grupos de caminheiros para F\u00e1tima em itiner\u00e1rios sem respeito nem considera\u00e7\u00e3o pelo pe\u00e3o. Humilha\u00e7\u00e3o pura para pessoas de consci\u00eancia com um m\u00ednimo de exig\u00eancias!<\/p>\n<p>Os peregrinos, acordeirados, nas suas vestes reflectoras fazem lembrar almeidas da C\u00e2mara e das Juntas de Freguesia, enfim, um Estado de ovelhas! \u00c9 uma dor de alma ver-se o povo a caminhar pela estrada nacional n\u00ba. 1, a ter de andar pelos IP e IC por falta de caminhos pr\u00f3prios. Uma imagem que se repete e ningu\u00e9m parece notar. Esta imagem parece ser uma met\u00e1fora duma sociedade a quem n\u00e3o \u00e9 dada a possibilidade de introspec\u00e7\u00e3o. Mesmo as coisas mais \u00edntimas s\u00e3o acompanhadas de ru\u00eddo poluidor.<\/p>\n<p>A p\u00e9 no asfalto, exposto ao perigo autom\u00f3vel, comendo o p\u00f3 das estradas, inspirando o Anidrido Carb\u00f3nico dos tubos de escape, exposto ao calor das estradas, ao ritmo do ru\u00eddo autom\u00f3vel, portugal peregrina para F\u00e1tima. \u00c9 o portugal povo de que se serve o tal Portugal, o Portugal dos instalados, aquele Portugal que s\u00f3 parece conhecer estradas e ruas para carros, ou itiner\u00e1rios sem povo.<\/p>\n<p>A caminho, como se pode observar nas estradas do Norte de Portugal, um Portugal migrante de f\u00e9rias a cumprir promessas que o destino lhe obrigou a fazer. O destino do povo das bermas, do povo das valetas das estradas \u00e9 fazer promessas para fugir \u00e0 dor na \u00e2nsia pela sobreviv\u00eancia, o destino dos outros, dos das \u201cauto-estradas\u201d \u00e9 viver das promessas n\u00e3o cumpridas das campanhas eleitorais! A estrada da na\u00e7\u00e3o, na sua maior parte, n\u00e3o contempla pe\u00f5es nem ciclistas, menos ainda peregrinos, para estes reserva-lhe, quando muito as faixas luminosas.<\/p>\n<p>A elabora\u00e7\u00e3o do caminho do Norte para F\u00e1tima \u00e9 mais que \u00f3bvia. A sua aus\u00eancia \u00e9 uma acusa\u00e7\u00e3o justa ao Estado, \u00e0 Igreja, \u00e0s C\u00e2maras e Juntas de Freguesia e aos deputados que n\u00e3o est\u00e3o atentos \u00e0s necessidades reais do povo, vivendo uns \u00e0 custa da sua devo\u00e7\u00e3o e outros \u00e0 custa dos seus impostos e dos seus votos.<\/p>\n<p>Senhor Presidente da Rep\u00fablica, senhores do Governo, senhores presidentes e senhores Bispos, juntem-se e planeiem em conjunto ruas, estradas e caminhos com \u00e1rvores, com vida. Realizem o caminho de F\u00e1tima, conscientes da sua grande dimens\u00e3o econ\u00f3mica, social e espiritual no sentido de integrar, de maneira digna, o patrim\u00f3nio nacional no internacional europeu, na tradi\u00e7\u00e3o do itiner\u00e1rio dos caminhos de Santiago. Neles se reflectem o esp\u00edrito e a cultura dos povos, o esp\u00edrito universal que \u00e9 o nosso.<\/p>\n<p>Portugal tal como os peregrinos tem que levantar os olhos para o horizonte consciente de que n\u00e3o h\u00e1 caminho feito mas se faz caminho andando. Peregrinando servimos a higiene corporal e espiritual n\u00e3o ficando parado em nenhuma etapa da vida, ideologia ou cren\u00e7a. A vida \u00e9 fundamentalmente caminhada, \u00e9 aventura, arte e mist\u00e9rio. A miss\u00e3o nobre de toda a elite, se o \u00e9, \u00e9 popular. Deus \u00e9 povo!<\/p>\n<p>Imagine-se que ao lado destes caminhos se juntavam n\u00e3o s\u00f3 par\u00f3quias e Freguesias mas tamb\u00e9m roteiros da arte e centros de veraneio ecol\u00f3gico com artistas e iniciativas ao vivo onde se revivesse o brio das aldeias t\u00e3o necessitadas da dignidade roubada por uma pol\u00edtica prolet\u00e1ria que apenas conhece o fomento da cidade Zeca!&#8230;<\/p>\n<p>Uma sociedade t\u00e9cnica n\u00e3o pode desprezar o percurso pedonal, a que se deveria ligar a bicicleta e tamb\u00e9m o cavalo. De trinta em trinta quil\u00f3metros seriam necess\u00e1rios albergues dignos e econ\u00f3micos. A Comiss\u00e3o Europeia certamente apoiaria com milh\u00f5es um projecto que ligasse aspectos hist\u00f3ricos, culturais e recreativos dum turismo n\u00e3o s\u00f3 espiritual como alternativo a toda a Europa. Valeria a pena iniciar um caminho inici\u00e1tico na descoberta do comum das paisagens interiores e exteriores. Neste trajecto n\u00e3o faltariam certamente liga\u00e7\u00f5es aos templ\u00e1rios. Tudo isto na continua\u00e7\u00e3o da descoberta do Santo Grahal.<\/p>\n<p>Ant\u00f3nio Justo<\/span><\/p>\n<p>Publicado em Comunidades:<\/p>\n<p>http:\/\/web.archive.org\/web\/20080430103606\/http:\/\/blog.comunidades.net\/justo\/index.php?op=arquivo&#038;mmes=08&#038;anon=2007<\/p>\n<div align=\"right\"><b>Ant\u00f3nio da Cunha Duarte Justo<\/b><\/div>\n<p><span class=\"texto\"><br \/>\n<a href=\"http:\/\/web.archive.org\/web\/20080430103606\/http:\/\/blog.comunidades.net\/justo\/index.php?op=coment&amp;idtopico=198797\">Adicionar coment\u00e1rio<\/a><br \/>\n<\/span> <span class=\"titulo\"> Coment\u00e1rios:<\/span><\/p>\n<table class=\"linha-separadora\" width=\"100%\">\n<tbody>\n<tr>\n<td class=\"texto-comentarios\"><b> <\/b>&#8211; &#8211; &#8211; 2007-10-10<br \/>\nCaro Ant\u00f3nio Justo:<br \/>\nFoi com muito agrado que encontrei este seu texto numa busca ocasional na net.<br \/>\nDeus p\u00f5e em contacto as almas quando se trata de fazer avan\u00e7ar as boas ideias e obras.<br \/>\nSomos um grupo da par\u00f3quia de Carcavelos (Cascais) que nos \u00faltimos 3 anos temos peregrinado pelos caminhos de Santiago; desejamos concretizar uma experi\u00eancia de apoio aos peregrinos, tomando conta de um albergue durante parte do ano.<br \/>\nEu penso que seria important\u00edss\u00edmo dinamizar o(s) caminho(s) para F\u00e1tima, irmanando-os com os de Santiago (n\u00e3o \u00e9 por acaso que S.Tiago foi sobrinho de Nossa Senhora).<br \/>\nCumprimentos<br \/>\nLuis Nogueira Ramos<\/p>\n<div align=\"right\"><b>Luis Miguel Nogueira Ramos<\/b><\/div>\n<\/td>\n<\/tr>\n<\/tbody>\n<\/table>\n<table class=\"linha-separadora\" width=\"100%\">\n<tbody>\n<tr>\n<td class=\"texto-comentarios\"><b> Estudante <\/b>&#8211; &#8211; &#8211; 2007-08-27<br \/>\nJusto: sua escrita \u00e9 corrosiva. E pergunto a mim por quais labirintos imateriais conseguiu achar meu saite? Obrigado pelo sincero comentario e espero agrada-lo mais com textos meus e imagens trabalhadas por mim ou de referencia historica.<br \/>\nMoro no Brasil, Mato Grosso. Se um dia quiser caminhar pelo &#8220;caminho das cachoeiras&#8221; estarei ao seu dispor para compartilhar os sentidos abertos.<br \/>\nte abra\u00e7o<br \/>\nAfonso Alves<br \/>\ndionisios.zip.net<\/p>\n<div align=\"right\"><b>Afonso Alves<\/b><\/div>\n<\/td>\n<\/tr>\n<\/tbody>\n<\/table>\n<table class=\"linha-separadora\" width=\"100%\">\n<tbody>\n<tr>\n<td class=\"texto-comentarios\"><b> Portugal &#8211; Povo nas valetas das estradas <\/b>&#8211; &#8211; &#8211; 2007-08-27<br \/>\nCar\u00edssimo e Ilustre<br \/>\nProfessor Ant\u00f3nio Justo,<\/p>\n<p>Antes de mais, quero saudar o seu regresso a este espa\u00e7o, depois das f\u00e9rias em Portugal.<\/p>\n<p>E assinalar, tamb\u00e9m, assunto que nos tr\u00e1s \u00e0 nossa aprecia\u00e7\u00e3o, por ser mais do que pertinente, ACTUAL!<\/p>\n<p>Infelizmente, temos em Portugal um Poder Aut\u00e1rquico cego, surdo e mudo e, sobretudo, insens\u00edvel \u00e0s quest\u00f5es de natureza espiritual, mas que s\u00f3 se lembram que elas existem quando h\u00e1 elei\u00e7\u00f5es&#8230;<\/p>\n<p>Do Governo da Na\u00e7\u00e3o nem vale a pena falar, pois s\u00f3 est\u00e1 preocupado com as altas negociatas, como as &#8220;OTAS&#8221;, que nem OTA nem DESOTA, e a rejei\u00e7\u00e3o das alternativas que lhes est\u00e3o a tentar imp\u00f4r&#8230; Onde, tamb\u00e9m, o Presidente da Rep\u00fablica mais parece andar a presidencializar noutra gal\u00e1xia que n\u00e3o \u00e9 Portugal&#8230;<\/p>\n<p>Neste ambiente, o que se poder\u00e1 esperar da Igreja Cat\u00f3lica e das autoridades religiosas?&#8230;<\/p>\n<p>As quest\u00f5es que coloca s\u00e3o de uma import\u00e2ncia plural que, s\u00f3 neste pobre pa\u00eds, passam ao lado, porque os que det\u00eam responsabilidades de planeamento e de investimento, porque s\u00e3o incompetentes e sem sensibilidade, fazem vista grossa&#8230;<\/p>\n<p>Depois de aprovada \u00e0 for\u00e7a, por imposi\u00e7\u00e3o de um Primeiro-Ministro Socr\u00e1tico e ATEU, como \u00e9 Jos\u00e9 S\u00f3crates, a IVG &#8211; Interven\u00e7\u00e3o Volunt\u00e1ria da Gravidez com menos de 30% dos votantes, porque as absten\u00e7\u00f5es galoparam para mais de 50%, o que \u00e9 de esperar?&#8230;<\/p>\n<p>\u00c9 este o Pa\u00eds que temos e os governantes incompetentes que est\u00e3o mais apostados em destruir, fazer terra queimada, do pouco que resta de Portugal&#8230;<\/p>\n<p>De um Portugal, cada vez mais, a caminhar para a cauda da Europa, com Malta a ultrapassar-nos, e ningu\u00e9m tem olhos na cara para ver esta situa\u00e7\u00e3o gritante e escandalosa&#8230; Mas, acima de tudo, est\u00e1 a exercer a Presid\u00eancia da Uni\u00e3o Europeia, que se prepara para fazer aprovar a Constitui\u00e7\u00e3o Europeia ou outro documento equiparado, sem que os portugueses tenham o direito de se expressar em REFERENDO, e o mais grave com a cobertura pol\u00edtica do Presidente da Rep\u00fablica&#8230;<\/p>\n<p>\u00c9 este o Portugal livre e democr\u00e1tico sa\u00eddo da &#8220;dita&#8221; Revolu\u00e7\u00e3o dos Cravos, de 25.Abril.1974!&#8230;<\/p>\n<p>Quando, paulatinamente, tudo isto se passa num Pa\u00eds onde os Governantes, a come\u00e7ar pelo Primeiro-Ministro, cada vez mais mentem e atropelam e postergam os mais elementares Direitos de Cidadania dos portugueses, as quest\u00f5es que acaba de levantar no seu l\u00facido, competente e inteligente artigo (post), infelizmente, acabam, na \u00f3ptica deles, por n\u00e3o passar de meros &#8220;amendoins&#8221; que nem os macacos os querem porque s\u00e3o p\u00f4dres&#8230;<\/p>\n<p>Perante todo este cen\u00e1rio, afigura-se-me, salvo melhor opini\u00e3o, que da parte da Igreja Cat\u00f3lica se assiste, tamb\u00e9m, a um cruzar de bra\u00e7os, por conformismo, porque os seus respons\u00e1veis parecem permanecer cristalizados&#8230;<\/p>\n<p>E eu, a t\u00edtulo de exemplo, pergunto:<\/p>\n<p>&#8211; Hoje, por onde anda a ent\u00e3o voz inc\u00f3moda de Dom Manuel Martins, Bispo Em\u00e9rito de Set\u00fabal?<\/p>\n<p>A receber comendas e condecora\u00e7\u00f5es atribu\u00eddas pelo Governo no 10 de Junho?&#8230;<\/p>\n<p>Nunca, em Portugal, a situa\u00e7\u00e3o pol\u00edtica, econ\u00f3mica e social, atingiu foros de t\u00e3o elevado esc\u00e2ndalo e imoralidade como a que se est\u00e1 a viver! E a voz da Igreja Cat\u00f3lica n\u00e3o se faz ouvir porqu\u00ea?&#8230;<\/p>\n<p>No t\u00edtulo do seu excelente, oportuno e objectivo post, refere: &#8220;Portugal &#8211; Povo nas Valetas das Estradas&#8221;, mas, pela leitura que me permito fazer da actual situa\u00e7\u00e3o, diria: Portugal &#8211; Povo nas sarjetas das ruas e das estradas&#8230;<\/p>\n<p>\u00c9 esta a considera\u00e7\u00e3o e o respeito que o Primeiro-Ministro, Governo e Presidente da Rep\u00fablica est\u00e3o a manifestar pelos PORTUGUESES!<\/p>\n<p>__________________________<\/p>\n<p>Paulo M. A. Martins<br \/>\nJornalista Luso-Brasileiro<br \/>\nFortaleza (CE)<br \/>\nBrasil<\/p>\n<div align=\"right\"><b>Paulo M. A. Martins<\/b><\/div>\n<\/td>\n<\/tr>\n<\/tbody>\n<\/table>\n<table class=\"linha-separadora\" width=\"100%\">\n<tbody>\n<tr>\n<td class=\"texto-comentarios\"><b> Povo nas Valetas <\/b>&#8211; &#8211; &#8211; 2007-08-23<br \/>\nOs Presidentes da C\u00e2mara deveriam ter mais iniciativa para poderem revitalizar a prov\u00edncia.<br \/>\nTamb\u00e9m \u00e9 um facto que os governos seguem uma pol\u00edtica de terra queimada para o interior e para o norte. Os deputados s\u00e3o servidores dos seus partidos que ainda n\u00e3o decobriram Portugal.<br \/>\nS\u00f3 conta Lisboa!<br \/>\nSauda\u00e7\u00f5es de Berlin<\/p>\n<div align=\"right\"><b>Manuel Henriques<\/b><\/div>\n<\/td>\n<\/tr>\n<\/tbody>\n<\/table>\n<table class=\"linha-separadora\" width=\"100%\">\n<tbody>\n<tr>\n<td class=\"texto-comentarios\"><b> Sauda\u00e7\u00f5es da Branca <\/b>&#8211; &#8211; &#8211; 2007-08-21<br \/>\nPrezado Paulo Santos:<br \/>\nObrigado pela sua visita. Recordo com muita satisfa\u00e7\u00e3o a cidade da Branca e o Bar Colinas com tanta atmosfera e n\u00edvel! Parab\u00e9ns!<br \/>\nUm abra\u00e7o<br \/>\nAnt\u00f3nio Justo<\/p>\n<div align=\"right\"><b>Ant\u00f3nio Justo<\/b><\/div>\n<\/td>\n<\/tr>\n<\/tbody>\n<\/table>\n","protected":false},"excerpt":{"rendered":"<p>Portugal \u2013 Povo nas Valetas das Estradas 2007-08-17 Caminho de F\u00e1tima na Continua\u00e7\u00e3o dos Caminhos de Santiago Um Estado sem respeito pelo povo continua a mandar para a valeta da estrada o seu povo. Um Estado que apenas se preocupa com estradas e auto-estradas para os instalados da vida e para os contribuintes despreza o &hellip; <a href=\"https:\/\/antonio-justo.eu\/?p=6236\" class=\"more-link\">Continuar a ler <span class=\"screen-reader-text\">Portugal \u2013 Povo nas Valetas das Estradas<\/span><\/a><\/p>\n","protected":false},"author":1,"featured_media":0,"comment_status":"open","ping_status":"open","sticky":false,"template":"","format":"standard","meta":{"sfsi_plus_gutenberg_text_before_share":"","sfsi_plus_gutenberg_show_text_before_share":"","sfsi_plus_gutenberg_icon_type":"","sfsi_plus_gutenberg_icon_alignemt":"","sfsi_plus_gutenburg_max_per_row":"","footnotes":""},"categories":[15,7,8,16],"tags":[],"class_list":["post-6236","post","type-post","status-publish","format-standard","hentry","category-cultura","category-politica","category-religiao","category-sociedade"],"_links":{"self":[{"href":"https:\/\/antonio-justo.eu\/index.php?rest_route=\/wp\/v2\/posts\/6236","targetHints":{"allow":["GET"]}}],"collection":[{"href":"https:\/\/antonio-justo.eu\/index.php?rest_route=\/wp\/v2\/posts"}],"about":[{"href":"https:\/\/antonio-justo.eu\/index.php?rest_route=\/wp\/v2\/types\/post"}],"author":[{"embeddable":true,"href":"https:\/\/antonio-justo.eu\/index.php?rest_route=\/wp\/v2\/users\/1"}],"replies":[{"embeddable":true,"href":"https:\/\/antonio-justo.eu\/index.php?rest_route=%2Fwp%2Fv2%2Fcomments&post=6236"}],"version-history":[{"count":1,"href":"https:\/\/antonio-justo.eu\/index.php?rest_route=\/wp\/v2\/posts\/6236\/revisions"}],"predecessor-version":[{"id":6237,"href":"https:\/\/antonio-justo.eu\/index.php?rest_route=\/wp\/v2\/posts\/6236\/revisions\/6237"}],"wp:attachment":[{"href":"https:\/\/antonio-justo.eu\/index.php?rest_route=%2Fwp%2Fv2%2Fmedia&parent=6236"}],"wp:term":[{"taxonomy":"category","embeddable":true,"href":"https:\/\/antonio-justo.eu\/index.php?rest_route=%2Fwp%2Fv2%2Fcategories&post=6236"},{"taxonomy":"post_tag","embeddable":true,"href":"https:\/\/antonio-justo.eu\/index.php?rest_route=%2Fwp%2Fv2%2Ftags&post=6236"}],"curies":[{"name":"wp","href":"https:\/\/api.w.org\/{rel}","templated":true}]}}