{"id":6225,"date":"2020-11-29T15:45:17","date_gmt":"2020-11-29T14:45:17","guid":{"rendered":"https:\/\/antonio-justo.eu\/?p=6225"},"modified":"2020-11-29T15:46:10","modified_gmt":"2020-11-29T14:46:10","slug":"incesto-dois-irmaos-juntam-se-e-geram-quatro-filhos","status":"publish","type":"post","link":"https:\/\/antonio-justo.eu\/?p=6225","title":{"rendered":"Incesto \u2013 dois irm\u00e3os juntam-se e geram quatro filhos"},"content":{"rendered":"<p><span class=\"titulo\"> <b>Incesto \u2013 dois irm\u00e3os juntam-se e geram quatro filhos<\/b> <\/span><br \/>\n<span class=\"texto\"> 2007-02-28 <\/span><\/p>\n<p><span class=\"texto\"> Na Fran\u00e7a n\u00e3o h\u00e1 pena judicial para o incesto e na Alemanha espera-se a decis\u00e3o do tribunal constitucional para se saber se as rela\u00e7\u00f5es sexuais entre familiares do primeiro grau e o casamento entre irm\u00e3os ser\u00e3o pen\u00edveis.<\/span><\/p>\n<p>\u00c9 a eterna quest\u00e3o de \u00c9dipo que teve 4 filhos com a sua m\u00e3e. Na Alemanha avaliam-se em 10.000 pessoas fruto de rela\u00e7\u00f5es incestuosas.<\/p>\n<p>Em Leipzig dois irm\u00e3os que antes n\u00e3o se conheciam juntaram-se e tiveram j\u00e1 quatro filhos. Patrick (hoje com32 anos) que depois duma odisseia passada em lares para crian\u00e7as consegue descobrir a sua m\u00e3e e conhece pela primeira vez a sua irm\u00e3 Susann (hoje com 22 anos). Meio ano depois morre a m\u00e3e e o amor nascido do encontro entre os dois irm\u00e3os cimenta-se.<\/p>\n<p>Juntam-se e t\u00eam filhos sendo Patrik, por isso, condenado pelo tribunal a dois anos de pris\u00e3o. Uma vez cumprida a pena de novo t\u00eam uma filha agora de dois anos. De novo \u00e0 pega com a justi\u00e7a apelou para o tribunal constitucional, aguardando decis\u00e3o deste.<\/p>\n<p>O seu advogado argumenta que a lei al\u00e9m de constituir uma usurpa\u00e7\u00e3o do direito fundamental de autodetermina\u00e7\u00e3o vai contra a liberdade de op\u00e7\u00e3o em quest\u00f5es de sexo e de organiza\u00e7\u00e3o da vida familiar. Para o defensor o incesto n\u00e3o est\u00e1 na origem de problemas na fam\u00edlia como antigamente se cria sendo pelo contr\u00e1rio a consequ\u00eancia de problemas familiares. Argumenta tamb\u00e9m que os riscos heredit\u00e1rios provenientes de rela\u00e7\u00f5es incestuosas n\u00e3o constituem argumento dado n\u00e3o haver proibi\u00e7\u00e3o de rela\u00e7\u00f5es sexuais a pessoas com doen\u00e7as heredit\u00e1rias. Patrick j\u00e1 se esterilizou porque quer viver com a irm\u00e3.<\/p>\n<p>A tradi\u00e7\u00e3o comum de todas as religi\u00f5es considerarem o incesto como tabu corresponde a uma necessidade de protec\u00e7\u00e3o importante da fam\u00edlia e da esp\u00e9cie.<\/p>\n<p>Em tempos em que todos os tabus sexuais caem ainda faltava este da rela\u00e7\u00e3o sexual entre pais e filhos e entre irm\u00e3os.<\/p>\n<p>A proibi\u00e7\u00e3o universal do incesto em todas as religi\u00f5es \u00e9 importante porque debaixo da proibi\u00e7\u00e3o se esconde a ideia de protec\u00e7\u00e3o, dignidade e respeito. Protec\u00e7\u00e3o contra as doen\u00e7as gen\u00e9ticas heredit\u00e1rias que resultam de rela\u00e7\u00f5es incestuosas. Protec\u00e7\u00e3o dos filhos e da intimidade e da paz na fam\u00edlia. As crian\u00e7as estariam indefesas perante os pais. Hoje \u00e9 por demais conhecido o crime com crian\u00e7as v\u00edtimas do abuso sexual de pais e as consequ\u00eancias ps\u00edquicas de que as v\u00edtimas sofrem.<\/p>\n<p>O ser humano \u00e9 tanto mais livre quanto mais conseguir n\u00e3o ser v\u00edtima ou objecto dos seus instintos e necessidades exageradas. Confunde-se liberdade com libertinagem \u00e0 margem da responsabilidade social e natural. D\u00e1-se uma desnaturaliza\u00e7\u00e3o do \u00f3rg\u00e3o que em vez de passar a existir em fun\u00e7\u00e3o dum organismo ou de um todo, em fun\u00e7\u00e3o duma necessidade telel\u00f3gica, passa a existir em fun\u00e7\u00e3o de si mesmo como acontece com o tumor canceroso.<br \/>\nN\u00e3o ser\u00e1 que nos encontramos a caminho do embrutecimento? Os nossos av\u00f3s ainda sabiam que \u201cvalores eram verdades morais mergulhadas no sagrado\u201d. Uma sociedade desorientada n\u00e3o quer saber de medidas de orienta\u00e7\u00e3o para o comportamento e menos ainda de normas. Estas cheiram a responsabilidade ou a bafio religioso.<br \/>\nAnt\u00f3nio Justo<\/p>\n<p>Publicado em Comunidade:<\/p>\n<p>http:\/\/web.archive.org\/web\/20080430103235\/http:\/\/blog.comunidades.net\/justo\/index.php?op=arquivo&#038;mmes=02&#038;anon=2007<\/p>\n<div align=\"right\"><b>Ant\u00f3nio da Cunha Duarte Justo<\/b><\/div>\n","protected":false},"excerpt":{"rendered":"<p>Incesto \u2013 dois irm\u00e3os juntam-se e geram quatro filhos 2007-02-28 Na Fran\u00e7a n\u00e3o h\u00e1 pena judicial para o incesto e na Alemanha espera-se a decis\u00e3o do tribunal constitucional para se saber se as rela\u00e7\u00f5es sexuais entre familiares do primeiro grau e o casamento entre irm\u00e3os ser\u00e3o pen\u00edveis. \u00c9 a eterna quest\u00e3o de \u00c9dipo que teve &hellip; <a href=\"https:\/\/antonio-justo.eu\/?p=6225\" class=\"more-link\">Continuar a ler <span class=\"screen-reader-text\">Incesto \u2013 dois irm\u00e3os juntam-se e geram quatro filhos<\/span><\/a><\/p>\n","protected":false},"author":1,"featured_media":0,"comment_status":"open","ping_status":"open","sticky":false,"template":"","format":"standard","meta":{"sfsi_plus_gutenberg_text_before_share":"","sfsi_plus_gutenberg_show_text_before_share":"","sfsi_plus_gutenberg_icon_type":"","sfsi_plus_gutenberg_icon_alignemt":"","sfsi_plus_gutenburg_max_per_row":"","footnotes":""},"categories":[4,16],"tags":[],"class_list":["post-6225","post","type-post","status-publish","format-standard","hentry","category-educacao","category-sociedade"],"_links":{"self":[{"href":"https:\/\/antonio-justo.eu\/index.php?rest_route=\/wp\/v2\/posts\/6225","targetHints":{"allow":["GET"]}}],"collection":[{"href":"https:\/\/antonio-justo.eu\/index.php?rest_route=\/wp\/v2\/posts"}],"about":[{"href":"https:\/\/antonio-justo.eu\/index.php?rest_route=\/wp\/v2\/types\/post"}],"author":[{"embeddable":true,"href":"https:\/\/antonio-justo.eu\/index.php?rest_route=\/wp\/v2\/users\/1"}],"replies":[{"embeddable":true,"href":"https:\/\/antonio-justo.eu\/index.php?rest_route=%2Fwp%2Fv2%2Fcomments&post=6225"}],"version-history":[{"count":2,"href":"https:\/\/antonio-justo.eu\/index.php?rest_route=\/wp\/v2\/posts\/6225\/revisions"}],"predecessor-version":[{"id":6227,"href":"https:\/\/antonio-justo.eu\/index.php?rest_route=\/wp\/v2\/posts\/6225\/revisions\/6227"}],"wp:attachment":[{"href":"https:\/\/antonio-justo.eu\/index.php?rest_route=%2Fwp%2Fv2%2Fmedia&parent=6225"}],"wp:term":[{"taxonomy":"category","embeddable":true,"href":"https:\/\/antonio-justo.eu\/index.php?rest_route=%2Fwp%2Fv2%2Fcategories&post=6225"},{"taxonomy":"post_tag","embeddable":true,"href":"https:\/\/antonio-justo.eu\/index.php?rest_route=%2Fwp%2Fv2%2Ftags&post=6225"}],"curies":[{"name":"wp","href":"https:\/\/api.w.org\/{rel}","templated":true}]}}