{"id":6208,"date":"2020-11-20T21:52:08","date_gmt":"2020-11-20T20:52:08","guid":{"rendered":"https:\/\/antonio-justo.eu\/?p=6208"},"modified":"2020-11-23T11:40:07","modified_gmt":"2020-11-23T10:40:07","slug":"a-disputa-familiar-na-ue","status":"publish","type":"post","link":"https:\/\/antonio-justo.eu\/?p=6208","title":{"rendered":"A DISPUTA FAMILIAR ESCUSADA NUMA UNI\u00c3O EUROPEIA DIVERGIDA"},"content":{"rendered":"<h3 style=\"text-align: center;\"><strong>A Pol\u00f3nia e a Hungria bloquearam o Or\u00e7amento Europeu\u00a0 e os apoios Corona<\/strong><\/h3>\n<p>A Pol\u00f3nia e a Hungria interromperam o or\u00e7amento da UE e o pacote de ajuda Corona fazendo uso do seu veto. \u00c9 uma decis\u00e3o problem\u00e1tica, mas que h\u00e1 muito era de esperar, para quem seguia com aten\u00e7\u00e3o a discuss\u00e3o a n\u00edvel europeu&#8230;<\/p>\n<p>Se os pol\u00edticos e jornalistas ocidentais n\u00e3o pararem, por raz\u00f5es ideol\u00f3gicas, de instigarem a opini\u00e3o p\u00fablica contra os governos democraticamente eleitos do leste europeu e continuarem na amea\u00e7a de os castigar monetariamente, causam s\u00e9rios danos \u00e0 comunidade europeia. Os dinheiros agora necess\u00e1rios para que os pa\u00edses ponham em andamentos as suas economias faltam mais que nunca.<\/p>\n<p>N\u00e3o reparam sequer na trave que trazem nos seus pr\u00f3prios olhos, convencidos que ao dinheiro tudo se verga.\u00a0 De facto est\u00e3o tamb\u00e9m a causar s\u00e9rios problemas especialmente \u00e0 Pol\u00f3nia e \u00e0 Hungria, para quem a Alemanha (agora \u00e0 frente da EU) tem uma grande d\u00edvida de gratid\u00e3o e, neste sentido, a maioria da popula\u00e7\u00e3o provavelmente n\u00e3o consegue compreender porque \u00e9 que precisamente a Alemanha queira ditar senten\u00e7as nas suas quest\u00f5es internas, precisamente neste momento. Com estes confrontos corre-se o perigo de ainda se desestabilizam mais as for\u00e7as reformistas naqueles pa\u00edses.<\/p>\n<p>A UE tem atualmente desafios mais importantes a ultrapassar. Os h\u00fangaros e polacos, ainda conscientes da sua soberania n\u00e3o desejam ceder aos planos da Alemanha de aceitar migrantes, mesmo em troca de pagamentos financeiros.<\/p>\n<p>A UE tem sido severamente prejudicada durante anos com viola\u00e7\u00f5es da lei. Tamb\u00e9m durante anos, a UE cometeu infrac\u00e7\u00f5es como em quest\u00f5es da &#8220;No-Bail-Out-Klausel&#8221; do Acordo de Dublin (Cl\u00e1usula de Proibi\u00e7\u00e3o de Cau\u00e7\u00e3o, onde se afirmava que um Estado-Membro da UE n\u00e3o pode ser financeiramente respons\u00e1vel por outro Estado). Tamb\u00e9m o acto unilateral humanit\u00e1rio e crist\u00e3o da abertura das fronteiras alem\u00e3s ao fluxo migrat\u00f3rio de 2015 teve como consequ\u00eancia a revis\u00e3o (1) da Conven\u00e7\u00e3o de Dublin (Regulamenta\u00e7\u00e3o relativa \u00e0 imigra\u00e7\u00e3o de refugiados na Uni\u00e3o Europeia), provocando a instabilidade nas fronteiras de v\u00e1rios povos da EU, vindo-se estes confrontados com a vinda incontrolada de povos mu\u00e7ulmanos e africanos.<\/p>\n<p>A Alemanha, e na sua sequela a UE, n\u00e3o pode querer regular tudo apenas com medidas econ\u00f3micas. As quest\u00f5es ideol\u00f3gicas podem ser postergadas para uma melhor altura!<\/p>\n<p>Em tempos de crise n\u00e3o se justifica desperdi\u00e7ar-se tempo em guerra econ\u00f3mica nem em guerra ideol\u00f3gica.<\/p>\n<p>Deixo aqui claro que o texto n\u00e3o pretende tomar partido por nenhumas das partes mas referir aspectos que desapaixonem o assunto em discuss\u00e3o: De facto, tamb\u00e9m em nome do direito, pot\u00eancias mundiais t\u00eam interferido em \u00c1frica vendo-se como resultado o pioramento da situa\u00e7\u00e3o naqueles pa\u00edses e a fuga da classe m\u00e9dia para a Europa.<\/p>\n<p>Em causa est\u00e3o Estados de regime democr\u00e1tico, a serem respeitados, at\u00e9 porque ainda h\u00e1 pouco se libertaram da ditadura socialista, precisando de um pouco mais de tempo para se restabelecerem democraticamente.\u00a0 O argueiro no pr\u00f3prio olho leva-nos a falar da injusti\u00e7a naqueles estados e a calar a injusti\u00e7a em Portugal. O facto de num pa\u00eds governar a esquerda e nos outros a direita n\u00e3o podem ser motivo para se branquear a injusti\u00e7a num lado nem de a acentuar ainda mais no outro.<\/p>\n<p>Para sair do empasse, outros 25 Estados poderiam, em vez do apoio Corona, criar um fundo de resgate ESM para o efeito, mas o autofinanciamento do fundo requer unanimidade.<\/p>\n<p>De acordo com um inqu\u00e9rito, 70% dos polacos n\u00e3o s\u00e3o relutantes em apoiar a liga\u00e7\u00e3o dos fundos da UE ao Estado de direito.<\/p>\n<p>A UE espera que a crescente exig\u00eancia do povo polaco para a legaliza\u00e7\u00e3o do aborto e reconhecimento da homossexualidade levem o governo polaco a aceitar as condi\u00e7\u00f5es exigidas pela EU. Bruxelas tamb\u00e9m espera que a press\u00e3o contra a corrup\u00e7\u00e3o na Hungria aumente e assim o governo esteja mais receptivo a reconhecer a liga\u00e7\u00e3o dos fundos da UE ao Estado de direito.<\/p>\n<p>Importante \u00e9, juntos, combater-se a injusti\u00e7a num lado e no outro. Torna-se necess\u00e1rio criar uma zona de discuss\u00e3o, \u00e0 margem dos interesses, ou que tenha em conta todos os interesses e os considere com respeito e racionalidade para assim se chegar a compromissos. Doutro modo fomentamos a afirma\u00e7\u00e3o de polo contra polo, legitimando assim o clima guerreiro.<\/p>\n<p><strong>Ant\u00f3nio da Cunha Duarte Justo<\/strong><\/p>\n<p>Pegadas do Tempo,<\/p>\n<p>&nbsp;<\/p>\n<ul>\n<li>(1) A revis\u00e3o da Conven\u00e7\u00e3o de Dublin (Regulamenta\u00e7\u00e3o relativa \u00e0 imigra\u00e7\u00e3o de refugiados) foi uma consequ\u00eancia dos grandes fluxos migrat\u00f3rios de 2015, quando o princ\u00edpio de que o procedimento de asilo era da responsabilidade do pa\u00eds de primeira chegada, o que tornou o Regulamento Dublin II e III obsoleto. Para resolver o problema foi aprovado em Novembro 2017 o regulamento Dublin-IV. Com a introdu\u00e7\u00e3o de Dublin IV, os requerentes de asilo passam a ter o direito de ir para o pa\u00eds onde j\u00e1 residam os seus membros da fam\u00edlia ou familiares. O pa\u00eds em que residem os familiares dos requerentes ser\u00e1 assim o respons\u00e1vel pelo processo de asilo. Assim se tentou impedir que a reintrodu\u00e7\u00e3o dos controlos fronteiri\u00e7os nas fronteiras internas da UE iniciada por alguns estados em 2015 devida \u00e0 chamada crise dos refugiados.<\/li>\n<\/ul>\n<p>&nbsp;<\/p>\n<p>&nbsp;<\/p>\n<p>&nbsp;<\/p>\n<p>&nbsp;<\/p>\n","protected":false},"excerpt":{"rendered":"<p>A Pol\u00f3nia e a Hungria bloquearam o Or\u00e7amento Europeu\u00a0 e os apoios Corona A Pol\u00f3nia e a Hungria interromperam o or\u00e7amento da UE e o pacote de ajuda Corona fazendo uso do seu veto. \u00c9 uma decis\u00e3o problem\u00e1tica, mas que h\u00e1 muito era de esperar, para quem seguia com aten\u00e7\u00e3o a discuss\u00e3o a n\u00edvel europeu&#8230; &hellip; <a href=\"https:\/\/antonio-justo.eu\/?p=6208\" class=\"more-link\">Continuar a ler <span class=\"screen-reader-text\">A DISPUTA FAMILIAR ESCUSADA NUMA UNI\u00c3O EUROPEIA DIVERGIDA<\/span><\/a><\/p>\n","protected":false},"author":1,"featured_media":0,"comment_status":"open","ping_status":"open","sticky":false,"template":"","format":"standard","meta":{"sfsi_plus_gutenberg_text_before_share":"","sfsi_plus_gutenberg_show_text_before_share":"","sfsi_plus_gutenberg_icon_type":"","sfsi_plus_gutenberg_icon_alignemt":"","sfsi_plus_gutenburg_max_per_row":"","footnotes":""},"categories":[15,14,6,7],"tags":[],"class_list":["post-6208","post","type-post","status-publish","format-standard","hentry","category-cultura","category-economia","category-migracao","category-politica"],"_links":{"self":[{"href":"https:\/\/antonio-justo.eu\/index.php?rest_route=\/wp\/v2\/posts\/6208","targetHints":{"allow":["GET"]}}],"collection":[{"href":"https:\/\/antonio-justo.eu\/index.php?rest_route=\/wp\/v2\/posts"}],"about":[{"href":"https:\/\/antonio-justo.eu\/index.php?rest_route=\/wp\/v2\/types\/post"}],"author":[{"embeddable":true,"href":"https:\/\/antonio-justo.eu\/index.php?rest_route=\/wp\/v2\/users\/1"}],"replies":[{"embeddable":true,"href":"https:\/\/antonio-justo.eu\/index.php?rest_route=%2Fwp%2Fv2%2Fcomments&post=6208"}],"version-history":[{"count":11,"href":"https:\/\/antonio-justo.eu\/index.php?rest_route=\/wp\/v2\/posts\/6208\/revisions"}],"predecessor-version":[{"id":6220,"href":"https:\/\/antonio-justo.eu\/index.php?rest_route=\/wp\/v2\/posts\/6208\/revisions\/6220"}],"wp:attachment":[{"href":"https:\/\/antonio-justo.eu\/index.php?rest_route=%2Fwp%2Fv2%2Fmedia&parent=6208"}],"wp:term":[{"taxonomy":"category","embeddable":true,"href":"https:\/\/antonio-justo.eu\/index.php?rest_route=%2Fwp%2Fv2%2Fcategories&post=6208"},{"taxonomy":"post_tag","embeddable":true,"href":"https:\/\/antonio-justo.eu\/index.php?rest_route=%2Fwp%2Fv2%2Ftags&post=6208"}],"curies":[{"name":"wp","href":"https:\/\/api.w.org\/{rel}","templated":true}]}}