{"id":6188,"date":"2020-11-02T21:29:05","date_gmt":"2020-11-02T20:29:05","guid":{"rendered":"https:\/\/antonio-justo.eu\/?p=6188"},"modified":"2020-11-03T22:42:03","modified_gmt":"2020-11-03T21:42:03","slug":"aviso-do-estadista-helmut-schmidt-a-uma-politica-fora-de-servico","status":"publish","type":"post","link":"https:\/\/antonio-justo.eu\/?p=6188","title":{"rendered":"AVISO DO ESTADISTA HELMUT SCHMIDT A UMA POL\u00cdTICA FORA DE SERVI\u00c7O"},"content":{"rendered":"<h4 style=\"text-align: center;\">Cada cultura procura afirmar-se com os meios que tem<\/h4>\n<p>Por Ant\u00f3nio Justo<\/p>\n<p>Aos atentados em Fran\u00e7a segue-se o ataque terrorista (2.11.2020) no centro da cidade de Viena de \u00c1ustria, perto de uma sinagoga.\u00a0\u00a0 Foi perpetrado por um islamista de ra\u00edzes albanesas, simpatizante da mil\u00edcia terrorista do \u201cEstado Isl\u00e2mico\u201d, segundo o ministro do interior austr\u00edaco. Matou dois homens e duas mulheres e feriu 17 pessoas das quais 7 se encontram em perigo de vida. O atacante foi baleado. As investiga\u00e7\u00f5es continuam.<\/p>\n<p>O terrorismo mu\u00e7ulmano internacional est\u00e1 interessado em provocar e em causar reac\u00e7\u00f5es contra mu\u00e7ulmanos para melhor poder juntar as suas fileiras e atacar.<\/p>\n<p>O estadista e antigo chanceler alem\u00e3o Helmut Schmidt (SPD) escreveu em 2008 o seu livro Au\u00dferdienst (\u201cFora de servi\u00e7o, O que eu queria dizer\u201d), que se poderia designar de\u00a0testamento pol\u00edtico (1).<\/p>\n<p><strong>Em rela\u00e7\u00e3o ao isl\u00e3o ele escreveu: &#8220;Quem quiser aumentar o n\u00famero de mu\u00e7ulmanos na Alemanha est\u00e1 preparado para aceitar uma crescente amea\u00e7a ao nosso pa\u00eds\u201d.<\/strong><\/p>\n<p><strong>H<\/strong>elmut Schmidt chama tamb\u00e9m \u00e0 aten\u00e7\u00e3o: \u201cQuando se trata de princ\u00edpios pol\u00edticos e morais ou da sua pr\u00f3pria consci\u00eancia, nunca se est\u00e1 fora de servi\u00e7o&#8221;.<\/p>\n<p>O assassinato (decapita\u00e7\u00e3o) do professor Samuel Paty e o atentado (degola\u00e7\u00e3o)\u00a0na Catedral de Nice \u00e9 inimagin\u00e1vel. <strong>N\u00e3o cabe na cabe\u00e7a de ningu\u00e9m que pessoas humanas possam ser t\u00e3o brutais por natureza. Apenas uma lavagem diab\u00f3lica ao c\u00e9rebro dos jovens produz tais fen\u00f3menos.<\/strong><\/p>\n<p>Penso que o problema n\u00e3o est\u00e1 nos mu\u00e7ulmanos, mas na possibilidade de aplica\u00e7\u00e3o da viol\u00eancia contida e ditada nos escritos de Maom\u00e9 no Cor\u00e3o.<strong>\u00a0 Se antes da Egira (ida de Maom\u00e9 de Meca para Medina, ano 622) se registam as suras de Maom\u00e9 religioso (as suras pac\u00edficas escritas em Meca), a parte do Cor\u00e3o escrito em Medina revela sobretudo o\u00a0Maom\u00e9 guerreiro e estadista (Vers\u00edculos do Cor\u00e3o escritos depois da Egira).<\/strong><\/p>\n<p><strong>O Cor\u00e3o une a religiosidade \u00e0 pol\u00edtica, o \u00e2mbito da espiritualidade ao \u00e2mbito do poder pol\u00edtico secular. Da\u00ed o seu ser de religi\u00e3o pol\u00edtica que tanto satisfaz o bom crente religioso (a grande maioria inocente) como fundamenta o extremismo pol\u00edtico que encontra justifica\u00e7\u00e3o no Cor\u00e3o. <\/strong><\/p>\n<p><strong>Por isso, deveria exigir-se dos representantes do Isl\u00e3o\u00a0 que as suras (vers\u00edculos) guerreiras do Cor\u00e3o fossem acompanhadas de notas explicativas e que as autoridades isl\u00e2micas permitissem a aplica\u00e7\u00e3o do m\u00e9todo de an\u00e1lise hist\u00f3rico-cr\u00edtica (Exegese\/hermen\u00eautica<\/strong>)<strong>, tal como se aplica em rela\u00e7\u00e3o \u00e0 B\u00edblia (s\u00f3 assim se possibilitar\u00e1 a n\u00e3o interpreta\u00e7\u00e3o e aplica\u00e7\u00e3o literal das suras). <\/strong><\/p>\n<p><strong>Na Alemanha, a pol\u00edtica exigiu que o livro, &#8220;Meu Combate&#8221; de Hitler, fosse acompanhado de notas explicativas. A Sociedade tamb\u00e9m deveria exigir notas explicativas nos Vers\u00edculos xen\u00f3fobos do Cor\u00e3o. Uma pedagogia para a paz, pressupor\u00e1 uma doutrina pacifica.<\/strong><\/p>\n<p>Para se verificar isto ser\u00e1 preciso estar atento \u00e0 hist\u00f3ria da expans\u00e3o isl\u00e2mica e ler o Cor\u00e3o e os Ahadith (ditos e feitos do profeta), por que se orienta a jurisprud\u00eancia (sharia) e o comportamento mu\u00e7ulmano. Uma discuss\u00e3o sem conhecimento destas bases fundamentais corre o perigo de tornar-se mera desconversa ou mesmo branqueamento dos factos.<\/p>\n<p>\u00c0 crise social ocidental provocada, em grande parte, por um\u00a0globalismo descontrolado vem juntar-se o Covid-19 e acentuar-se o terrorismo isl\u00e2mico. Muitos s\u00e3o levados a pensar que nos encontramos no fim do mundo! N\u00e3o, a crise\u00a0\u00e9 o ind\u00edcio de que\u00a0<strong>chegamos<\/strong><strong> \u00e0 era, j\u00e1 n\u00e3o da luta entre pa\u00edses, mas entre civiliza\u00e7\u00f5es.<\/strong> Da\u00ed a estrat\u00e9gia j\u00e1 n\u00e3o ser a luta por adquirir o terreno geogr\u00e1fico, mas sim o \u00e2mbito abstracto global. Da\u00ed a doutrina ser cada vez mais abstracta e j\u00e1 meramente ideol\u00f3gica<strong> e consequentemente a democracia estar a passar de partid\u00e1ria para uma democracia de massas<\/strong>. Penso que uma grande desorienta\u00e7\u00e3o dos partidos se situa precisamente neste facto. Por isso tamb\u00e9m a classe dominante teme imenso pessoas que pensem de forma independente. Da\u00ed a tend\u00eancia indiscreta do controlo absoluto a\u00a0implantar-se na moderna democracia de massas. Para este tipo de sociedade, a civiliza\u00e7\u00e3o \u00e1rabe est\u00e1 mais que preparada, pela sua l\u00f3gica interna e pela estrat\u00e9gia cada vez mais moderna que \u00e9 a guerrilha. Quem dominar a palavra\/informa\u00e7\u00e3o domina o mundo&#8230;<\/p>\n<p><strong>Os mu\u00e7ulmanos poder\u00e3o argumentar que cada cultura (\u00c1RABE, USA, CHINA, R\u00daSSIA, EUROPA, Etc.) procura afirmar-se com os meios que tem.<\/strong> Nesse sentido seria \u00f3bvio que todas as culturas se comprometessem no sentido da paz intercultural e no respeito dos povos e da pessoa humana.<\/p>\n<p>O v\u00edrus da adversidade encontra-se escondido em cada ser e em cada ideologia. O combate ao v\u00edrus est\u00e1 nas m\u00e3os de cada um e de cada cultura-ideologia-religi\u00e3o. \u00c9 inconceb\u00edvel que pessoas possam ser t\u00e3o brutais por natureza. Apenas uma lavagem diab\u00f3lica ao c\u00e9rebro dos jovens produz tais fen\u00f3menos.<\/p>\n<p>Ant\u00f3nio da Cunha Duarte Justo<\/p>\n<p>Pegadas do Tempo<\/p>\n<p><strong>\u00a0<\/strong><\/p>\n<ul>\n<li>(1) <a href=\"https:\/\/www.amazon.de\/Au%C3%9Fer-Dienst-Bilanz-Helmut-Schmidt\/dp\/3886808637\">https:\/\/www.amazon.de\/Au%C3%9Fer-Dienst-Bilanz-Helmut-Schmidt\/dp\/3886808637<\/a><\/li>\n<\/ul>\n<p><strong>\u00a0<\/strong><\/p>\n","protected":false},"excerpt":{"rendered":"<p>Cada cultura procura afirmar-se com os meios que tem Por Ant\u00f3nio Justo Aos atentados em Fran\u00e7a segue-se o ataque terrorista (2.11.2020) no centro da cidade de Viena de \u00c1ustria, perto de uma sinagoga.\u00a0\u00a0 Foi perpetrado por um islamista de ra\u00edzes albanesas, simpatizante da mil\u00edcia terrorista do \u201cEstado Isl\u00e2mico\u201d, segundo o ministro do interior austr\u00edaco. Matou &hellip; <a href=\"https:\/\/antonio-justo.eu\/?p=6188\" class=\"more-link\">Continuar a ler <span class=\"screen-reader-text\">AVISO DO ESTADISTA HELMUT SCHMIDT A UMA POL\u00cdTICA FORA DE SERVI\u00c7O<\/span><\/a><\/p>\n","protected":false},"author":1,"featured_media":0,"comment_status":"open","ping_status":"open","sticky":false,"template":"","format":"standard","meta":{"sfsi_plus_gutenberg_text_before_share":"","sfsi_plus_gutenberg_show_text_before_share":"","sfsi_plus_gutenberg_icon_type":"","sfsi_plus_gutenberg_icon_alignemt":"","sfsi_plus_gutenburg_max_per_row":"","footnotes":""},"categories":[3,15,14,4,5,6,7,8,16],"tags":[],"class_list":["post-6188","post","type-post","status-publish","format-standard","hentry","category-arte","category-cultura","category-economia","category-educacao","category-escola","category-migracao","category-politica","category-religiao","category-sociedade"],"_links":{"self":[{"href":"https:\/\/antonio-justo.eu\/index.php?rest_route=\/wp\/v2\/posts\/6188","targetHints":{"allow":["GET"]}}],"collection":[{"href":"https:\/\/antonio-justo.eu\/index.php?rest_route=\/wp\/v2\/posts"}],"about":[{"href":"https:\/\/antonio-justo.eu\/index.php?rest_route=\/wp\/v2\/types\/post"}],"author":[{"embeddable":true,"href":"https:\/\/antonio-justo.eu\/index.php?rest_route=\/wp\/v2\/users\/1"}],"replies":[{"embeddable":true,"href":"https:\/\/antonio-justo.eu\/index.php?rest_route=%2Fwp%2Fv2%2Fcomments&post=6188"}],"version-history":[{"count":5,"href":"https:\/\/antonio-justo.eu\/index.php?rest_route=\/wp\/v2\/posts\/6188\/revisions"}],"predecessor-version":[{"id":6198,"href":"https:\/\/antonio-justo.eu\/index.php?rest_route=\/wp\/v2\/posts\/6188\/revisions\/6198"}],"wp:attachment":[{"href":"https:\/\/antonio-justo.eu\/index.php?rest_route=%2Fwp%2Fv2%2Fmedia&parent=6188"}],"wp:term":[{"taxonomy":"category","embeddable":true,"href":"https:\/\/antonio-justo.eu\/index.php?rest_route=%2Fwp%2Fv2%2Fcategories&post=6188"},{"taxonomy":"post_tag","embeddable":true,"href":"https:\/\/antonio-justo.eu\/index.php?rest_route=%2Fwp%2Fv2%2Ftags&post=6188"}],"curies":[{"name":"wp","href":"https:\/\/api.w.org\/{rel}","templated":true}]}}