{"id":6051,"date":"2023-10-10T13:50:43","date_gmt":"2023-10-10T12:50:43","guid":{"rendered":"https:\/\/antonio-justo.eu\/?p=6051"},"modified":"2025-10-10T13:51:44","modified_gmt":"2025-10-10T12:51:44","slug":"torre-de-babel-em-tempos-de-globalismo-e-de-coronavirus","status":"publish","type":"post","link":"https:\/\/antonio-justo.eu\/?p=6051","title":{"rendered":"TORRE DE BABEL EM TEMPOS DE GLOBALISMO E DE CORONAV\u00cdRUS"},"content":{"rendered":"<p>Vivemos hoje, como no tempo da constru\u00e7\u00e3o da Torre de Babel, o tempo em que Deus se zanga com o orgulho e a soberba dos habitantes queriam fazer de uma aldeia uma cidade.\u00a0\u00a0 Nesse tempo J\u00e1 nesse tempo \u00a0n\u00e3o se entendiam por causa da comunica\u00e7\u00e3o e da competi\u00e7\u00e3o em que cada um procurava construir e construir para atingir o c\u00e9u e de l\u00e1 estabelecer como deus o seu poder, a sua opini\u00e3o!\u00a0 olimpus<\/p>\n<p>Na constru\u00e7\u00e3o da torre ao distanciarem-se da natureza para dominarem sobre o ser humano e sobre ela, \u00a0chateiam Deus que os castiga com o \u00a0desentendimento. Hoje que chegamos a um mundo aldeia damo-nos conta do empasse da comunica\u00e7\u00e3o a todos os n\u00edveis.<\/p>\n<p>O olhar do orgulho, aponta para o C\u00e9u, mas Deus irritado desceu do &#8220;Olimpus&#8221;\u00a0 que o Homem queria instalar para si mostra que quer ver o humano na solidariedade mais virado \u00a0para a terra humilde.<\/p>\n<p>Numa altura em que se afirma o globalismo da ideologia e da economia como em Babel, j\u00e1 se vai ouvindo o fragor da voz de Babel atrav\u00e9s do Coronav\u00edrus, a querer lembrar-nos que nos devemos empenhar mais no cuidado dos sistemas ecol\u00f3gicos sejam eles naturais ou culturais!<\/p>\n<p>\u00c9 preciso virar a pir\u00e2mide ao contr\u00e1rio come\u00e7ando pela defesa do regionalismo seja ele de caracter lingu\u00edstico, econ\u00f3mico, pol\u00edtico ou cultural! J\u00e1 chega de confus\u00e3o!<\/p>\n<p>A voz de Deus que antes se ouvia no cimo do monte hoje ouve-se no povo e expressa-se no cora\u00e7\u00e3o do humano de boa vontade!<\/p>\n<p>Ant\u00f3nio Justo<\/p>\n<p><img decoding=\"async\" src=\"https:\/\/sephatrad.files.wordpress.com\/2020\/08\/babel-bru.jpg\" alt=\"https:\/\/sephatrad.files.wordpress.com\/2020\/08\/babel-bru.jpg\" \/><\/p>\n<p>\u201cA torre de Babel\u201d, de Pieter Bruegel<\/p>\n<p>&nbsp;<\/p>\n","protected":false},"excerpt":{"rendered":"<p>Vivemos hoje, como no tempo da constru\u00e7\u00e3o da Torre de Babel, o tempo em que Deus se zanga com o orgulho e a soberba dos habitantes queriam fazer de uma aldeia uma cidade.\u00a0\u00a0 Nesse tempo J\u00e1 nesse tempo \u00a0n\u00e3o se entendiam por causa da comunica\u00e7\u00e3o e da competi\u00e7\u00e3o em que cada um procurava construir e &hellip; <a href=\"https:\/\/antonio-justo.eu\/?p=6051\" class=\"more-link\">Continuar a ler <span class=\"screen-reader-text\">TORRE DE BABEL EM TEMPOS DE GLOBALISMO E DE CORONAV\u00cdRUS<\/span><\/a><\/p>\n","protected":false},"author":1,"featured_media":0,"comment_status":"open","ping_status":"open","sticky":false,"template":"","format":"standard","meta":{"sfsi_plus_gutenberg_text_before_share":"","sfsi_plus_gutenberg_show_text_before_share":"","sfsi_plus_gutenberg_icon_type":"","sfsi_plus_gutenberg_icon_alignemt":"","sfsi_plus_gutenburg_max_per_row":"","footnotes":""},"categories":[1],"tags":[],"class_list":["post-6051","post","type-post","status-publish","format-standard","hentry","category-sem-categoria"],"_links":{"self":[{"href":"https:\/\/antonio-justo.eu\/index.php?rest_route=\/wp\/v2\/posts\/6051","targetHints":{"allow":["GET"]}}],"collection":[{"href":"https:\/\/antonio-justo.eu\/index.php?rest_route=\/wp\/v2\/posts"}],"about":[{"href":"https:\/\/antonio-justo.eu\/index.php?rest_route=\/wp\/v2\/types\/post"}],"author":[{"embeddable":true,"href":"https:\/\/antonio-justo.eu\/index.php?rest_route=\/wp\/v2\/users\/1"}],"replies":[{"embeddable":true,"href":"https:\/\/antonio-justo.eu\/index.php?rest_route=%2Fwp%2Fv2%2Fcomments&post=6051"}],"version-history":[{"count":1,"href":"https:\/\/antonio-justo.eu\/index.php?rest_route=\/wp\/v2\/posts\/6051\/revisions"}],"predecessor-version":[{"id":10357,"href":"https:\/\/antonio-justo.eu\/index.php?rest_route=\/wp\/v2\/posts\/6051\/revisions\/10357"}],"wp:attachment":[{"href":"https:\/\/antonio-justo.eu\/index.php?rest_route=%2Fwp%2Fv2%2Fmedia&parent=6051"}],"wp:term":[{"taxonomy":"category","embeddable":true,"href":"https:\/\/antonio-justo.eu\/index.php?rest_route=%2Fwp%2Fv2%2Fcategories&post=6051"},{"taxonomy":"post_tag","embeddable":true,"href":"https:\/\/antonio-justo.eu\/index.php?rest_route=%2Fwp%2Fv2%2Ftags&post=6051"}],"curies":[{"name":"wp","href":"https:\/\/api.w.org\/{rel}","templated":true}]}}