{"id":6049,"date":"2020-08-12T14:51:51","date_gmt":"2020-08-12T13:51:51","guid":{"rendered":"https:\/\/antonio-justo.eu\/?p=6049"},"modified":"2020-08-12T14:51:51","modified_gmt":"2020-08-12T13:51:51","slug":"morreu-um-gigante-da-amazonia","status":"publish","type":"post","link":"https:\/\/antonio-justo.eu\/?p=6049","title":{"rendered":"MORREU UM GIGANTE DA AMAZ\u00d3NIA"},"content":{"rendered":"<p>Morreu com 92 anos de Idade Pedro Casald\u00e1liga, o bispo cujas pegadas s\u00e3o as do Evangelho!<\/p>\n<p>Leonardo Boff cita o seguinte texto dele, com o qual, corajoso, enfrentava os opressores ao p\u00f4r-se \u201cdecididamente do lado dos ind\u00edgenas e pe\u00f5es expulsos de suas terras pelo avan\u00e7o do latif\u00fandio\u201d:.<\/p>\n<p>\u201dONDE TU DIZES LEI, EU DIGO DEUS.<\/p>\n<p>ONDE TU DIZES PAZ, JUSTI\u00c7A, \u00a0AMOR<\/p>\n<p>EU DIGO DEUS.<\/p>\n<p>ONDE TU DIZES DEUS<\/p>\n<p>EU DIGO LIBERDADE, JUSTI\u00c7A, AMOR\u201d.<\/p>\n<p>&nbsp;<\/p>\n<p>Uma poesia sua onde revela a pobreza evang\u00e9lica em grau extremo:<\/p>\n<p>\u201d N\u00e3o ter nada<\/p>\n<p>n\u00e3o levar nada<\/p>\n<p>n\u00e3o poder nada<\/p>\n<p>e de passagem, n\u00e3o matar nada<\/p>\n<p>n\u00e3o calar nada.<\/p>\n<p>Somente o Evangelho como faca afiada<\/p>\n<p>e o pranto e o riso no olhar<\/p>\n<p>E a m\u00e3o estendida e apertada<\/p>\n<p>e a vida, a cavalo, dada.<\/p>\n<p>E este sol e estes rios e esta terra comprada<\/p>\n<p>com testemunhas da ressurrei\u00e7\u00e3o j\u00e1 estalada.<\/p>\n<p>E mais nada\u201d.<\/p>\n","protected":false},"excerpt":{"rendered":"<p>Morreu com 92 anos de Idade Pedro Casald\u00e1liga, o bispo cujas pegadas s\u00e3o as do Evangelho! Leonardo Boff cita o seguinte texto dele, com o qual, corajoso, enfrentava os opressores ao p\u00f4r-se \u201cdecididamente do lado dos ind\u00edgenas e pe\u00f5es expulsos de suas terras pelo avan\u00e7o do latif\u00fandio\u201d:. \u201dONDE TU DIZES LEI, EU DIGO DEUS. ONDE &hellip; <a href=\"https:\/\/antonio-justo.eu\/?p=6049\" class=\"more-link\">Continuar a ler <span class=\"screen-reader-text\">MORREU UM GIGANTE DA AMAZ\u00d3NIA<\/span><\/a><\/p>\n","protected":false},"author":1,"featured_media":0,"comment_status":"open","ping_status":"open","sticky":false,"template":"","format":"standard","meta":{"sfsi_plus_gutenberg_text_before_share":"","sfsi_plus_gutenberg_show_text_before_share":"","sfsi_plus_gutenberg_icon_type":"","sfsi_plus_gutenberg_icon_alignemt":"","sfsi_plus_gutenburg_max_per_row":"","footnotes":""},"categories":[3,14,7,8,16],"tags":[],"class_list":["post-6049","post","type-post","status-publish","format-standard","hentry","category-arte","category-economia","category-politica","category-religiao","category-sociedade"],"_links":{"self":[{"href":"https:\/\/antonio-justo.eu\/index.php?rest_route=\/wp\/v2\/posts\/6049","targetHints":{"allow":["GET"]}}],"collection":[{"href":"https:\/\/antonio-justo.eu\/index.php?rest_route=\/wp\/v2\/posts"}],"about":[{"href":"https:\/\/antonio-justo.eu\/index.php?rest_route=\/wp\/v2\/types\/post"}],"author":[{"embeddable":true,"href":"https:\/\/antonio-justo.eu\/index.php?rest_route=\/wp\/v2\/users\/1"}],"replies":[{"embeddable":true,"href":"https:\/\/antonio-justo.eu\/index.php?rest_route=%2Fwp%2Fv2%2Fcomments&post=6049"}],"version-history":[{"count":1,"href":"https:\/\/antonio-justo.eu\/index.php?rest_route=\/wp\/v2\/posts\/6049\/revisions"}],"predecessor-version":[{"id":6050,"href":"https:\/\/antonio-justo.eu\/index.php?rest_route=\/wp\/v2\/posts\/6049\/revisions\/6050"}],"wp:attachment":[{"href":"https:\/\/antonio-justo.eu\/index.php?rest_route=%2Fwp%2Fv2%2Fmedia&parent=6049"}],"wp:term":[{"taxonomy":"category","embeddable":true,"href":"https:\/\/antonio-justo.eu\/index.php?rest_route=%2Fwp%2Fv2%2Fcategories&post=6049"},{"taxonomy":"post_tag","embeddable":true,"href":"https:\/\/antonio-justo.eu\/index.php?rest_route=%2Fwp%2Fv2%2Ftags&post=6049"}],"curies":[{"name":"wp","href":"https:\/\/api.w.org\/{rel}","templated":true}]}}