{"id":6043,"date":"2020-08-09T11:00:13","date_gmt":"2020-08-09T10:00:13","guid":{"rendered":"https:\/\/antonio-justo.eu\/?p=6043"},"modified":"2020-08-09T11:06:19","modified_gmt":"2020-08-09T10:06:19","slug":"medidas-para-melhorar-a-integracao-de-refugiados","status":"publish","type":"post","link":"https:\/\/antonio-justo.eu\/?p=6043","title":{"rendered":"MEDIDA PARA MELHORAR A INTEGRA\u00c7\u00c3O DE REFUGIADOS"},"content":{"rendered":"<p>No Estado do Hesse, Alemanha, 16.000 refugiados e requerentes de asilo participaram em cursos espec\u00edficas sobre os valores ocidentais. Neles os participantes s\u00e3o instru\u00eddos sobre os valores constitucionais da Alemanha e quest\u00f5es de direito penal e civil.<\/p>\n<p>Segundo informou a ministra da Justi\u00e7a do Hesse, a semana passada, at\u00e9 \u00e0 data, foram estabelecidas classes sobre \u00a0direito do Estado em cerca de 110 munic\u00edpios do Hesse para melhorar a integra\u00e7\u00e3o dos refugiados.<\/p>\n<p>270 Ju\u00edzes, Procuradores do Minist\u00e9rio P\u00fablico e Oficiais de justi\u00e7a ofereceram voluntariamente os seus servi\u00e7os como docentes para tais cursos.<\/p>\n<p>A participa\u00e7\u00e3o nos cursos \u00e9 volunt\u00e1ria e no fim os participantes recebem um certificado. Esta oferta est\u00e1 dispon\u00edvel desde 2015.<\/p>\n<p>Outras terras outros costumes. O conhecimento de uns e outros leva \u00e0 compreens\u00e3o.<\/p>\n<p>Ant\u00f3nio da Cunha Duarte Justo<\/p>\n<p>Pegadas do Tempo<\/p>\n","protected":false},"excerpt":{"rendered":"<p>No Estado do Hesse, Alemanha, 16.000 refugiados e requerentes de asilo participaram em cursos espec\u00edficas sobre os valores ocidentais. Neles os participantes s\u00e3o instru\u00eddos sobre os valores constitucionais da Alemanha e quest\u00f5es de direito penal e civil. Segundo informou a ministra da Justi\u00e7a do Hesse, a semana passada, at\u00e9 \u00e0 data, foram estabelecidas classes sobre &hellip; <a href=\"https:\/\/antonio-justo.eu\/?p=6043\" class=\"more-link\">Continuar a ler <span class=\"screen-reader-text\">MEDIDA PARA MELHORAR A INTEGRA\u00c7\u00c3O DE REFUGIADOS<\/span><\/a><\/p>\n","protected":false},"author":1,"featured_media":0,"comment_status":"open","ping_status":"open","sticky":false,"template":"","format":"standard","meta":{"sfsi_plus_gutenberg_text_before_share":"","sfsi_plus_gutenberg_show_text_before_share":"","sfsi_plus_gutenberg_icon_type":"","sfsi_plus_gutenberg_icon_alignemt":"","sfsi_plus_gutenburg_max_per_row":"","footnotes":""},"categories":[15,6,7],"tags":[],"class_list":["post-6043","post","type-post","status-publish","format-standard","hentry","category-cultura","category-migracao","category-politica"],"_links":{"self":[{"href":"https:\/\/antonio-justo.eu\/index.php?rest_route=\/wp\/v2\/posts\/6043","targetHints":{"allow":["GET"]}}],"collection":[{"href":"https:\/\/antonio-justo.eu\/index.php?rest_route=\/wp\/v2\/posts"}],"about":[{"href":"https:\/\/antonio-justo.eu\/index.php?rest_route=\/wp\/v2\/types\/post"}],"author":[{"embeddable":true,"href":"https:\/\/antonio-justo.eu\/index.php?rest_route=\/wp\/v2\/users\/1"}],"replies":[{"embeddable":true,"href":"https:\/\/antonio-justo.eu\/index.php?rest_route=%2Fwp%2Fv2%2Fcomments&post=6043"}],"version-history":[{"count":2,"href":"https:\/\/antonio-justo.eu\/index.php?rest_route=\/wp\/v2\/posts\/6043\/revisions"}],"predecessor-version":[{"id":6045,"href":"https:\/\/antonio-justo.eu\/index.php?rest_route=\/wp\/v2\/posts\/6043\/revisions\/6045"}],"wp:attachment":[{"href":"https:\/\/antonio-justo.eu\/index.php?rest_route=%2Fwp%2Fv2%2Fmedia&parent=6043"}],"wp:term":[{"taxonomy":"category","embeddable":true,"href":"https:\/\/antonio-justo.eu\/index.php?rest_route=%2Fwp%2Fv2%2Fcategories&post=6043"},{"taxonomy":"post_tag","embeddable":true,"href":"https:\/\/antonio-justo.eu\/index.php?rest_route=%2Fwp%2Fv2%2Ftags&post=6043"}],"curies":[{"name":"wp","href":"https:\/\/api.w.org\/{rel}","templated":true}]}}