{"id":6007,"date":"2020-07-20T13:39:48","date_gmt":"2020-07-20T12:39:48","guid":{"rendered":"https:\/\/antonio-justo.eu\/?p=6007"},"modified":"2020-07-20T13:39:48","modified_gmt":"2020-07-20T12:39:48","slug":"pensamento-do-dia","status":"publish","type":"post","link":"https:\/\/antonio-justo.eu\/?p=6007","title":{"rendered":"PENSAMENTO DO DIA"},"content":{"rendered":"<p>&nbsp;<\/p>\n<p>Na vida surgem, por vezes, situa\u00e7\u00f5es inesperadas como esta do coronav\u00edrus, encontrando-nos desprotegidos e n\u00e3o preparados. Como reac\u00e7\u00e3o surge o medo do como proteger-se; a consci\u00eancia de que se est\u00e1 sozinho pode criar uma depress\u00e3o, mas ainda h\u00e1 uma luz em cada um de n\u00f3s que nos faz saber que o ch\u00e3o n\u00e3o se abre debaixo dos nossos p\u00e9s. Por vezes essa luz encontra-se muito definhada e ent\u00e3o \u00e9 a hora em que algu\u00e9m poder\u00e1 partilhar um pouco do seu agasalho!<\/p>\n<p>\u00c9 <span class=\"text_exposed_show\">verdade que a vida \u00e9 amea\u00e7ada mas tamb\u00e9m sei que me foi oferecida e Deus est\u00e1 comigo (faz parte da minha ipseidade) mesmo quando penso que n\u00e3o. Ele ofereceu-me a vida e at\u00e9 prometeu a confian\u00e7a nela dizendo \u201cn\u00e3o recues porque te salvei\u201d. Eu chamei-te pelo teu nome, tu \u00e9s meu ( Isa\u00edas, 43, 1). Assim, o medo n\u00e3o tem poder sobre mim. Deus anda comigo, ele est\u00e1 em mim!<\/span><\/p>\n<p><span class=\"text_exposed_show\"><br \/>\nDeus \u00e9 como a mae, ele d\u00e1 conforto, seguran\u00e7a e apoio e cria espa\u00e7o para se experimentar a esperan\u00e7a e recuperar for\u00e7as e assim continuar caminho e se ir mais longe. <\/span><\/p>\n<p><span class=\"text_exposed_show\"><br \/>\nHoje n\u00e3o vamos tocar nas feridas, vamos colocar-lhes um penso de optimismo em cima para que possam curar.<br \/>\nDesejo-vos um bom Domingo<\/span><\/p>\n<p>&nbsp;<\/p>\n","protected":false},"excerpt":{"rendered":"<p>&nbsp; Na vida surgem, por vezes, situa\u00e7\u00f5es inesperadas como esta do coronav\u00edrus, encontrando-nos desprotegidos e n\u00e3o preparados. Como reac\u00e7\u00e3o surge o medo do como proteger-se; a consci\u00eancia de que se est\u00e1 sozinho pode criar uma depress\u00e3o, mas ainda h\u00e1 uma luz em cada um de n\u00f3s que nos faz saber que o ch\u00e3o n\u00e3o se &hellip; <a href=\"https:\/\/antonio-justo.eu\/?p=6007\" class=\"more-link\">Continuar a ler <span class=\"screen-reader-text\">PENSAMENTO DO DIA<\/span><\/a><\/p>\n","protected":false},"author":1,"featured_media":0,"comment_status":"open","ping_status":"open","sticky":false,"template":"","format":"standard","meta":{"sfsi_plus_gutenberg_text_before_share":"","sfsi_plus_gutenberg_show_text_before_share":"","sfsi_plus_gutenberg_icon_type":"","sfsi_plus_gutenberg_icon_alignemt":"","sfsi_plus_gutenburg_max_per_row":"","footnotes":""},"categories":[15,4,8,16],"tags":[],"class_list":["post-6007","post","type-post","status-publish","format-standard","hentry","category-cultura","category-educacao","category-religiao","category-sociedade"],"_links":{"self":[{"href":"https:\/\/antonio-justo.eu\/index.php?rest_route=\/wp\/v2\/posts\/6007","targetHints":{"allow":["GET"]}}],"collection":[{"href":"https:\/\/antonio-justo.eu\/index.php?rest_route=\/wp\/v2\/posts"}],"about":[{"href":"https:\/\/antonio-justo.eu\/index.php?rest_route=\/wp\/v2\/types\/post"}],"author":[{"embeddable":true,"href":"https:\/\/antonio-justo.eu\/index.php?rest_route=\/wp\/v2\/users\/1"}],"replies":[{"embeddable":true,"href":"https:\/\/antonio-justo.eu\/index.php?rest_route=%2Fwp%2Fv2%2Fcomments&post=6007"}],"version-history":[{"count":1,"href":"https:\/\/antonio-justo.eu\/index.php?rest_route=\/wp\/v2\/posts\/6007\/revisions"}],"predecessor-version":[{"id":6008,"href":"https:\/\/antonio-justo.eu\/index.php?rest_route=\/wp\/v2\/posts\/6007\/revisions\/6008"}],"wp:attachment":[{"href":"https:\/\/antonio-justo.eu\/index.php?rest_route=%2Fwp%2Fv2%2Fmedia&parent=6007"}],"wp:term":[{"taxonomy":"category","embeddable":true,"href":"https:\/\/antonio-justo.eu\/index.php?rest_route=%2Fwp%2Fv2%2Fcategories&post=6007"},{"taxonomy":"post_tag","embeddable":true,"href":"https:\/\/antonio-justo.eu\/index.php?rest_route=%2Fwp%2Fv2%2Ftags&post=6007"}],"curies":[{"name":"wp","href":"https:\/\/api.w.org\/{rel}","templated":true}]}}