{"id":5991,"date":"2020-10-10T13:53:16","date_gmt":"2020-10-10T12:53:16","guid":{"rendered":"https:\/\/antonio-justo.eu\/?p=5991"},"modified":"2025-10-10T13:53:37","modified_gmt":"2025-10-10T12:53:37","slug":"esquerda-intolerante-invade-as-instituicoes","status":"publish","type":"post","link":"https:\/\/antonio-justo.eu\/?p=5991","title":{"rendered":"ESQUERDA INTOLERANTE INVADE AS INSTITUI\u00c7\u00d5ES"},"content":{"rendered":"<p>UMA ESQUERDA INTOLERANTE INSTALOU-SE EM UNIVERSIDADES, ADMNISTRA\u00c7\u00d5ES E NOS MEDIA NA SEQU\u00caNCIA DA ESTRAT\u00c9GIA DA GER\u00c7\u00c3O 68<\/p>\n<p>Encontramo-nos numa sociedade cada vez mais incapaz de organizar e estruturar o seu pensamento. Os radicais instalados em todos os lugares relevantes da sociedade aplainam o caminho a uma pl\u00eaiade de ativistas que criam factos que piloteiam o pensamento p\u00fablico e o pensar individual.<br \/>\nAssiste-se a um atentado contra a raz\u00e3o humana que j\u00e1 n\u00e3o resiste \u00e0 enxurrada do factual emocional. Por isso \u00e9 de louvar a tomada de posi\u00e7\u00e3o de 150 intelectuais progressistas que n\u00e3o aguentam o reinado de uma \u201cesquerda intolerante\u201d. Eles advertem:<br \/>\n\u00abA maneira de derrotar as m\u00e1s ideias \u00e9 a exposi\u00e7\u00e3o, o argumento e a persuas\u00e3o, n\u00e3o tentar silenci\u00e1-las ou querer expuls\u00e1-las. Como escritores, precisamos de uma cultura que nos deixe espa\u00e7o para a experimenta\u00e7\u00e3o, a tomada de riscos e inclusive os erros. Devemos preservar a possibilidade de discordar de boa f\u00e9 sem consequ\u00eancias profissionais funestas\u00bb.<br \/>\nColoco aqui um Extracto da primeira p\u00e1gina de &#8220;El Pa\u00eds&#8221; 8.07.2010. El Pais, n\u00e3o \u00e9 certamente um Jornal de direita!<\/p>\n<p>Ant\u00f3nio Justo<\/p>\n<p>Pegadas do tempo<\/p>\n","protected":false},"excerpt":{"rendered":"<p>UMA ESQUERDA INTOLERANTE INSTALOU-SE EM UNIVERSIDADES, ADMNISTRA\u00c7\u00d5ES E NOS MEDIA NA SEQU\u00caNCIA DA ESTRAT\u00c9GIA DA GER\u00c7\u00c3O 68 Encontramo-nos numa sociedade cada vez mais incapaz de organizar e estruturar o seu pensamento. Os radicais instalados em todos os lugares relevantes da sociedade aplainam o caminho a uma pl\u00eaiade de ativistas que criam factos que piloteiam o &hellip; <a href=\"https:\/\/antonio-justo.eu\/?p=5991\" class=\"more-link\">Continuar a ler <span class=\"screen-reader-text\">ESQUERDA INTOLERANTE INVADE AS INSTITUI\u00c7\u00d5ES<\/span><\/a><\/p>\n","protected":false},"author":1,"featured_media":0,"comment_status":"open","ping_status":"open","sticky":false,"template":"","format":"standard","meta":{"sfsi_plus_gutenberg_text_before_share":"","sfsi_plus_gutenberg_show_text_before_share":"","sfsi_plus_gutenberg_icon_type":"","sfsi_plus_gutenberg_icon_alignemt":"","sfsi_plus_gutenburg_max_per_row":"","footnotes":""},"categories":[3,15,4,6,7,8,16],"tags":[],"class_list":["post-5991","post","type-post","status-publish","format-standard","hentry","category-arte","category-cultura","category-educacao","category-migracao","category-politica","category-religiao","category-sociedade"],"_links":{"self":[{"href":"https:\/\/antonio-justo.eu\/index.php?rest_route=\/wp\/v2\/posts\/5991","targetHints":{"allow":["GET"]}}],"collection":[{"href":"https:\/\/antonio-justo.eu\/index.php?rest_route=\/wp\/v2\/posts"}],"about":[{"href":"https:\/\/antonio-justo.eu\/index.php?rest_route=\/wp\/v2\/types\/post"}],"author":[{"embeddable":true,"href":"https:\/\/antonio-justo.eu\/index.php?rest_route=\/wp\/v2\/users\/1"}],"replies":[{"embeddable":true,"href":"https:\/\/antonio-justo.eu\/index.php?rest_route=%2Fwp%2Fv2%2Fcomments&post=5991"}],"version-history":[{"count":1,"href":"https:\/\/antonio-justo.eu\/index.php?rest_route=\/wp\/v2\/posts\/5991\/revisions"}],"predecessor-version":[{"id":10358,"href":"https:\/\/antonio-justo.eu\/index.php?rest_route=\/wp\/v2\/posts\/5991\/revisions\/10358"}],"wp:attachment":[{"href":"https:\/\/antonio-justo.eu\/index.php?rest_route=%2Fwp%2Fv2%2Fmedia&parent=5991"}],"wp:term":[{"taxonomy":"category","embeddable":true,"href":"https:\/\/antonio-justo.eu\/index.php?rest_route=%2Fwp%2Fv2%2Fcategories&post=5991"},{"taxonomy":"post_tag","embeddable":true,"href":"https:\/\/antonio-justo.eu\/index.php?rest_route=%2Fwp%2Fv2%2Ftags&post=5991"}],"curies":[{"name":"wp","href":"https:\/\/api.w.org\/{rel}","templated":true}]}}