{"id":5921,"date":"2020-06-01T15:06:57","date_gmt":"2020-06-01T14:06:57","guid":{"rendered":"https:\/\/antonio-justo.eu\/?p=5921"},"modified":"2020-06-01T15:06:57","modified_gmt":"2020-06-01T14:06:57","slug":"domingo-de-pentecostes","status":"publish","type":"post","link":"https:\/\/antonio-justo.eu\/?p=5921","title":{"rendered":"DOMINGO DE PENTECOSTES"},"content":{"rendered":"<p>PENTECOSTES<\/p>\n<p>Pentecostes quer dizer &#8220;o quinquag\u00e9simo dia&#8221; do tempo de P\u00e1scoa. Nele se comemora a descida do Esp\u00edrito santo sobre o povo de Deus, sobre os ap\u00f3stolos.<\/p>\n<p>Este acontecimento marca assim o &#8220;anivers\u00e1rio&#8221; da igreja, que nele \u00e9 convidada a levar a Palavra de Deus a todas as gentes : \u201cComo o Pai me enviou, assim eu vos envio a v\u00f3s; recebei o Esp\u00edrito Santo\u201d!<\/p>\n<p>Neste dia os crist\u00e3os celebram o Esp\u00edrito Santo, que na B\u00edblia \u00e9 identificado como o respirar ou o \u201cf\u00f4<span class=\"text_exposed_show\">lego\u201d de Deus. <\/span><\/p>\n<p><span class=\"text_exposed_show\"><br \/>\nDeus \u00e9 como a m\u00e3e que durante a gravidez com o seu respirar alimenta a crian\u00e7a. Poder-se-ia fazer a analogia que a gente respira em Deus tal como a crian\u00e7a no ventre de sua m\u00e3e.<\/span><\/p>\n<p><strong>Ant\u00f3nio da Cunha Duarte Justo<\/strong><\/p>\n<p>Pegadas do Tempo<\/p>\n","protected":false},"excerpt":{"rendered":"<p>PENTECOSTES Pentecostes quer dizer &#8220;o quinquag\u00e9simo dia&#8221; do tempo de P\u00e1scoa. Nele se comemora a descida do Esp\u00edrito santo sobre o povo de Deus, sobre os ap\u00f3stolos. Este acontecimento marca assim o &#8220;anivers\u00e1rio&#8221; da igreja, que nele \u00e9 convidada a levar a Palavra de Deus a todas as gentes : \u201cComo o Pai me enviou, &hellip; <a href=\"https:\/\/antonio-justo.eu\/?p=5921\" class=\"more-link\">Continuar a ler <span class=\"screen-reader-text\">DOMINGO DE PENTECOSTES<\/span><\/a><\/p>\n","protected":false},"author":1,"featured_media":0,"comment_status":"open","ping_status":"open","sticky":false,"template":"","format":"standard","meta":{"sfsi_plus_gutenberg_text_before_share":"","sfsi_plus_gutenberg_show_text_before_share":"","sfsi_plus_gutenberg_icon_type":"","sfsi_plus_gutenberg_icon_alignemt":"","sfsi_plus_gutenburg_max_per_row":"","footnotes":""},"categories":[8],"tags":[],"class_list":["post-5921","post","type-post","status-publish","format-standard","hentry","category-religiao"],"_links":{"self":[{"href":"https:\/\/antonio-justo.eu\/index.php?rest_route=\/wp\/v2\/posts\/5921","targetHints":{"allow":["GET"]}}],"collection":[{"href":"https:\/\/antonio-justo.eu\/index.php?rest_route=\/wp\/v2\/posts"}],"about":[{"href":"https:\/\/antonio-justo.eu\/index.php?rest_route=\/wp\/v2\/types\/post"}],"author":[{"embeddable":true,"href":"https:\/\/antonio-justo.eu\/index.php?rest_route=\/wp\/v2\/users\/1"}],"replies":[{"embeddable":true,"href":"https:\/\/antonio-justo.eu\/index.php?rest_route=%2Fwp%2Fv2%2Fcomments&post=5921"}],"version-history":[{"count":1,"href":"https:\/\/antonio-justo.eu\/index.php?rest_route=\/wp\/v2\/posts\/5921\/revisions"}],"predecessor-version":[{"id":5922,"href":"https:\/\/antonio-justo.eu\/index.php?rest_route=\/wp\/v2\/posts\/5921\/revisions\/5922"}],"wp:attachment":[{"href":"https:\/\/antonio-justo.eu\/index.php?rest_route=%2Fwp%2Fv2%2Fmedia&parent=5921"}],"wp:term":[{"taxonomy":"category","embeddable":true,"href":"https:\/\/antonio-justo.eu\/index.php?rest_route=%2Fwp%2Fv2%2Fcategories&post=5921"},{"taxonomy":"post_tag","embeddable":true,"href":"https:\/\/antonio-justo.eu\/index.php?rest_route=%2Fwp%2Fv2%2Ftags&post=5921"}],"curies":[{"name":"wp","href":"https:\/\/api.w.org\/{rel}","templated":true}]}}