{"id":5890,"date":"2020-05-13T13:38:22","date_gmt":"2020-05-13T12:38:22","guid":{"rendered":"https:\/\/antonio-justo.eu\/?p=5890"},"modified":"2020-05-13T13:38:22","modified_gmt":"2020-05-13T12:38:22","slug":"dia-13-de-maio-marca-a-presenca-de-fatima-na-historia-portuguesa","status":"publish","type":"post","link":"https:\/\/antonio-justo.eu\/?p=5890","title":{"rendered":"DIA 13 DE MAIO MARCA A PRESEN\u00c7A DE F\u00c1TIMA NA HIST\u00d3RIA PORTUGUESA"},"content":{"rendered":"<div id=\"js_k8\" class=\"_5pbx userContent _3576\" data-testid=\"post_message\" data-ft=\"{&quot;tn&quot;:&quot;K&quot;}\">\n<p>&nbsp;<\/p>\n<p>Todo o bom cat\u00f3lico \u00e9 livre de acreditar ou n\u00e3o em F\u00e1tima.<\/p>\n<p>Apesar da import\u00e2ncia de F\u00e1tima para Portugal a n\u00edvel espiritual, econ\u00f3mico e da promo\u00e7\u00e3o de Portugal no mundo, as for\u00e7as ma\u00e7\u00f3nicas sempre combateram contra F\u00e1tima, como se pode ver no documento anexo.<\/p>\n<p>Infelizmente um certo republicanismo jacobino continua a actuar nos fundamentos da Rep\u00fablica Portuguesa, de maneira indel\u00e9vel e de forma maquiav\u00e9lica. A ma\u00e7onaria \u00e9 figadalmente anti-cat\u00f3lica e j\u00e1 desde o Marqu\u00eas de Pombal fez tudo para ser ela a substituir a influ\u00eancia cat\u00f3lica no Estado.<\/p>\n<p>Conseguiu em grande parte faz\u00ea-lo mas ficando secretamente invis\u00edvel e muito efectiva, atendendo ao seu poder de organiza\u00e7\u00e3o internacional e ao seu caracter elitista e secreto.<\/p>\n<p>Portugal tem lugar para todos desde que ningu\u00e9m se assenhoreie dele!<\/p>\n<p>Ant\u00f3nio da Cunha Duarte Justo<\/p>\n<p>Pegadas do Tempo<\/p>\n<\/div>\n<div class=\"_3x-2\" data-ft=\"{&quot;tn&quot;:&quot;H&quot;}\">\n<div data-ft=\"{&quot;tn&quot;:&quot;H&quot;}\">\n<div class=\"mtm\">\n<div id=\"u_ps_jsonp_5_5_1\" class=\"_6m2 _1zpr clearfix _dcs _4_w4 _41u- _59ap _2bf7 _64lx _3eqz _20pq _3eqw _2rk1 _359m _1-9r\" data-ft=\"{&quot;tn&quot;:&quot;H&quot;}\">\n<div class=\"clearfix _2r3x\">\n<div class=\"lfloat _ohe\">\n<div class=\"_63yw\">\n<div class=\"_6ks\">\n<div id=\"u_ps_jsonp_5_5_3\" class=\"accessible_elem inlineBlock\">Capelinha das Apari\u00e7\u00f5es: ataque bombista de 6 de Mar\u00e7o de 1922 Parte do relat\u00f3rio do Administrador do Concelho de Our\u00e9m, o ma\u00e7on repub&#8230;<\/div>\n<div class=\"_6l- __c_\">\n<div class=\"uiScaledImageContainer _6m5 fbStoryAttachmentImage\"><img loading=\"lazy\" decoding=\"async\" class=\"scaledImageFitWidth img\" src=\"https:\/\/external-dus1-1.xx.fbcdn.net\/safe_image.php?d=AQDPmQm2lcMejEJQ&amp;w=540&amp;h=282&amp;url=https%3A%2F%2F2.bp.blogspot.com%2F-ehV9lGWb5_g%2FXrdAMXAOEQI%2FAAAAAAAAHKo%2Fp5bd3s5fQ4Yh60fZL5AOuiGsVQA1rl4BACLcBGAsYHQ%2Fw1200-h630-p-k-no-nu%2Fd000005873926b9b.png&amp;cfs=1&amp;upscale=1&amp;fallback=news_d_placeholder_publisher&amp;_nc_eui2=AeFnDycKIdpGiLpRvPghM3JuhDlsBRE4gviEOWwFETiC-CzwvtbXa1b835tM8fo6UME&amp;_nc_hash=AQBRAec9mC0Mq_7L\" alt=\"\" width=\"514\" height=\"269\" data-src=\"https:\/\/external-dus1-1.xx.fbcdn.net\/safe_image.php?d=AQDPmQm2lcMejEJQ&amp;w=540&amp;h=282&amp;url=https%3A%2F%2F2.bp.blogspot.com%2F-ehV9lGWb5_g%2FXrdAMXAOEQI%2FAAAAAAAAHKo%2Fp5bd3s5fQ4Yh60fZL5AOuiGsVQA1rl4BACLcBGAsYHQ%2Fw1200-h630-p-k-no-nu%2Fd000005873926b9b.png&amp;cfs=1&amp;upscale=1&amp;fallback=news_d_placeholder_publisher&amp;_nc_eui2=AeFnDycKIdpGiLpRvPghM3JuhDlsBRE4gviEOWwFETiC-CzwvtbXa1b835tM8fo6UME&amp;_nc_hash=AQBRAec9mC0Mq_7L\" aria-label=\"A imagem pode conter: uma ou mais pessoas, c\u00e9u e ar livre\" \/><\/div>\n<\/div>\n<\/div>\n<p><a id=\"u_ps_jsonp_5_5_8\" class=\"_34js _8o63 _1kaa _34jt _34ju _2cpc\" role=\"button\" href=\"https:\/\/www.facebook.com\/antonio.justo.180#\" rel=\"dialog-post\" data-ft=\"{&quot;tn&quot;:&quot;-T&quot;}\" data-hover=\"tooltip\" data-tooltip-content=\"Mostrar mais informa\u00e7\u00f5es sobre esta liga\u00e7\u00e3o\" data-tooltip-alignh=\"right\"><i class=\"_34k2\"><\/i><\/a><\/div>\n<div class=\"_3ekx _29_4\">\n<div class=\"_6m3 _--6\">\n<div class=\"_59tj _2iau\">\n<div>\n<div class=\"_6lz _6mb _1t62 ellipsis\">accao-integral.blogspot.com<\/div>\n<div class=\"\"><\/div>\n<\/div>\n<\/div>\n<div class=\"_3n1k\">\n<div class=\"mbs _6m6 _2cnj _5s6c\"><a href=\"https:\/\/l.facebook.com\/l.php?u=https%3A%2F%2Faccao-integral.blogspot.com%2F2020%2F05%2Ffatima-e-perseguicao-republicana-ontem.html%3Ffbclid%3DIwAR1oJ4mQG6Q_XlIirh2oVTQJy5WOOvjsY9uhQsO1S8dfXptLAZwhV2JzYkY&amp;h=AT0lIiQkkVlTopi0O1017NiSeQx47p0Rw09a6ram9BxNZXrqAnj01FKem3F8NZYdMsgxxnEAxmu8D4lT18vxhAXe4FelwgubqdX0dvF0Kx4deePPn2iVeQcFivQKrhXioTAsK_rfdVThuEmk62anTQ\" target=\"_blank\" rel=\"noopener nofollow noreferrer\" data-lynx-mode=\"asynclazy\">F\u00e1tima e a persegui\u00e7\u00e3o republicana (ontem)<\/a><\/div>\n<div class=\"_6m7 _3bt9\">Capelinha das Apari\u00e7\u00f5es: ataque bombista de 6 de Mar\u00e7o de 1922 Parte\u2026<\/div>\n<\/div>\n<\/div>\n<div id=\"u_ps_jsonp_5_5_2\" class=\"accessible_elem\">Capelinha das Apari\u00e7\u00f5es: ataque bombista de 6 de Mar\u00e7o de 1922 Parte do relat\u00f3rio do Administrador do Concelho de Our\u00e9m, o ma\u00e7on repub&#8230;<\/div>\n<\/div>\n<\/div>\n<\/div>\n<\/div>\n<\/div>\n<\/div>\n<\/div>\n","protected":false},"excerpt":{"rendered":"<p>&nbsp; Todo o bom cat\u00f3lico \u00e9 livre de acreditar ou n\u00e3o em F\u00e1tima. Apesar da import\u00e2ncia de F\u00e1tima para Portugal a n\u00edvel espiritual, econ\u00f3mico e da promo\u00e7\u00e3o de Portugal no mundo, as for\u00e7as ma\u00e7\u00f3nicas sempre combateram contra F\u00e1tima, como se pode ver no documento anexo. Infelizmente um certo republicanismo jacobino continua a actuar nos fundamentos &hellip; <a href=\"https:\/\/antonio-justo.eu\/?p=5890\" class=\"more-link\">Continuar a ler <span class=\"screen-reader-text\">DIA 13 DE MAIO MARCA A PRESEN\u00c7A DE F\u00c1TIMA NA HIST\u00d3RIA PORTUGUESA<\/span><\/a><\/p>\n","protected":false},"author":1,"featured_media":0,"comment_status":"open","ping_status":"open","sticky":false,"template":"","format":"standard","meta":{"sfsi_plus_gutenberg_text_before_share":"","sfsi_plus_gutenberg_show_text_before_share":"","sfsi_plus_gutenberg_icon_type":"","sfsi_plus_gutenberg_icon_alignemt":"","sfsi_plus_gutenburg_max_per_row":"","footnotes":""},"categories":[15,7,8,16],"tags":[],"class_list":["post-5890","post","type-post","status-publish","format-standard","hentry","category-cultura","category-politica","category-religiao","category-sociedade"],"_links":{"self":[{"href":"https:\/\/antonio-justo.eu\/index.php?rest_route=\/wp\/v2\/posts\/5890","targetHints":{"allow":["GET"]}}],"collection":[{"href":"https:\/\/antonio-justo.eu\/index.php?rest_route=\/wp\/v2\/posts"}],"about":[{"href":"https:\/\/antonio-justo.eu\/index.php?rest_route=\/wp\/v2\/types\/post"}],"author":[{"embeddable":true,"href":"https:\/\/antonio-justo.eu\/index.php?rest_route=\/wp\/v2\/users\/1"}],"replies":[{"embeddable":true,"href":"https:\/\/antonio-justo.eu\/index.php?rest_route=%2Fwp%2Fv2%2Fcomments&post=5890"}],"version-history":[{"count":1,"href":"https:\/\/antonio-justo.eu\/index.php?rest_route=\/wp\/v2\/posts\/5890\/revisions"}],"predecessor-version":[{"id":5891,"href":"https:\/\/antonio-justo.eu\/index.php?rest_route=\/wp\/v2\/posts\/5890\/revisions\/5891"}],"wp:attachment":[{"href":"https:\/\/antonio-justo.eu\/index.php?rest_route=%2Fwp%2Fv2%2Fmedia&parent=5890"}],"wp:term":[{"taxonomy":"category","embeddable":true,"href":"https:\/\/antonio-justo.eu\/index.php?rest_route=%2Fwp%2Fv2%2Fcategories&post=5890"},{"taxonomy":"post_tag","embeddable":true,"href":"https:\/\/antonio-justo.eu\/index.php?rest_route=%2Fwp%2Fv2%2Ftags&post=5890"}],"curies":[{"name":"wp","href":"https:\/\/api.w.org\/{rel}","templated":true}]}}