{"id":5879,"date":"2020-05-09T20:35:39","date_gmt":"2020-05-09T19:35:39","guid":{"rendered":"https:\/\/antonio-justo.eu\/?p=5879"},"modified":"2020-05-09T20:43:57","modified_gmt":"2020-05-09T19:43:57","slug":"9-de-maio-e-o-dia-da-europa","status":"publish","type":"post","link":"https:\/\/antonio-justo.eu\/?p=5879","title":{"rendered":"9 DE MAIO \u00c9 O DIA DA EUROPA"},"content":{"rendered":"<p>Hoje comemora-se o 70\u00b0 anivers\u00e1rio do nascimento da Uni\u00e3o Europeia.<\/p>\n<p>Depois da Guerra em 1946 Winston Churchill tinha-se declarado a favor da ideia dos &#8220;Estados Unidos da Europa&#8221;.<\/p>\n<p>Com a\u00e7o e carv\u00e3o tinham sido forjadas as armas que destru\u00edram grande parte da Alemanha e de outros pa\u00edses. Acabada a guerra tratava-se agora de colocar estes sectores industriais sob um controlo conjunto da Alemanha, Fran\u00e7a e pa\u00edses aderentes para se evitar uma futura guerra.<\/p>\n<p>Robert Schuman elaborou um plano no sentido de integrar os estados europeus. Este plano contou com o apoio do chanceler alem\u00e3o, Adenauer. Segundo o plano, o carv\u00e3o e o a\u00e7o da Alemanha e da Fran\u00e7a e dos pa\u00edses que aderissem teriam uma administra\u00e7\u00e3o conjunta.<\/p>\n<p>Assim se impulsionou a cria\u00e7\u00e3o da primeira Comunidade Europeia: a Comunidade do Carv\u00e3o e do A\u00e7o, liderada por Jean Monnet. Este \u00e9 o in\u00edcio da Uni\u00e3o Europeia.<br \/>\nComo vemos, o princ\u00edpio da Uni\u00e3o Europeia e poss\u00edveis desaven\u00e7as situam-se na economia!<\/p>\n<p>De momento, o v\u00edrus est\u00e1 a complicar a renova\u00e7\u00e3o da EU, passando as desaven\u00e7as a serem menos entre os pa\u00edses mas mais entre os pa\u00edses e Bruxelas (EU).<\/p>\n<p>Ant\u00f3nio da Cunha Duarte Justo<br \/>\nPegadas do Tempo<\/p>\n","protected":false},"excerpt":{"rendered":"<p>Hoje comemora-se o 70\u00b0 anivers\u00e1rio do nascimento da Uni\u00e3o Europeia. Depois da Guerra em 1946 Winston Churchill tinha-se declarado a favor da ideia dos &#8220;Estados Unidos da Europa&#8221;. Com a\u00e7o e carv\u00e3o tinham sido forjadas as armas que destru\u00edram grande parte da Alemanha e de outros pa\u00edses. Acabada a guerra tratava-se agora de colocar estes &hellip; <a href=\"https:\/\/antonio-justo.eu\/?p=5879\" class=\"more-link\">Continuar a ler <span class=\"screen-reader-text\">9 DE MAIO \u00c9 O DIA DA EUROPA<\/span><\/a><\/p>\n","protected":false},"author":1,"featured_media":0,"comment_status":"open","ping_status":"open","sticky":false,"template":"","format":"standard","meta":{"sfsi_plus_gutenberg_text_before_share":"","sfsi_plus_gutenberg_show_text_before_share":"","sfsi_plus_gutenberg_icon_type":"","sfsi_plus_gutenberg_icon_alignemt":"","sfsi_plus_gutenburg_max_per_row":"","footnotes":""},"categories":[3,15,14,7,16],"tags":[],"class_list":["post-5879","post","type-post","status-publish","format-standard","hentry","category-arte","category-cultura","category-economia","category-politica","category-sociedade"],"_links":{"self":[{"href":"https:\/\/antonio-justo.eu\/index.php?rest_route=\/wp\/v2\/posts\/5879","targetHints":{"allow":["GET"]}}],"collection":[{"href":"https:\/\/antonio-justo.eu\/index.php?rest_route=\/wp\/v2\/posts"}],"about":[{"href":"https:\/\/antonio-justo.eu\/index.php?rest_route=\/wp\/v2\/types\/post"}],"author":[{"embeddable":true,"href":"https:\/\/antonio-justo.eu\/index.php?rest_route=\/wp\/v2\/users\/1"}],"replies":[{"embeddable":true,"href":"https:\/\/antonio-justo.eu\/index.php?rest_route=%2Fwp%2Fv2%2Fcomments&post=5879"}],"version-history":[{"count":2,"href":"https:\/\/antonio-justo.eu\/index.php?rest_route=\/wp\/v2\/posts\/5879\/revisions"}],"predecessor-version":[{"id":5881,"href":"https:\/\/antonio-justo.eu\/index.php?rest_route=\/wp\/v2\/posts\/5879\/revisions\/5881"}],"wp:attachment":[{"href":"https:\/\/antonio-justo.eu\/index.php?rest_route=%2Fwp%2Fv2%2Fmedia&parent=5879"}],"wp:term":[{"taxonomy":"category","embeddable":true,"href":"https:\/\/antonio-justo.eu\/index.php?rest_route=%2Fwp%2Fv2%2Fcategories&post=5879"},{"taxonomy":"post_tag","embeddable":true,"href":"https:\/\/antonio-justo.eu\/index.php?rest_route=%2Fwp%2Fv2%2Ftags&post=5879"}],"curies":[{"name":"wp","href":"https:\/\/api.w.org\/{rel}","templated":true}]}}