{"id":5811,"date":"2020-03-08T11:58:37","date_gmt":"2020-03-08T10:58:37","guid":{"rendered":"https:\/\/antonio-justo.eu\/?p=5811"},"modified":"2020-03-08T11:58:37","modified_gmt":"2020-03-08T10:58:37","slug":"os-fundamentos-do-direito-e-as-colunas-em-que-assenta-a-civilizacao-ocidental","status":"publish","type":"post","link":"https:\/\/antonio-justo.eu\/?p=5811","title":{"rendered":"OS FUNDAMENTOS DO DIREITO E AS COLUNAS EM QUE ASSENTA A CIVILIZA\u00c7\u00c3O OCIDENTAL"},"content":{"rendered":"<p>Cito aqui apenas uma frase de um texto admir\u00e1vel de Bento XVI, proferido aos parlamentares alem\u00e3es e que poder\u00e1 ser lido por quem quer entender e ver mais al\u00e9m:<\/p>\n<p>\u201c\u2026Estes conhecimentos da raz\u00e3o constituem a nossa mem\u00f3ria cultural. Ignor\u00e1-la ou consider\u00e1-la como mero passado seria uma amputa\u00e7\u00e3o da nossa cultura no seu todo e priv\u00e1-la-ia da sua integralidade. A cultura da Europa nasceu do encontro entre<span class=\"text_exposed_show\"> Jerusal\u00e9m, Atenas e Roma, do encontro entre a f\u00e9 no Deus de Israel, a raz\u00e3o filos\u00f3fica dos Gregos e o pensamento jur\u00eddico de Roma. Este tr\u00edplice encontro forma a identidade \u00edntima da Europa. Na consci\u00eancia da responsabilidade do homem diante de Deus e no reconhecimento da dignidade inviol\u00e1vel do homem, de cada homem, este encontro fixou crit\u00e9rios do direito, cuja defesa \u00e9 nossa tarefa neste momento hist\u00f3rico.\u201d<\/span><\/p>\n<p><span class=\"text_exposed_show\"><br \/>\nO texto sobre os fundamentos do direito e as colunas da Civiliza\u00e7\u00e3o Ocidental pode ser lido em portugu\u00eas no primeiro lik e ouvido em alem\u00e3o no segundo.<\/span><\/p>\n<p><span class=\"text_exposed_show\"><br \/>\n<a href=\"http:\/\/www.vatican.va\/content\/benedict-xvi\/pt\/speeches\/2011\/september\/documents\/hf_ben-xvi_spe_20110922_reichstag-berlin.html?fbclid=IwAR0ODhbIZbQ4THtlUZI5y9LahJ8c5B6WvKBqlv5MTwNAAz1AdK_rMd2VNPI\" target=\"_blank\" rel=\"noopener nofollow noreferrer\" data-ft=\"{&quot;tn&quot;:&quot;-U&quot;}\" data-lynx-mode=\"asynclazy\" data-lynx-uri=\"https:\/\/l.facebook.com\/l.php?u=http%3A%2F%2Fwww.vatican.va%2Fcontent%2Fbenedict-xvi%2Fpt%2Fspeeches%2F2011%2Fseptember%2Fdocuments%2Fhf_ben-xvi_spe_20110922_reichstag-berlin.html%3Ffbclid%3DIwAR0ODhbIZbQ4THtlUZI5y9LahJ8c5B6WvKBqlv5MTwNAAz1AdK_rMd2VNPI&amp;h=AT1-wG92vr7WnI_arXY6ZAjfL6vDFPLiFDRLPRTF1QAKNjN4zJSdln39o9vggSDkeuIEDVxwJ5y5j1Cbv45JHUpGiOWQZCgnMkAcAYPzmXR01SBz0Dp9AvIF1q0nwbvQz6gdjpntUszgeelPIXegTzjLZXeeuK1kRkjpu4rfzx36\">http:\/\/www.vatican.va\/\u2026\/hf_ben-xvi_spe_20110922_reichstag-b\u2026<\/a><\/span><\/p>\n<div class=\"text_exposed_show\">\n<p><a href=\"https:\/\/www.youtube.com\/watch?v=R7p_I21NeA8&amp;fbclid=IwAR2amCq5HKeIkvIBc5hcxdnCh9bkxk-TjrnE5_3TI8kzIIlowpsjxHznF-4\" target=\"_blank\" rel=\"noopener nofollow noreferrer\" data-ft=\"{&quot;tn&quot;:&quot;-U&quot;}\" data-lynx-mode=\"asynclazy\" data-lynx-uri=\"https:\/\/l.facebook.com\/l.php?u=https%3A%2F%2Fwww.youtube.com%2Fwatch%3Fv%3DR7p_I21NeA8%26fbclid%3DIwAR2amCq5HKeIkvIBc5hcxdnCh9bkxk-TjrnE5_3TI8kzIIlowpsjxHznF-4&amp;h=AT01NRRTY8s1DYG5xC5OprcAQKs9YYVrDZnWocyBSBFX2oBLuXFOO8uFyCJwcqW6ib1n57TM692AB3Nk2hr6ljxPOogA1TOfPYUbT1pyPfHRz5_KvUtp1za_scjcc0TctiATYuDrm_SSJeLoLry17x_y7oZ07yf5ncFg25IbtCQJ\">https:\/\/www.youtube.com\/watch?v=R7p_I21NeA8<\/a><\/p>\n<\/div>\n","protected":false},"excerpt":{"rendered":"<p>Cito aqui apenas uma frase de um texto admir\u00e1vel de Bento XVI, proferido aos parlamentares alem\u00e3es e que poder\u00e1 ser lido por quem quer entender e ver mais al\u00e9m: \u201c\u2026Estes conhecimentos da raz\u00e3o constituem a nossa mem\u00f3ria cultural. Ignor\u00e1-la ou consider\u00e1-la como mero passado seria uma amputa\u00e7\u00e3o da nossa cultura no seu todo e priv\u00e1-la-ia &hellip; <a href=\"https:\/\/antonio-justo.eu\/?p=5811\" class=\"more-link\">Continuar a ler <span class=\"screen-reader-text\">OS FUNDAMENTOS DO DIREITO E AS COLUNAS EM QUE ASSENTA A CIVILIZA\u00c7\u00c3O OCIDENTAL<\/span><\/a><\/p>\n","protected":false},"author":1,"featured_media":0,"comment_status":"open","ping_status":"open","sticky":false,"template":"","format":"standard","meta":{"sfsi_plus_gutenberg_text_before_share":"","sfsi_plus_gutenberg_show_text_before_share":"","sfsi_plus_gutenberg_icon_type":"","sfsi_plus_gutenberg_icon_alignemt":"","sfsi_plus_gutenburg_max_per_row":"","footnotes":""},"categories":[15,7,8],"tags":[],"class_list":["post-5811","post","type-post","status-publish","format-standard","hentry","category-cultura","category-politica","category-religiao"],"_links":{"self":[{"href":"https:\/\/antonio-justo.eu\/index.php?rest_route=\/wp\/v2\/posts\/5811","targetHints":{"allow":["GET"]}}],"collection":[{"href":"https:\/\/antonio-justo.eu\/index.php?rest_route=\/wp\/v2\/posts"}],"about":[{"href":"https:\/\/antonio-justo.eu\/index.php?rest_route=\/wp\/v2\/types\/post"}],"author":[{"embeddable":true,"href":"https:\/\/antonio-justo.eu\/index.php?rest_route=\/wp\/v2\/users\/1"}],"replies":[{"embeddable":true,"href":"https:\/\/antonio-justo.eu\/index.php?rest_route=%2Fwp%2Fv2%2Fcomments&post=5811"}],"version-history":[{"count":1,"href":"https:\/\/antonio-justo.eu\/index.php?rest_route=\/wp\/v2\/posts\/5811\/revisions"}],"predecessor-version":[{"id":5812,"href":"https:\/\/antonio-justo.eu\/index.php?rest_route=\/wp\/v2\/posts\/5811\/revisions\/5812"}],"wp:attachment":[{"href":"https:\/\/antonio-justo.eu\/index.php?rest_route=%2Fwp%2Fv2%2Fmedia&parent=5811"}],"wp:term":[{"taxonomy":"category","embeddable":true,"href":"https:\/\/antonio-justo.eu\/index.php?rest_route=%2Fwp%2Fv2%2Fcategories&post=5811"},{"taxonomy":"post_tag","embeddable":true,"href":"https:\/\/antonio-justo.eu\/index.php?rest_route=%2Fwp%2Fv2%2Ftags&post=5811"}],"curies":[{"name":"wp","href":"https:\/\/api.w.org\/{rel}","templated":true}]}}