{"id":5803,"date":"2020-02-13T21:46:33","date_gmt":"2020-02-13T20:46:33","guid":{"rendered":"https:\/\/antonio-justo.eu\/?p=5803"},"modified":"2020-02-14T12:14:46","modified_gmt":"2020-02-14T11:14:46","slug":"a-exortacao-pos-sinodal-querida-amazonia-quer-uma-igreja-mais-missionaria-e-menos-clerical","status":"publish","type":"post","link":"https:\/\/antonio-justo.eu\/?p=5803","title":{"rendered":"A EXORTA\u00c7\u00c3O P\u00d3S-SINODAL \u201cQUERIDA AMAZ\u00d3NIA\u201d QUER UMA IGREJA MAIS FEMININA E MENOS CLERICAL"},"content":{"rendered":"<h2 style=\"text-align: center;\">Nem Sacerdotes casados nem Diaconisas<\/h2>\n<p><strong>Por Ant\u00f3nio Justo<\/strong><\/p>\n<p><strong>A carta de Roma travou as expectativas dos reformadores que punham as esperan\u00e7as de renova\u00e7\u00e3o da igreja apenas na reforma de fun\u00e7\u00f5es clericais (celibato frouxo e ordena\u00e7\u00e3o de diaconisas).<\/strong>\u00a0 O Papa com a sua Exorta\u00e7\u00e3o \u201cQuerida Amaz\u00f3nia\u201d advoga, contrariamente aos reformistas, uma reforma a partir da base. <strong>Para o papa, certamente que n\u00e3o se trata aqui de masculinizar as fun\u00e7\u00f5es da mulher, mas de feminizar a praxis eclesial.<\/strong> Neste sentido o apelo dirige-se \u00e0s igrejas locais para que criem mais espa\u00e7o para as mulheres e deem resposta aos problemas das pessoas. Quer menos clericalismo e mais leigos em miss\u00f5es de responsabilidade.<\/p>\n<p>Depois do susto provocado pelo documento final do S\u00ednodo Amaz\u00f3nico que tinha, por um lado entusiasmado os progressistas e por outro colocado em estado de alarme os mais conservadores, chega agora a posi\u00e7\u00e3o magisterial do Papa no sentido moderado mas aberto; facto \u00e9 que a exorta\u00e7\u00e3o, ao n\u00e3o se referir direitamente aos temas do documento final do s\u00ednodo amaz\u00f3nico, relega-os para uma quest\u00e3o long\u00ednqua de moral local. A rea\u00e7\u00e3o natural dos apologistas das conclus\u00f5es do s\u00ednodo amaz\u00f3nico ser\u00e1 tentar colocar novamente, ao n\u00edvel central de Roma, a quest\u00e3o do celibato e da ordena\u00e7\u00e3o de diaconisas.<\/p>\n<p>Num tempo de confus\u00e3o social em que os sentimentos epid\u00e9rmicos e um progresso social for\u00e7ado t\u00eam travado a capacidade de an\u00e1lise e de reflex\u00e3o, talvez n\u00e3o venha a desprop\u00f3sito o facto da Igreja Cat\u00f3lica se contrapor ao mainstream da moda e do Zeitgeist que pretende levar tudo na enxurrada. O atuar da Igreja tamb\u00e9m n\u00e3o pode ser reduzido a um estado de consci\u00eancia europeia temporal. E como bem diz a sabedoria popular portuguesa: \u201cdevagar se vai ao longe\u201d!<\/p>\n<p>Nesta exorta\u00e7\u00e3o sobre o s\u00ednodo dos bispos das amazonas, o Papa Francisco manifesta-se muito mais reservado que em exorta\u00e7\u00f5es anteriores; <strong>na exorta\u00e7\u00e3o \u201cQuerida Amaz\u00f3nia\u201d verifica-se que as ondas mais centradas na acentua\u00e7\u00e3o da pastoral (numa igreja de cunho n\u00f3rdico e da teologia da liberta\u00e7\u00e3o) s\u00e3o enfraquecidas em favor da doutrina tradicional (de cunho mais latino).<\/strong> Tamb\u00e9m Francisco deixa a entender que a atual consci\u00eancia eclesial n\u00e3o quer uma igreja cat\u00f3lica protestantizada. Os progressistas que advogam o fim do celibato e defendem a ordena\u00e7\u00e3o de mulheres t\u00eam de recuar nas suas pretens\u00f5es.<\/p>\n<p>O melhor sinal disso pode ser verificado na decis\u00e3o do Cardeal Marx, um dia antes da Exorta\u00e7\u00e3o ser publicada.\u00a0 O atual presidente da Comiss\u00e3o Episcopal da Alemanha, Cardeal Reinhard Marx, que se encontrava \u00e0 frente dos reformadores na Alemanha, anunciou a ren\u00fancia \u00e0 sua recandidatura para presidir \u00e0 Confer\u00eancia episcopal; a elei\u00e7\u00e3o est\u00e1 prevista para mar\u00e7o. Para os reformistas foi um desengano; na Alemanha o movimento \u201ccaminho sinodal\u201d (&#8220;Synodale Weg\u201c) do processo de reforma que tinha como objetivo o relaxe do celibato e a ordena\u00e7\u00e3o de diaconisas perdeu o seu sentido.<\/p>\n<p>Antes da apresenta\u00e7\u00e3o da Exorta\u00e7\u00e3o \u201cQuerida amaz\u00f3nia\u201d o Papa j\u00e1 tinha indiretamente manifestado que n\u00e3o queria a clericaliza\u00e7\u00e3o das mulheres, explicando: \u201e<strong>Na minha opini\u00e3o, lemos a quest\u00e3o feminina e a quest\u00e3o do sacerd\u00f3cio em termos funcionais, esquecendo que, em termos de import\u00e2ncia, Maria tem um papel e uma dignidade superior \u00e0 dos ap\u00f3stolos&#8221; e que \u201co celibato \u00e9 uma gra\u00e7a decisiva que caracteriza a Igreja Cat\u00f3lica Latina\u201d. <\/strong><\/p>\n<p>Al\u00e9m disso, o voto de castidade tamb\u00e9m \u00e9 comum em personalidades com fun\u00e7\u00f5es noutras religi\u00f5es, por exemplo no budismo. O celibato \u00e9 sinal e express\u00e3o do chamamento que o candidato sente. Abolir o celibato n\u00e3o seria certamente uma solu\u00e7\u00e3o como se pode constatar nas igrejas evang\u00e9licas onde h\u00e1 falta de pastores, embora os pastores e as pastoras sejam casados.<strong> Importante seria que o celibato fosse apenas a forma exterior de uma entrega especial a Deus e ao seu povo.\u00a0 Texto completo de \u201cQuerida Amaz\u00f3nia\u201d, que se dirige &#8220;ao povo de Deus e a todos os homens de boa vontade \u201c, em nota (1).<\/strong><\/p>\n<p>O pont\u00edfice apela \u00e0 prote\u00e7\u00e3o ambiental e a um novo impulso mission\u00e1rio e a uma maior responsabilidade para os leigos nas comunidades eclesiais: adverte que a conserva\u00e7\u00e3o da natureza n\u00e3o deve preocupar-se apenas com o meio ambiente, mas tamb\u00e9m com as pessoas da regi\u00e3o. Francisco denuncia &#8220;injusti\u00e7a e crime&#8221; (9-14), ou seja, a destrui\u00e7\u00e3o ambiental e a a\u00e7\u00e3o impiedosa contra o povo da Amaz\u00f3nia por &#8220;interesses colonizadores&#8221; e solicita que se deixem &#8220;os pobres terem uma palavra a dizer&#8221;. <strong>A &#8220;coloniza\u00e7\u00e3o p\u00f3s-moderna&#8221; deve ser combatida, as &#8220;ra\u00edzes&#8221; (33-35) devem ser protegidas; condena &#8220;a vis\u00e3o consumista do homem&#8221; que tende a &#8220;uniformizar as culturas&#8221;. <\/strong>Cita poetas entre eles Pablo Neruda: \u201eeles ajudam-nos a libertar-nos do paradigma tecnocr\u00e1tico e consumista que sufoca a natureza e nos rouba uma exist\u00eancia verdadeiramente digna&#8221;.<\/p>\n<p><strong>Rejeita a internacionaliza\u00e7\u00e3o pol\u00edtica da amaz\u00f3nia, vendo a solu\u00e7\u00e3o apenas na crescente responsabilidade dos governos nacionais. De facto, na amaz\u00f3nia h\u00e1 muitas ONGS que trabalham no sentido de interesses de pot\u00eancias que desejariam para si o poder sobre a Amaz\u00f3nia. <\/strong><\/p>\n<p>No \u00faltimo cap\u00edtulo adverte que n\u00e3o se deve desligar a \u201cmensagem social\u201d da miss\u00e3o espiritual e que os povos da amaz\u00f3nia t\u00eam \u201cdireito ao an\u00fancio do evangelho\u201d, doutro modo &#8220;toda a estrutura eclesial se tornaria apenas em mais uma ONG&#8221;.<\/p>\n<p>Apela \u00e0 incultura\u00e7\u00e3o da espiritualidade crist\u00e3 nas culturas dos povos ind\u00edgenas que se devem refletir tamb\u00e9m na celebra\u00e7\u00e3o do servi\u00e7o lit\u00fargico: &#8220;Isto nos permite retomar na liturgia muitos elementos da intensa experi\u00eancia da natureza dos povos ind\u00edgenas e estimular suas pr\u00f3prias express\u00f5es nos cantos, dan\u00e7as, ritos, gestos e s\u00edmbolos&#8221;.<\/p>\n<p>Defende a cria\u00e7\u00e3o de novos servi\u00e7os eclesiais para as mulheres, que devem ser reconhecidos publicamente pelos Bispos e que envolvam a participa\u00e7\u00e3o no poder de decis\u00e3o nas comunidades (cria\u00e7\u00e3o de novos &#8220;servi\u00e7os e carismas femininos&#8221;). N\u00e3o faz refer\u00eancia ao documento conclusivo sinodal editado em outubro 2019, mas convida a que o documento seja lido na \u00edntegra (isto poder\u00e1 ser um sinal de que a discuss\u00e3o poder\u00e1 continuar a n\u00edvel regional).<strong> Francisco segue a linha dos papas anteriores limitando-se a convidar \u00e0 valoriza\u00e7\u00e3o do minist\u00e9rio diaconal e do servi\u00e7o das religiosas, leigos e leigas,<\/strong> <strong>pedindo novas formas de lideran\u00e7a e mais mission\u00e1rios. \u00a0<\/strong><\/p>\n<p><strong>\u00a9 Ant\u00f3nio da Cunha Duarte Justo<\/strong><\/p>\n<p><strong>Te\u00f3logo<\/strong><\/p>\n<p><strong>In Pegadas do tempo<\/strong><\/p>\n<ul>\n<li>(1) Texto completo de Querida Amaz\u00f3nia: <strong><a href=\"http:\/\/www.vatican.va\/content\/francesco\/pt\/apost_exhortations\/documents\/papa-francesco_esortazione-ap_20200202_querida-amazonia.html\">http:\/\/www.vatican.va\/content\/francesco\/pt\/apost_exhortations\/documents\/papa-francesco_esortazione-ap_20200202_querida-amazonia.html<\/a> <\/strong><\/li>\n<\/ul>\n<p><strong>\u00a0<\/strong><\/p>\n<p>&nbsp;<\/p>\n","protected":false},"excerpt":{"rendered":"<p>Nem Sacerdotes casados nem Diaconisas Por Ant\u00f3nio Justo A carta de Roma travou as expectativas dos reformadores que punham as esperan\u00e7as de renova\u00e7\u00e3o da igreja apenas na reforma de fun\u00e7\u00f5es clericais (celibato frouxo e ordena\u00e7\u00e3o de diaconisas).\u00a0 O Papa com a sua Exorta\u00e7\u00e3o \u201cQuerida Amaz\u00f3nia\u201d advoga, contrariamente aos reformistas, uma reforma a partir da base. &hellip; <a href=\"https:\/\/antonio-justo.eu\/?p=5803\" class=\"more-link\">Continuar a ler <span class=\"screen-reader-text\">A EXORTA\u00c7\u00c3O P\u00d3S-SINODAL \u201cQUERIDA AMAZ\u00d3NIA\u201d QUER UMA IGREJA MAIS FEMININA E MENOS CLERICAL<\/span><\/a><\/p>\n","protected":false},"author":1,"featured_media":0,"comment_status":"open","ping_status":"open","sticky":false,"template":"","format":"standard","meta":{"sfsi_plus_gutenberg_text_before_share":"","sfsi_plus_gutenberg_show_text_before_share":"","sfsi_plus_gutenberg_icon_type":"","sfsi_plus_gutenberg_icon_alignemt":"","sfsi_plus_gutenburg_max_per_row":"","footnotes":""},"categories":[3,15,14,4,7,8,16],"tags":[],"class_list":["post-5803","post","type-post","status-publish","format-standard","hentry","category-arte","category-cultura","category-economia","category-educacao","category-politica","category-religiao","category-sociedade"],"_links":{"self":[{"href":"https:\/\/antonio-justo.eu\/index.php?rest_route=\/wp\/v2\/posts\/5803","targetHints":{"allow":["GET"]}}],"collection":[{"href":"https:\/\/antonio-justo.eu\/index.php?rest_route=\/wp\/v2\/posts"}],"about":[{"href":"https:\/\/antonio-justo.eu\/index.php?rest_route=\/wp\/v2\/types\/post"}],"author":[{"embeddable":true,"href":"https:\/\/antonio-justo.eu\/index.php?rest_route=\/wp\/v2\/users\/1"}],"replies":[{"embeddable":true,"href":"https:\/\/antonio-justo.eu\/index.php?rest_route=%2Fwp%2Fv2%2Fcomments&post=5803"}],"version-history":[{"count":3,"href":"https:\/\/antonio-justo.eu\/index.php?rest_route=\/wp\/v2\/posts\/5803\/revisions"}],"predecessor-version":[{"id":5806,"href":"https:\/\/antonio-justo.eu\/index.php?rest_route=\/wp\/v2\/posts\/5803\/revisions\/5806"}],"wp:attachment":[{"href":"https:\/\/antonio-justo.eu\/index.php?rest_route=%2Fwp%2Fv2%2Fmedia&parent=5803"}],"wp:term":[{"taxonomy":"category","embeddable":true,"href":"https:\/\/antonio-justo.eu\/index.php?rest_route=%2Fwp%2Fv2%2Fcategories&post=5803"},{"taxonomy":"post_tag","embeddable":true,"href":"https:\/\/antonio-justo.eu\/index.php?rest_route=%2Fwp%2Fv2%2Ftags&post=5803"}],"curies":[{"name":"wp","href":"https:\/\/api.w.org\/{rel}","templated":true}]}}