{"id":5746,"date":"2019-12-10T18:30:02","date_gmt":"2019-12-10T17:30:02","guid":{"rendered":"https:\/\/antonio-justo.eu\/?p=5746"},"modified":"2019-12-10T18:30:02","modified_gmt":"2019-12-10T17:30:02","slug":"importacao-de-carros-usados","status":"publish","type":"post","link":"https:\/\/antonio-justo.eu\/?p=5746","title":{"rendered":"IMPORTA\u00c7\u00c3O DE CARROS USADOS"},"content":{"rendered":"<h4 style=\"text-align: center;\"><strong>Provedor da Justi\u00e7a gratuito em caso de conflito com autoridades<\/strong><\/h4>\n<p>Ant\u00f3nio Justo<\/p>\n<p>J\u00e1 em 2016 o Tribunal de Justi\u00e7a da Uni\u00e3o Europeia (TJUE)\u201d condenara Portugal, relativamente \u00e0 mat\u00e9ria de importa\u00e7\u00e3o de carros do Espa\u00e7o Europeu. Este ano\u00a0 a EU advertiu novamente Portugal para que cumpra a lei europeia.<\/p>\n<p>A sobrecarga, que o Estado Portugu\u00eas imp\u00f5e a emigrantes ou a quem importa carros usados da EU, revela-se como uma explora\u00e7\u00e3o do pr\u00f3prio povo e maltrata os direitos dos portugueses no espa\u00e7o econ\u00f3mico europeu!<\/p>\n<p>Pode ler sobre isto no Expesso de 27.11.2019 (link em nota 1)<\/p>\n<p>Muitos portugueses n\u00e3o reagem e o Estado vai adiando a solu\u00e7\u00e3o do problema. A imprensa portuguesa tamb\u00e9m s\u00f3 tematiza o assunto superficialmente.<\/p>\n<p>Pessoas lesadas deveriam colocar a quest\u00e3o no Provedor de Justi\u00e7a Europeia; a queixa \u00e9 gratuita (2); por exemplo, no Google em Provedor de Justi\u00e7a Europeia (3).<\/p>\n<p>O recurso ao provedor da justi\u00e7a seja ele o europeu ou o portugu\u00eas \u00e9 premiado pelo interesse da autoridade em esclarecer o assunto e na interven\u00e7\u00e3o que faz.<\/p>\n<p><strong>Ant\u00f3nio da Cunha Duarte Justo<\/strong><\/p>\n<p>Pegadas do Tempo<\/p>\n<ul>\n<li>(1)\u00a0 <a href=\"https:\/\/expresso.pt\/economia\/2019-11-27-Comissao-Europeia-da-um-mes-a-Portugal-para-mudar-imposto-sobre-carros-importados\">https:\/\/expresso.pt\/economia\/2019-11-27-Comissao-Europeia-da-um-mes-a-Portugal-para-mudar-imposto-sobre-carros-importados<\/a><\/li>\n<li>(2)\u00a0 Provedor de Justi\u00e7a Europeia: <a href=\"https:\/\/www.ombudsman.europa.eu\/pt\/home\">https:\/\/www.ombudsman.europa.eu\/pt\/home<\/a><\/li>\n<li>(3) Num outro assunto fiz uma queixa ao Provedor da Justi\u00e7a Portguesa, devido a irregularidades na Administra\u00e7\u00e3o e fui bem sucedido!<\/li>\n<\/ul>\n","protected":false},"excerpt":{"rendered":"<p>Provedor da Justi\u00e7a gratuito em caso de conflito com autoridades Ant\u00f3nio Justo J\u00e1 em 2016 o Tribunal de Justi\u00e7a da Uni\u00e3o Europeia (TJUE)\u201d condenara Portugal, relativamente \u00e0 mat\u00e9ria de importa\u00e7\u00e3o de carros do Espa\u00e7o Europeu. Este ano\u00a0 a EU advertiu novamente Portugal para que cumpra a lei europeia. A sobrecarga, que o Estado Portugu\u00eas imp\u00f5e &hellip; <a href=\"https:\/\/antonio-justo.eu\/?p=5746\" class=\"more-link\">Continuar a ler <span class=\"screen-reader-text\">IMPORTA\u00c7\u00c3O DE CARROS USADOS<\/span><\/a><\/p>\n","protected":false},"author":1,"featured_media":0,"comment_status":"open","ping_status":"open","sticky":false,"template":"","format":"standard","meta":{"sfsi_plus_gutenberg_text_before_share":"","sfsi_plus_gutenberg_show_text_before_share":"","sfsi_plus_gutenberg_icon_type":"","sfsi_plus_gutenberg_icon_alignemt":"","sfsi_plus_gutenburg_max_per_row":"","footnotes":""},"categories":[14,6,16],"tags":[],"class_list":["post-5746","post","type-post","status-publish","format-standard","hentry","category-economia","category-migracao","category-sociedade"],"_links":{"self":[{"href":"https:\/\/antonio-justo.eu\/index.php?rest_route=\/wp\/v2\/posts\/5746","targetHints":{"allow":["GET"]}}],"collection":[{"href":"https:\/\/antonio-justo.eu\/index.php?rest_route=\/wp\/v2\/posts"}],"about":[{"href":"https:\/\/antonio-justo.eu\/index.php?rest_route=\/wp\/v2\/types\/post"}],"author":[{"embeddable":true,"href":"https:\/\/antonio-justo.eu\/index.php?rest_route=\/wp\/v2\/users\/1"}],"replies":[{"embeddable":true,"href":"https:\/\/antonio-justo.eu\/index.php?rest_route=%2Fwp%2Fv2%2Fcomments&post=5746"}],"version-history":[{"count":1,"href":"https:\/\/antonio-justo.eu\/index.php?rest_route=\/wp\/v2\/posts\/5746\/revisions"}],"predecessor-version":[{"id":5747,"href":"https:\/\/antonio-justo.eu\/index.php?rest_route=\/wp\/v2\/posts\/5746\/revisions\/5747"}],"wp:attachment":[{"href":"https:\/\/antonio-justo.eu\/index.php?rest_route=%2Fwp%2Fv2%2Fmedia&parent=5746"}],"wp:term":[{"taxonomy":"category","embeddable":true,"href":"https:\/\/antonio-justo.eu\/index.php?rest_route=%2Fwp%2Fv2%2Fcategories&post=5746"},{"taxonomy":"post_tag","embeddable":true,"href":"https:\/\/antonio-justo.eu\/index.php?rest_route=%2Fwp%2Fv2%2Ftags&post=5746"}],"curies":[{"name":"wp","href":"https:\/\/api.w.org\/{rel}","templated":true}]}}