{"id":5694,"date":"2019-11-13T18:06:09","date_gmt":"2019-11-13T17:06:09","guid":{"rendered":"https:\/\/antonio-justo.eu\/?p=5694"},"modified":"2019-11-13T18:06:09","modified_gmt":"2019-11-13T17:06:09","slug":"fazer-a-barba-ou-desfazer-a-lingua","status":"publish","type":"post","link":"https:\/\/antonio-justo.eu\/?p=5694","title":{"rendered":"FAZER A BARBA ou DESFAZER A L\u00cdNGUA?"},"content":{"rendered":"<p>&nbsp;<\/p>\n<p>Bons gram\u00e1ticos chamam a aten\u00e7\u00e3o da propriedade de termo no uso da l\u00edngua. De facto, a express\u00e3o correcta, \u00e9 \u201cfazer a barba\u201d e n\u00e3o \u201cdesfazer a barba\u201d! Tamb\u00e9m a mim h\u00e1 muito me incomoda ouvir gente que anda por a\u00ed a desmatar uma floresta t\u00e3o original, rica e diversificada como \u00e9 a nossa L\u00edngua.<\/p>\n<p>Um modernismo leve, em voga, muitas vezes, n\u00e3o entende o sentido das palavras e, pelo facto quer, em quest\u00f5es de l\u00edngua, descobrir a Am\u00e9rica. Como n\u00e3o valorizam a riqueza da L\u00edngua pensam que tamb\u00e9m ela se deixa reduzir a uma r\u00e9gua da l\u00f3gica.<\/p>\n<p>Seria um equ\u00edvoco transformar uma floresta primordial num monte de eucaliptos, por muito bem cheiroso que este seja!<\/p>\n<p>Ant\u00f3nio da Cunha Duarte Justo<\/p>\n<p>Pegadas do Tempo<\/p>\n","protected":false},"excerpt":{"rendered":"<p>&nbsp; Bons gram\u00e1ticos chamam a aten\u00e7\u00e3o da propriedade de termo no uso da l\u00edngua. De facto, a express\u00e3o correcta, \u00e9 \u201cfazer a barba\u201d e n\u00e3o \u201cdesfazer a barba\u201d! Tamb\u00e9m a mim h\u00e1 muito me incomoda ouvir gente que anda por a\u00ed a desmatar uma floresta t\u00e3o original, rica e diversificada como \u00e9 a nossa L\u00edngua. &hellip; <a href=\"https:\/\/antonio-justo.eu\/?p=5694\" class=\"more-link\">Continuar a ler <span class=\"screen-reader-text\">FAZER A BARBA ou DESFAZER A L\u00cdNGUA?<\/span><\/a><\/p>\n","protected":false},"author":1,"featured_media":0,"comment_status":"open","ping_status":"open","sticky":false,"template":"","format":"standard","meta":{"sfsi_plus_gutenberg_text_before_share":"","sfsi_plus_gutenberg_show_text_before_share":"","sfsi_plus_gutenberg_icon_type":"","sfsi_plus_gutenberg_icon_alignemt":"","sfsi_plus_gutenburg_max_per_row":"","footnotes":""},"categories":[1],"tags":[],"class_list":["post-5694","post","type-post","status-publish","format-standard","hentry","category-sem-categoria"],"_links":{"self":[{"href":"https:\/\/antonio-justo.eu\/index.php?rest_route=\/wp\/v2\/posts\/5694","targetHints":{"allow":["GET"]}}],"collection":[{"href":"https:\/\/antonio-justo.eu\/index.php?rest_route=\/wp\/v2\/posts"}],"about":[{"href":"https:\/\/antonio-justo.eu\/index.php?rest_route=\/wp\/v2\/types\/post"}],"author":[{"embeddable":true,"href":"https:\/\/antonio-justo.eu\/index.php?rest_route=\/wp\/v2\/users\/1"}],"replies":[{"embeddable":true,"href":"https:\/\/antonio-justo.eu\/index.php?rest_route=%2Fwp%2Fv2%2Fcomments&post=5694"}],"version-history":[{"count":1,"href":"https:\/\/antonio-justo.eu\/index.php?rest_route=\/wp\/v2\/posts\/5694\/revisions"}],"predecessor-version":[{"id":5695,"href":"https:\/\/antonio-justo.eu\/index.php?rest_route=\/wp\/v2\/posts\/5694\/revisions\/5695"}],"wp:attachment":[{"href":"https:\/\/antonio-justo.eu\/index.php?rest_route=%2Fwp%2Fv2%2Fmedia&parent=5694"}],"wp:term":[{"taxonomy":"category","embeddable":true,"href":"https:\/\/antonio-justo.eu\/index.php?rest_route=%2Fwp%2Fv2%2Fcategories&post=5694"},{"taxonomy":"post_tag","embeddable":true,"href":"https:\/\/antonio-justo.eu\/index.php?rest_route=%2Fwp%2Fv2%2Ftags&post=5694"}],"curies":[{"name":"wp","href":"https:\/\/api.w.org\/{rel}","templated":true}]}}