{"id":5620,"date":"2019-10-10T18:17:09","date_gmt":"2019-10-10T17:17:09","guid":{"rendered":"https:\/\/antonio-justo.eu\/?p=5620"},"modified":"2019-10-10T21:17:22","modified_gmt":"2019-10-10T20:17:22","slug":"antisemitismo-na-alemanha","status":"publish","type":"post","link":"https:\/\/antonio-justo.eu\/?p=5620","title":{"rendered":"ANTISSEMITISMO NA ALEMANHA"},"content":{"rendered":"<h3 style=\"text-align: center;\">Extremista tenta atacar Sinagoga e mata dois Transeuntes<\/h3>\n<p>No dia da maior festa judaica, o dia da reconcilia\u00e7\u00e3o, (9.10.2019), um antissemita, depois de uma tentativa falhada de massacre numa sinagoga em Halle\/Saale, antiga DDR (onde se encontravam dezenas de fieis), disparou tiros matando dois transeuntes: uma mulher em frente \u00e0 sinagoga e de seguida um homem; duas outras pessoas foram feridas. O criminoso alem\u00e3o, de 27 anos, tinha quatro quilos de explosivos no seu carro e, al\u00e9m do mais, transmitiu o crime em directo na Internet. O Ministro Federal do Interior Horst Seehofer disse tratar-se de um motivo (acto terrorista) antissemita de um extremista de direita.<\/p>\n<p>J\u00e1 a magazine de tend\u00eancia esquerda Spiegel 51\/2017 lamentava que o passado do antissemitismo assombrado, chega agora \u00e0 Alemanha atrav\u00e9s de duas for\u00e7as: a do antissemitismo do desvio da cultura da lembran\u00e7a e a do antissemitismo \u00e1rabe-isl\u00e2mico.<\/p>\n<p>Em Estados com est\u00f3mago mas sem dentes o extremismo prolifera, cada vez mais, porque as v\u00edtimas n\u00e3o deixam consequ\u00eancias na pol\u00edtica nem rastos nos anais.<\/p>\n<p>Esta \u00e9 uma hora triste que deve ter a repulsa seja de esquerda seja de direita. Aqueles que se aproveitam e abusam deste crime horr\u00edvel e de outros, para estigmatizar a concorr\u00eancia pol\u00edtica, com difama\u00e7\u00f5es infundadas, navegam em \u00e1guas turvas, dividindo a sociedade e enfraquecendo a base democr\u00e1tica em que nos apoiamos. Pelos vistos n\u00e3o tem havido aten\u00e7\u00e3o especial no que respeita ao extremismo de direita; no que respeita a antissemitismo, por vezes, os extremismos de direita e de esquerda d\u00e3o-se as m\u00e3os.<\/p>\n<p>Ant\u00f3nio da Cunha Duarte Justo<\/p>\n<p>Pegadas do Tempo<\/p>\n","protected":false},"excerpt":{"rendered":"<p>Extremista tenta atacar Sinagoga e mata dois Transeuntes No dia da maior festa judaica, o dia da reconcilia\u00e7\u00e3o, (9.10.2019), um antissemita, depois de uma tentativa falhada de massacre numa sinagoga em Halle\/Saale, antiga DDR (onde se encontravam dezenas de fieis), disparou tiros matando dois transeuntes: uma mulher em frente \u00e0 sinagoga e de seguida um &hellip; <a href=\"https:\/\/antonio-justo.eu\/?p=5620\" class=\"more-link\">Continuar a ler <span class=\"screen-reader-text\">ANTISSEMITISMO NA ALEMANHA<\/span><\/a><\/p>\n","protected":false},"author":1,"featured_media":0,"comment_status":"open","ping_status":"open","sticky":false,"template":"","format":"standard","meta":{"sfsi_plus_gutenberg_text_before_share":"","sfsi_plus_gutenberg_show_text_before_share":"","sfsi_plus_gutenberg_icon_type":"","sfsi_plus_gutenberg_icon_alignemt":"","sfsi_plus_gutenburg_max_per_row":"","footnotes":""},"categories":[7,16],"tags":[],"class_list":["post-5620","post","type-post","status-publish","format-standard","hentry","category-politica","category-sociedade"],"_links":{"self":[{"href":"https:\/\/antonio-justo.eu\/index.php?rest_route=\/wp\/v2\/posts\/5620","targetHints":{"allow":["GET"]}}],"collection":[{"href":"https:\/\/antonio-justo.eu\/index.php?rest_route=\/wp\/v2\/posts"}],"about":[{"href":"https:\/\/antonio-justo.eu\/index.php?rest_route=\/wp\/v2\/types\/post"}],"author":[{"embeddable":true,"href":"https:\/\/antonio-justo.eu\/index.php?rest_route=\/wp\/v2\/users\/1"}],"replies":[{"embeddable":true,"href":"https:\/\/antonio-justo.eu\/index.php?rest_route=%2Fwp%2Fv2%2Fcomments&post=5620"}],"version-history":[{"count":7,"href":"https:\/\/antonio-justo.eu\/index.php?rest_route=\/wp\/v2\/posts\/5620\/revisions"}],"predecessor-version":[{"id":5627,"href":"https:\/\/antonio-justo.eu\/index.php?rest_route=\/wp\/v2\/posts\/5620\/revisions\/5627"}],"wp:attachment":[{"href":"https:\/\/antonio-justo.eu\/index.php?rest_route=%2Fwp%2Fv2%2Fmedia&parent=5620"}],"wp:term":[{"taxonomy":"category","embeddable":true,"href":"https:\/\/antonio-justo.eu\/index.php?rest_route=%2Fwp%2Fv2%2Fcategories&post=5620"},{"taxonomy":"post_tag","embeddable":true,"href":"https:\/\/antonio-justo.eu\/index.php?rest_route=%2Fwp%2Fv2%2Ftags&post=5620"}],"curies":[{"name":"wp","href":"https:\/\/api.w.org\/{rel}","templated":true}]}}