{"id":5600,"date":"2019-08-25T16:33:54","date_gmt":"2019-08-25T15:33:54","guid":{"rendered":"https:\/\/antonio-justo.eu\/?p=5600"},"modified":"2019-08-25T17:50:53","modified_gmt":"2019-08-25T16:50:53","slug":"g7-entre-regionalismos-e-globalismo","status":"publish","type":"post","link":"https:\/\/antonio-justo.eu\/?p=5600","title":{"rendered":"G7 ENTRE REGIONALISMOS E GLOBALISMO"},"content":{"rendered":"<h3 style=\"text-align: center;\"><strong>Jogos e Fintas no Grupo dos Sete (Cimeira G7)<\/strong><\/h3>\n<p>Por <strong>Ant\u00f3nio Justo<\/strong><\/p>\n<p>Numa altura em que os estragos do globalismo liberal e do centralismo deveriam ser reconsiderados, debatem-se os senhores do globalismo contra os do regionalismo num jogo de interesses econ\u00f3micos em Biarritz; aproveitam-se uns e outros do escuro da fumarada que domina nos baixios populares para, cada um, longe de qualquer compromisso, levar a sua a melhor! O bem \u00e9 que falam uns com os outros, o clima parece ser melhor que na \u00faltima cimeira. O G7 continua a excluir a R\u00fassia apesar de Trump a desejar como futuro membro de um G8. Surpreendente foi a visita inesperada do ministro dos neg\u00f3cios estrangeiros do Ir\u00e3o a Biarritz, talvez uma esperan\u00e7a dos europeus sonharem um encontro entre ele e Trump (Certamente uma tentativa em v\u00e3o)!<\/p>\n<p><strong>De 24 a 26 de agosto a Cimeira G7 chega ao cume dos imprevistos; de um lado homens imprevis\u00edveis como Donald Trump e Boris Johnson que n\u00e3o querem entrar completamente no jogo do clube globalista e do outro lado os temas quentes: \u00a0combate \u00e0 desigualdade, injusti\u00e7a globais, Caos-Brexit, clima, Ir\u00e3o, motins em Hong Kong, conflito de Caxemira \u00cdndia-Paquist\u00e3o, a guerra na S\u00edria e o conflito, de n\u00e3o menos relevo, entre EUA -China que se pretendem reservar para si o direito de guiar o rebanho!&#8230;<\/strong><\/p>\n<p>Macron, com algumas propostas boas, encenou para a opini\u00e3o p\u00fablica o tema Amaz\u00f3nio para desviar as aten\u00e7\u00f5es da desolada situa\u00e7\u00e3o em que se encontra a EU apelando aos pa\u00edses membros do G7 (Alemanha, Canad\u00e1, Estados Unidos, Fran\u00e7a, It\u00e1lia, Jap\u00e3o e Reino Unido), para que discutam os inc\u00eandios da Amaz\u00f3nia. Doutra maneira n\u00e3o conseguiria tirar do foco da comunica\u00e7\u00e3o social o fogo que j\u00e1 se avista nas janelas da casa EU. Tamb\u00e9m, uma boa maneira de desviar as aten\u00e7\u00f5es dos Media da<strong> crise em que o Ocidente se desintegra, a Turquia provoca a Nato, o Brexit divide a Europa e os membros da EU se encontram uns contra os outros; por outro lado o problema da China \u00e0 porta de casa, as pol\u00edticas falhadas com a R\u00fassia e o Ir\u00e3o e ainda por cima o desmancha-prazeres Trump, o malvado que quer travar o autocarro da globaliza\u00e7\u00e3o!<\/strong><\/p>\n<p><strong>M\u00e1cron para legitimar a intromiss\u00e3o no Brasil, um estado soberano, n\u00e3o receia em dizer dias antes da Cimeira algo para entreter a imprensa e satisfazer os desejos jacobinos entre o soberano povo que inconscientemente se deixa conduzir pela trela de quem alcan\u00e7a a dianteira: &#8220;Devemos responder ao apelo da floresta (&#8230;) da Amaz\u00f3nia, nosso bem comum (&#8230;) e por isso vamos agir&#8221;\u2026 a &#8220;nossa casa est\u00e1 pegando fogo. \u00c9 uma crise internacional&#8221;(1), anuncia o Presidente <\/strong><\/p>\n<p>A Interven\u00e7\u00e3o em quest\u00f5es internas de um pa\u00eds revela-se como oportunisticamente justa porque na continua\u00e7\u00e3o do velho colonialismo europeu:<strong> outrora em nome do cristianismo e hoje em nome dos direitos humanos e dos problemas ambientais chama a si a raz\u00e3o e legitima\u00e7\u00e3o para intervir; com o seu agir, legitima actividades, por tr\u00e1s das quais se escondem interesses colonialistas de caracter econ\u00f3mico e ideol\u00f3gico. <\/strong><\/p>\n<p>\u00c9 preocupante a reac\u00e7\u00e3o pol\u00edtica aos fogos no Brasil sem ter havido uma an\u00e1lise objectiva dos mesmos, (fogos estes, como consta, ateados entre outros por ONGs internacionais a operar na Amaz\u00f3nia e a quem a Alemanha e outros deixaram de apoiar), que provocou a inten\u00e7\u00e3o precipitada \u00a0\u00a0do Presidente franc\u00eas e da UE que consideram leg\u00edtimo um boicote a importa\u00e7\u00f5es do Brasil, n\u00e3o faltando at\u00e9 a amea\u00e7a<strong> de se questionar o acordo UE\/Mercosul. A divindade continua a precisar de bodes expiat\u00f3rios!<\/strong><\/p>\n<p>Com se v\u00ea, Macron e a EU querem agir \u00e0 velha maneira de senhores no estilo imperialista e colonialista.<strong> Antigamente intervinha-se num outro Estado em nome de interesses do mais forte ou dos pr\u00f3prios interesses lesados, hoje os mais fortes interv\u00eam nas na\u00e7\u00f5es em nome dos direitos humanos e do que nos \u201cpertence a todos\u201d. <\/strong><\/p>\n<p><strong>Em nome da globaliza\u00e7\u00e3o pa\u00edses e povos abdicam do direito \u00e0 autodetermina\u00e7\u00e3o; a subordina\u00e7\u00e3o a supraestruturas marginaliza at\u00e9 o pensamento. O dom\u00ednio e a censura que pol\u00edticos autorit\u00e1rios aplicam e aplicavam em nome do bem da na\u00e7\u00e3o hoje aplicam-no Estados democr\u00e1ticos mais fortes em nome da globaliza\u00e7\u00e3o.<\/strong><\/p>\n<p>No meio de tanta confus\u00e3o espalhada na opini\u00e3o p\u00fablica, parece andar muita gente desvairada como se j\u00e1 tiv\u00e9ssemos chegado ao cume da montanha globalista turbo-econ\u00f3mica e cultural marxista e do cimo da convic\u00e7\u00e3o hegem\u00f3nica j\u00e1 n\u00e3o houvesse espa\u00e7o para avistar a diferen\u00e7a quer a n\u00edvel de g\u00e9nero, de comunidades, de pa\u00edses ou de regi\u00f5es. Querem uma via \u00fanica, a via do igualitarismo que leve ao desmoronamento da civiliza\u00e7\u00e3o e tudo ainda em nome de motivos nobres e universais.<\/p>\n<p>Assim, em vez de se preocupar com os problemas causados pelo globalismo, o nosso mago M\u00e1cron surge como salvador da honra da nova Europa ao pegar na sua varinha m\u00e1gica para enfeiti\u00e7ar os membros da G7 e os Media; assim para divertimento de um povo espectador consegue que se olhe para o fumo de fora para melhor poder combater os feiticeiros rivais e malvados Bolsonaro e Trump.<\/p>\n<p>Toda a gente fala da Amaz\u00f3nia porque os interesses do socialismo marxista e os interesses internacionais econ\u00f3micos na Am\u00e9rica do Sul se juntaram e se encontram l\u00e1 envolvidos.<\/p>\n<p>Os desafios que a humanidade tem em m\u00e3os s\u00f3 poder\u00e3o ter sucesso se todos se derem as m\u00e3os \u00e0 mesa das negocia\u00e7\u00f5es em que cada parte ceda na consci\u00eancia de que a raz\u00e3o que advoga se deve sobretudo ao pr\u00f3prio ponto de vista e sem o dos outros \u00e9 mera prepot\u00eancia, por muito nobres que pare\u00e7am ser os seus ideais e argumentos.<\/p>\n<p><strong>Com tantos fogos e ventos a soprar de todo o lado j\u00e1 seria tempo de o povo da Europa acordar para notar que a guerra que se incendeia em torno da Amaz\u00f3nia tamb\u00e9m faz parte da luta contra a cultura ocidental.<\/strong><\/p>\n<p><strong>\u00a0<\/strong><\/p>\n<p><strong>Ant\u00f3nio da Cunha Duarte Justo<\/strong><\/p>\n<p>Pegadas do Tempo<\/p>\n<p>(1)<\/p>\n<ul>\n<li><a href=\"https:\/\/www.youtube.com\/watch?v=e_hDK68ocv4\">https:\/\/www.youtube.com\/watch?v=e_hDK68ocv4<\/a><\/li>\n<\/ul>\n<p>A jovialidade entre Trump e Johnsons s\u00e3o o melhor sinal de uma vis\u00e3o comum contra um globalismo liberalista. A guerra comercial entre a China e os USA prejudicam as grandes economias europeias que se encontram dependentes de um neg\u00f3cio aberto e livre pelo facto de individualmente n\u00e3o terem grande relev\u00e2ncia mundial ao contr\u00e1rio da China e dos USA.<\/p>\n","protected":false},"excerpt":{"rendered":"<p>Jogos e Fintas no Grupo dos Sete (Cimeira G7) Por Ant\u00f3nio Justo Numa altura em que os estragos do globalismo liberal e do centralismo deveriam ser reconsiderados, debatem-se os senhores do globalismo contra os do regionalismo num jogo de interesses econ\u00f3micos em Biarritz; aproveitam-se uns e outros do escuro da fumarada que domina nos baixios &hellip; <a href=\"https:\/\/antonio-justo.eu\/?p=5600\" class=\"more-link\">Continuar a ler <span class=\"screen-reader-text\">G7 ENTRE REGIONALISMOS E GLOBALISMO<\/span><\/a><\/p>\n","protected":false},"author":1,"featured_media":0,"comment_status":"open","ping_status":"open","sticky":false,"template":"","format":"standard","meta":{"sfsi_plus_gutenberg_text_before_share":"","sfsi_plus_gutenberg_show_text_before_share":"","sfsi_plus_gutenberg_icon_type":"","sfsi_plus_gutenberg_icon_alignemt":"","sfsi_plus_gutenburg_max_per_row":"","footnotes":""},"categories":[14,7,16],"tags":[],"class_list":["post-5600","post","type-post","status-publish","format-standard","hentry","category-economia","category-politica","category-sociedade"],"_links":{"self":[{"href":"https:\/\/antonio-justo.eu\/index.php?rest_route=\/wp\/v2\/posts\/5600","targetHints":{"allow":["GET"]}}],"collection":[{"href":"https:\/\/antonio-justo.eu\/index.php?rest_route=\/wp\/v2\/posts"}],"about":[{"href":"https:\/\/antonio-justo.eu\/index.php?rest_route=\/wp\/v2\/types\/post"}],"author":[{"embeddable":true,"href":"https:\/\/antonio-justo.eu\/index.php?rest_route=\/wp\/v2\/users\/1"}],"replies":[{"embeddable":true,"href":"https:\/\/antonio-justo.eu\/index.php?rest_route=%2Fwp%2Fv2%2Fcomments&post=5600"}],"version-history":[{"count":5,"href":"https:\/\/antonio-justo.eu\/index.php?rest_route=\/wp\/v2\/posts\/5600\/revisions"}],"predecessor-version":[{"id":5605,"href":"https:\/\/antonio-justo.eu\/index.php?rest_route=\/wp\/v2\/posts\/5600\/revisions\/5605"}],"wp:attachment":[{"href":"https:\/\/antonio-justo.eu\/index.php?rest_route=%2Fwp%2Fv2%2Fmedia&parent=5600"}],"wp:term":[{"taxonomy":"category","embeddable":true,"href":"https:\/\/antonio-justo.eu\/index.php?rest_route=%2Fwp%2Fv2%2Fcategories&post=5600"},{"taxonomy":"post_tag","embeddable":true,"href":"https:\/\/antonio-justo.eu\/index.php?rest_route=%2Fwp%2Fv2%2Ftags&post=5600"}],"curies":[{"name":"wp","href":"https:\/\/api.w.org\/{rel}","templated":true}]}}