{"id":5458,"date":"2019-05-28T19:39:44","date_gmt":"2019-05-28T18:39:44","guid":{"rendered":"https:\/\/antonio-justo.eu\/?p=5458"},"modified":"2019-05-28T20:10:53","modified_gmt":"2019-05-28T19:10:53","slug":"a-europa-votou-e-acordou-mais-verde-e-variada","status":"publish","type":"post","link":"https:\/\/antonio-justo.eu\/?p=5458","title":{"rendered":"A EUROPA VOTOU E ACORDOU MAIS VERDE E  VARIADA"},"content":{"rendered":"<h2 style=\"text-align: center;\">No Carrossel das Na\u00e7\u00f5es e das Culturas a Europa revela j\u00e1 tonturas<\/h2>\n<p><strong>Ant\u00f3nio Justo<\/strong><\/p>\n<p>As elei\u00e7\u00f5es europeias revelaram que est\u00e1 em curso a fragmenta\u00e7\u00e3o e polariza\u00e7\u00e3o das paisagens pol\u00edticas europeias e a necessidade de implementa\u00e7\u00e3o de pol\u00edticas do ambiente. Com as elei\u00e7\u00f5es, os Verdes e os partidos pequenos come\u00e7am a ter maior representatividade nos parlamentos, apesar do sistema favorecer os partidos grandes.<\/p>\n<p>Em parte, a Alemanha est\u00e1 para os pa\u00edses europeus como a Am\u00e9rica para a Europa. Na Alemanha j\u00e1 se verifica o tempo de viragem dos partidos estabelecidos: a CDU tamb\u00e9m perdeu eleitorado embora continue \u00e0 frente (28,9%), os Verdes (20,5%) conseguiram atrair a esquerda liberal do SPD, que viu reduzidos os seus eleitores de 27,31 para 15,8%.\u00a0 A Hist\u00f3ria n\u00e3o para, ela \u00e9 de quem a acompanha e a muda. De momento tudo procura e ningu\u00e9m encontra! Na Alemanha, a juventude marcou presen\u00e7a nas urnas e a aflu\u00eancia geral do eleitorado foi de 61,5%.<\/p>\n<p>Um outro fen\u00f3meno a manifestar-se \u00e9 o facto de artistas conhecidos come\u00e7arem a candidatar-se como pessoas individuais e conseguirem assento no parlamento. Ver em nota os resultados dos partidos na Alemanha (1) e noutros pa\u00edses (2). Verdes e pequenos partidos registam as maiores subidas (3).<\/p>\n<p>Constata-se que, na consci\u00eancia popular, avan\u00e7a o proteccionismo de Trump, n\u00e3o s\u00f3 na pra\u00e7a p\u00fablica, mas tamb\u00e9m atrav\u00e9s de um populismo domesticado dentro dos pr\u00f3prios partidos, o que denota uma certa adapta\u00e7\u00e3o aos novos ventos. De facto, mesmo os chamados populistas AfD lutam por domar o seu populismo (express\u00e3o emocional popular) para que, com o tempo, possam afirmar-se como populismo civilizado \u00e0 imagem do que acontece nos partidos j\u00e1 estabelecidos no sistema. Com o desmoronar dos grandes partidos populares, como a CDU e o SPD, os populismos de esquerda e de direita ganhar\u00e1 mais express\u00e3o.<\/p>\n<p>De notar que embora esteja a dar-se um tornado a n\u00edvel dos chamdos partidos populares, permanece um equil\u00edbrio nacional da cidadania de esquerda e de direita, na forma de estar pol\u00edtica dos\u00a0diferentes pa\u00edses, apesar de aqueles se encontram em navio a afundar-se; s\u00f3 na pen\u00ednsula ib\u00e9rica, onde o discurso ideol\u00f3gico tem mais peso nas actividades governamentais, \u00e9 que n\u00e3o. Na Alemanha, o partido os Verdes encontra-se a caminho de se tornar num partido popular e prestes a substituir o SPD nas r\u00e9deas do poder; outros partidos min\u00fasculos tamb\u00e9m marcam presen\u00e7a.<\/p>\n<p>O facto da fragmenta\u00e7\u00e3o e polariza\u00e7\u00e3o das paisagens pol\u00edticas europeias obrigar\u00e1 os partidos a mudar a estrat\u00e9gia de conversa\u00e7\u00f5es \u00a0 em forma\u00e7\u00f5es de governo mais\u00a0complexas e, por outro lado, a um acentuar de identidades partid\u00e1rias com a consequ\u00eancia de, em vez de dialogarem, rivalizarem; tamb\u00e9m isto significar\u00e1 uma mudan\u00e7a de atitude\u00a0\u00a0 na rela\u00e7\u00e3o entre os tradicionais partidos formadores de governos na Europa central e norte e ter\u00e1 consequ\u00eancias a n\u00edvel da EU na procura de consensos menos f\u00e1ceis.<\/p>\n<p>A acompanhar a greve do clima na paisagem juntou-se a greve das escolas a apoi\u00e1-lo, tentando assim irromper contra um cepticismo governamental ainda distanciado.<strong> O motor de arranque para a mudan\u00e7a sist\u00e9mica da classe governante nos pa\u00edses europeus \u00e9 movido pelas mudan\u00e7as clim\u00e1ticas e pela imigra\u00e7\u00e3o descontrolada e um certo desrespeito pela pr\u00f3pria cultura.<\/strong><\/p>\n<p>A juventude, desta vez mais participativa, quer que o futuro lhe perten\u00e7a, tendo emprestado, para isso, a sua voz aos partidos e movimentos verdes e n\u00e3o aos negociantes do hoje! <strong>A Europa encontra-se agora mais dividida entre os que puxam a corda em direc\u00e7\u00e3o ao futuro e os que a puxam em direc\u00e7\u00e3o ao passado. Um encontro de pausa para voltar ao meio seria o mais adequado.<\/strong><\/p>\n<p>A situa\u00e7\u00e3o da EU n\u00e3o \u00e9 boa e sofre de v\u00e1rios desalinhamentos e \u00a0exigor\u00e1 paci\u00eancia para a constru\u00e7\u00e3o de coliga\u00e7\u00f5es multipartid\u00e1rias com novas plataformas de conversa\u00e7\u00f5es na gest\u00e3o da coisa p\u00fablica; na consequ\u00eancia \u00a0teremos regimes pol\u00edticos mais inst\u00e1veis como tem acontecido com a It\u00e1lia. \u00a0Isso tornar-se-\u00e1 j\u00e1 vis\u00edvel nas discuss\u00f5es para a substitui\u00e7\u00e3o de Jean-Claude Juncker na escolha do novo presidente da Comiss\u00e3o.<\/p>\n<p>Numa sociedade cada vez mais diferenciada tamb\u00e9m se torna compreens\u00edvel um certo desconsolo nos monop\u00f3lios dos Media e o descontentamento na classe pol\u00edtica estabelecida. \u00a0A velhice n\u00e3o perdoa e a juventude, se n\u00e3o \u00e9 burra, aproveita-se.<\/p>\n<p><strong>Conclus\u00e3o: uma loucura comum do globalismo econ\u00f3mico avassalador, sem respeito pela natureza, movimenta o eleitorado de modo a\u00a0substituir o partido social democrata pelo dos Verdes e a loucura de uma pol\u00edtica de portas abertas irrespons\u00e1vel fomenta o chamado populismo de direita que instabiliza os centristas, como mostra o exemplo do AfD alem\u00e3o.<\/strong><\/p>\n<p>Para c\u00e1 dos Pireneus os eleitores hesitam ainda na vontade de mudar o sistema de partidos cl\u00e1ssicos, mas os partidos defensores de programas verdes e ecol\u00f3gicos j\u00e1 se encontrem a iniciar os primeiros passos para pisar a arena p\u00fablica; s\u00e3o ainda demasiado fracos mas o exemplo da Europa central encoraja-os. A variedade de partidos eleitos em Portugal j\u00e1 aponta para uma sociedade pronta a deixar de sonhar com maiorias absolutas.<\/p>\n<p>\u00a9 <strong>Ant\u00f3nio da Cunha Duarte Justo<\/strong><\/p>\n<p>Pegadas do Tempo<\/p>\n<ul>\n<li>(1) Resultados: CDU 28,9% (29 deputados), Verdes 20,5% (21), SPD 15,8% (16), AfD 11% (11), Die Linke 5,5% (5), FDP 5,4% (5), Die partei: 2,4% (2), Freie W\u00e4hler: 2,2% (2), Tierschutpartei:1,4% (1),\u00d6DP 1% (1), Piraten 0,7% (1), Familie 0,7% (1), Volt 0,7% (1). https:\/\/www.google.com\/search?client=firefox-b-d&amp;q=wahlen+ergebnisse<\/li>\n<li>(2) Na Fran\u00e7a Le Pen consegue com 24,2% do eleitorado, mais votantes do que La R\u00e9publique en Marche, do presidente da Rep\u00fablica (22,4%). Na Pol\u00f3nia os conservadores conseguem 42,2% enquanto a oposi\u00e7\u00e3o conseguiu 39,1%. Na Gr\u00e9cia os conservadores ganham com 33,5% enquanto o chefe do governo Tsipras s\u00f3 consegue 25%. Na \u00dangria o partido de Viktor Orb\u00e1n consegue 56%. Na Dinamarca vencem os sociais democratas com 22,2% e os populistas de direita descem para 11,8%.<\/li>\n<li>(3) https:\/\/observador.pt\/especiais\/eleicoes-europeias-os-resultados-pais-a-pais\/<\/li>\n<\/ul>\n","protected":false},"excerpt":{"rendered":"<p>No Carrossel das Na\u00e7\u00f5es e das Culturas a Europa revela j\u00e1 tonturas Ant\u00f3nio Justo As elei\u00e7\u00f5es europeias revelaram que est\u00e1 em curso a fragmenta\u00e7\u00e3o e polariza\u00e7\u00e3o das paisagens pol\u00edticas europeias e a necessidade de implementa\u00e7\u00e3o de pol\u00edticas do ambiente. Com as elei\u00e7\u00f5es, os Verdes e os partidos pequenos come\u00e7am a ter maior representatividade nos parlamentos, &hellip; <a href=\"https:\/\/antonio-justo.eu\/?p=5458\" class=\"more-link\">Continuar a ler <span class=\"screen-reader-text\">A EUROPA VOTOU E ACORDOU MAIS VERDE E  VARIADA<\/span><\/a><\/p>\n","protected":false},"author":1,"featured_media":0,"comment_status":"open","ping_status":"open","sticky":false,"template":"","format":"standard","meta":{"sfsi_plus_gutenberg_text_before_share":"","sfsi_plus_gutenberg_show_text_before_share":"","sfsi_plus_gutenberg_icon_type":"","sfsi_plus_gutenberg_icon_alignemt":"","sfsi_plus_gutenburg_max_per_row":"","footnotes":""},"categories":[15,14,6,7,16],"tags":[],"class_list":["post-5458","post","type-post","status-publish","format-standard","hentry","category-cultura","category-economia","category-migracao","category-politica","category-sociedade"],"_links":{"self":[{"href":"https:\/\/antonio-justo.eu\/index.php?rest_route=\/wp\/v2\/posts\/5458","targetHints":{"allow":["GET"]}}],"collection":[{"href":"https:\/\/antonio-justo.eu\/index.php?rest_route=\/wp\/v2\/posts"}],"about":[{"href":"https:\/\/antonio-justo.eu\/index.php?rest_route=\/wp\/v2\/types\/post"}],"author":[{"embeddable":true,"href":"https:\/\/antonio-justo.eu\/index.php?rest_route=\/wp\/v2\/users\/1"}],"replies":[{"embeddable":true,"href":"https:\/\/antonio-justo.eu\/index.php?rest_route=%2Fwp%2Fv2%2Fcomments&post=5458"}],"version-history":[{"count":2,"href":"https:\/\/antonio-justo.eu\/index.php?rest_route=\/wp\/v2\/posts\/5458\/revisions"}],"predecessor-version":[{"id":5460,"href":"https:\/\/antonio-justo.eu\/index.php?rest_route=\/wp\/v2\/posts\/5458\/revisions\/5460"}],"wp:attachment":[{"href":"https:\/\/antonio-justo.eu\/index.php?rest_route=%2Fwp%2Fv2%2Fmedia&parent=5458"}],"wp:term":[{"taxonomy":"category","embeddable":true,"href":"https:\/\/antonio-justo.eu\/index.php?rest_route=%2Fwp%2Fv2%2Fcategories&post=5458"},{"taxonomy":"post_tag","embeddable":true,"href":"https:\/\/antonio-justo.eu\/index.php?rest_route=%2Fwp%2Fv2%2Ftags&post=5458"}],"curies":[{"name":"wp","href":"https:\/\/api.w.org\/{rel}","templated":true}]}}