{"id":5411,"date":"2019-05-09T11:09:16","date_gmt":"2019-05-09T10:09:16","guid":{"rendered":"https:\/\/antonio-justo.eu\/?p=5411"},"modified":"2019-05-10T11:48:06","modified_gmt":"2019-05-10T10:48:06","slug":"o-partido-spd-alemao-nao-encontra-paz-nem-rumo","status":"publish","type":"post","link":"https:\/\/antonio-justo.eu\/?p=5411","title":{"rendered":"O PARTIDO ALEM\u00c3O\u00a0SPD  N\u00c3O ENCONTRA PAZ NEM RUMO"},"content":{"rendered":"<p>Kevin K\u00fchnert, chefe dos Jovens Socialistas, quer o seu partido SPD menos pragm\u00e1tico e mais esquerdo. Mais uma vez escandalizou muitos dos eleitores tradicionais ao propor agora uma coletiviza\u00e7\u00e3o democr\u00e1tica dos grandes empres\u00e1rios.<\/p>\n<p>Como refere a imprensa alem\u00e3 (t-online.de) depois das declara\u00e7\u00f5es de K\u00fchnert os sociais-democratas ca\u00edram dois pontos percentuais em rela\u00e7\u00e3o \u00e0 semana anterior, 15%.<\/p>\n<p>Uma tal inten\u00e7\u00e3o amedronta uma Alemanha habituada a viver mais da produ\u00e7\u00e3o do que de ideologias passadi\u00e7as. \u00a0Neste sentido, logo o chanceler Sebastian Kurz, do pa\u00eds vizinho, levantou a voz convidando os investidores alem\u00e3es a investirem na \u00c1ustria. Ele prefere &#8220;um pa\u00eds de propriet\u00e1rios&#8221;.<\/p>\n<p>Desde que os sociais democratas \u00a0est\u00e3o a deixar a posi\u00e7\u00e3o de partido popular, devido \u00e0 diminui\u00e7\u00e3o cont\u00ednua do apoio eleitoral, o SPD parece encontrar-se em alto mar sem encontrar rumo.<\/p>\n<p>Em tempos revoltos, seria de avaliar, at\u00e9 que ponto um socialismo democr\u00e1tico se imp\u00f5e contra uma ideologia falida, um estalinismo cruel e uma ditadura chinesa que n\u00e3o considera a pessoa como tal.<\/p>\n<p>O SPD (democracia social) foi a alternativa ao socialismo ideol\u00f3gico ao optar por um socialismo democr\u00e1tico e contra heteronomia. O bem-estar atual alem\u00e3o e a sua posi\u00e7\u00e3o privilegiada no mundo devem-se sobretudo \u00e0 pol\u00edtica real do SPD e da CDU\/CSU.<\/p>\n<p>A luta pela domestica\u00e7\u00e3o do capitalismo (a ordem capitalista econ\u00f3mica e social) \u00e9 leg\u00edtima. Por\u00e9m uma ideia socialista tradicionalista e radical, \u00e0 la K\u00fchnert encontra-se melhor guardada no partido comunista &#8220;Die Linke&#8221;! Die Linke \u00e9, por\u00e9m, demasiado pequena para muita gente ambicionada!<\/p>\n<p>Creio que K\u00fchnert, de momento, mija no rio! Por\u00e9m, pretender standards gerais de moral para uma fac\u00e7\u00e3o pol\u00edtica \u00e9, geralmente, desconhecer que pol\u00edtica \u00e9 neg\u00f3cio de interesses e cada um defende os seus. Toda a sociedade europeia se encontra insegura e desestabilizada perante os desafios que o globalismo provoca.<\/p>\n<p>O jogo das ideias com o socialismo tem o seu sentido e at\u00e9 se torna oportuno para fazer reflectir e agir numa sociedade rica em que um n\u00edvel de vida mais elevado especialmente para alguns parece ser a \u00fanica motiva\u00e7\u00e3o para que vale a pena viver, deixando para segundo plano tudo o que torna a vida digna e mais humana a n\u00edvel de indiv\u00edduo e de comunidade.<\/p>\n<p>De facto, o lucro tornou-se mais importante do que a presta\u00e7\u00e3o de servi\u00e7os \u00e0 comunidade, a habita\u00e7\u00e3o urbana \u00e9 objecto de especula\u00e7\u00e3o, n\u00e3o h\u00e1 falta de dinheiro para os gestores de empresas e os administradores da propriedade p\u00fablica chegam a ter ordenados e benesses incompat\u00edveis com uma democracia que mere\u00e7a o nome, mas a pobreza est\u00e1 a aumentar.<\/p>\n<div class=\"\" data-block=\"true\" data-editor=\"9bp05\" data-offset-key=\"ff05d-0-0\">\n<div class=\"_1mf _1mj\" data-offset-key=\"ff05d-0-0\"><span data-offset-key=\"ff05d-0-0\">\u00a0<\/span><\/div>\n<\/div>\n<p><strong>Ant\u00f3nio da Cunha Duarte Justo<\/strong><\/p>\n<p>Pegadas do Tempo<\/p>\n","protected":false},"excerpt":{"rendered":"<p>Kevin K\u00fchnert, chefe dos Jovens Socialistas, quer o seu partido SPD menos pragm\u00e1tico e mais esquerdo. Mais uma vez escandalizou muitos dos eleitores tradicionais ao propor agora uma coletiviza\u00e7\u00e3o democr\u00e1tica dos grandes empres\u00e1rios. Como refere a imprensa alem\u00e3 (t-online.de) depois das declara\u00e7\u00f5es de K\u00fchnert os sociais-democratas ca\u00edram dois pontos percentuais em rela\u00e7\u00e3o \u00e0 semana anterior, &hellip; <a href=\"https:\/\/antonio-justo.eu\/?p=5411\" class=\"more-link\">Continuar a ler <span class=\"screen-reader-text\">O PARTIDO ALEM\u00c3O\u00a0SPD  N\u00c3O ENCONTRA PAZ NEM RUMO<\/span><\/a><\/p>\n","protected":false},"author":1,"featured_media":0,"comment_status":"open","ping_status":"open","sticky":false,"template":"","format":"standard","meta":{"sfsi_plus_gutenberg_text_before_share":"","sfsi_plus_gutenberg_show_text_before_share":"","sfsi_plus_gutenberg_icon_type":"","sfsi_plus_gutenberg_icon_alignemt":"","sfsi_plus_gutenburg_max_per_row":"","footnotes":""},"categories":[7],"tags":[],"class_list":["post-5411","post","type-post","status-publish","format-standard","hentry","category-politica"],"_links":{"self":[{"href":"https:\/\/antonio-justo.eu\/index.php?rest_route=\/wp\/v2\/posts\/5411","targetHints":{"allow":["GET"]}}],"collection":[{"href":"https:\/\/antonio-justo.eu\/index.php?rest_route=\/wp\/v2\/posts"}],"about":[{"href":"https:\/\/antonio-justo.eu\/index.php?rest_route=\/wp\/v2\/types\/post"}],"author":[{"embeddable":true,"href":"https:\/\/antonio-justo.eu\/index.php?rest_route=\/wp\/v2\/users\/1"}],"replies":[{"embeddable":true,"href":"https:\/\/antonio-justo.eu\/index.php?rest_route=%2Fwp%2Fv2%2Fcomments&post=5411"}],"version-history":[{"count":5,"href":"https:\/\/antonio-justo.eu\/index.php?rest_route=\/wp\/v2\/posts\/5411\/revisions"}],"predecessor-version":[{"id":5416,"href":"https:\/\/antonio-justo.eu\/index.php?rest_route=\/wp\/v2\/posts\/5411\/revisions\/5416"}],"wp:attachment":[{"href":"https:\/\/antonio-justo.eu\/index.php?rest_route=%2Fwp%2Fv2%2Fmedia&parent=5411"}],"wp:term":[{"taxonomy":"category","embeddable":true,"href":"https:\/\/antonio-justo.eu\/index.php?rest_route=%2Fwp%2Fv2%2Fcategories&post=5411"},{"taxonomy":"post_tag","embeddable":true,"href":"https:\/\/antonio-justo.eu\/index.php?rest_route=%2Fwp%2Fv2%2Ftags&post=5411"}],"curies":[{"name":"wp","href":"https:\/\/api.w.org\/{rel}","templated":true}]}}