{"id":5404,"date":"2019-05-07T20:31:42","date_gmt":"2019-05-07T19:31:42","guid":{"rendered":"https:\/\/antonio-justo.eu\/?p=5404"},"modified":"2019-05-11T22:51:30","modified_gmt":"2019-05-11T21:51:30","slug":"das-conquistas-geograficas-para-as-conquista-ideologicas","status":"publish","type":"post","link":"https:\/\/antonio-justo.eu\/?p=5404","title":{"rendered":"DAS CONQUISTAS GEOGR\u00c1FICAS PARA AS CONQUISTAS IDEOL\u00d3GICAS"},"content":{"rendered":"<p style=\"text-align: center;\"><strong>L\u00edder mu\u00e7ulmano exige ao Rei de Espanha que pe\u00e7a Perd\u00e3o pela Reconquista<\/strong><\/p>\n<p>&nbsp;<\/p>\n<p><strong>Por Ant\u00f3nio Justo<\/strong><\/p>\n<p><strong>O pior inimigo da Verdade \u00e9 a ignor\u00e2ncia, mas esta \u00e9, por outro lado, o melhor meio para fortalecer o poder e os poderosos<\/strong>.<\/p>\n<p><span data-offset-key=\"995l4-0-0\">Jihad, presidente da comunidade isl\u00e2mica Mesquita Ishbilia, em Sevilha, escreveu a Filipe VI (26.03.2019) pedindo que pe\u00e7a perd\u00e3o pela Reconquista iniciada h\u00e1 cerca de 1300 anos (em 718 e terminada em 1492 pelos Monarcas Cat\u00f3licos com a conquista de Granada ( a subordina\u00e7\u00e3o ou expuls\u00e3o dos mu\u00e7ulmanos de Espanha depois de estes terem invadido e ocupado a Pen\u00ednsula Ib\u00e9rica no sec. VIII). <\/span><\/p>\n<p><strong>O l\u00edder isl\u00e2mico pedia, al\u00e9m disso, a concess\u00e3o da nacionalidade espanhola para os mu\u00e7ulmanos descendentes dos expulsos, que hoje deveriam ser alguns milh\u00f5es, com direito a voto (<\/strong>1). Muitos dir\u00e3o que isto \u00e9 impr\u00f3prio de h\u00f3spedes atrevidos, outros que \u00e9 fraqueza de hospedeiros acomodados e ainda outros dir\u00e3o que a atitude \u00e9 pr\u00f3pria de uma cultura que ainda sabe o que quer! (A noticia n\u00e3o seria relevante se n\u00e3o manifestasse, de uma maneira geral, a atitude mu\u00e7ulmana em rela\u00e7\u00e3o aos \u201cinfi\u00e9is\u201d!)<\/p>\n<p><strong>Revisionismo revanchista nacional e internacional ao Servi\u00e7o da Domestica\u00e7\u00e3o do Povo ocidental <\/strong><\/p>\n<p>Isto aconteceu alguns dias depois do presidente do M\u00e9xico, L\u00f3pez Obrador, ter enviado uma carta ao Rei de Espanha e ao Papa Francisco, pedindo-lhes que pedissem desculpa pelo que infringiram aos nativos no momento da conquista (2).<\/p>\n<p>Tudo isto \u00e9 certamente mais um ponto das agendas ideol\u00f3gicas a atuar atrav\u00e9s de v\u00e1rias ONGs ideol\u00f3gicas mundiais e que tamb\u00e9m fazem parte da implementa\u00e7\u00e3o do pensamento politicamente correcto de uma Agenda internacional ideologicamente ultraprogressista.<\/p>\n<p>Quanto \u00e0 concess\u00e3o de naturaliza\u00e7\u00e3o, em termos de oferta de nacionalidade, n\u00e3o se pode comparar os mu\u00e7ulmanos com os judeus, porque estes onde imigraram entraram pacificamente e integram-se nos pa\u00edses, n\u00e3o havendo, passadas gera\u00e7\u00f5es, a exig\u00eancia de se formarem enclaves judaicos, ao contr\u00e1rio do que acontece com os mu\u00e7ulmanos que, quando atingem uma determinada percentagem na popula\u00e7\u00e3o de um pa\u00eds, exigem independ\u00eancia, como aconteceu p. ex. : Kosovo, Alb\u00e2nia, \u00cdndia-Paquist\u00e3o, etc., e como acontece hoje em v\u00e1rias regi\u00f5es do mundo.<\/p>\n<p><strong>Encontramo-nos numa \u00e9poca desorientada e, por isso, favorecedora do revisionismo revanchista nacional e internacional;<\/strong> quem mais alto levanta a voz mais direito tem, segundo a sabedoria popular, \u201cquem n\u00e3o berra n\u00e3o mama\u201d! A guerrilha da palavra, a desinforma\u00e7\u00e3o e a cria\u00e7\u00e3o do sentimento de culpa, s\u00e3o meios muito comuns para se moverem sentimentos reivindicativos de forma gratuita.<\/p>\n<p>O grande benef\u00edcio \u00e1rabe em rela\u00e7\u00e3o ao Ocidente, \u00e9 o petrod\u00f3lar e uma Agenda materialista internacional como aliada, na sua luta contra a cultura ocidental cl\u00e1ssica, seguindo eles uma estrat\u00e9gia comum de, pouco a pouco, instalarem um ide\u00e1rio da demagogia e da ignor\u00e2ncia at\u00e9 poderem implantar uma monocultura latifundi\u00e1ria (isl\u00e3o e comunismo) universal: indirectamente parece uma prepara\u00e7\u00e3o para o predom\u00ednio de uma certa mundivis\u00e3o ou maneira de estar asi\u00e1tica no mundo. Tudo isto \u00e9 naturalmente leg\u00edtimo porque o poder e a pol\u00edtica n\u00e3o \u00e9 dos que dormem e a Hist\u00f3ria est\u00e1 sujeita a cont\u00ednua mudan\u00e7a n\u00e3o podendo ser abarcada por uma vida humana mesmo longa de 100 anos. Muita gente, mais sens\u00edvel na Europa sente-se preocupada com uma pol\u00edtica s\u00f3 orientada pela economia na preocupa\u00e7\u00e3o de tapar os buracos causados na popula\u00e7\u00e3o pela menor fecundidade europeia. Uma pol\u00edtica de imigra\u00e7\u00e3o desregulada provoca rea\u00e7\u00f5es populares preocupantes e revela irresponsabilidade pol\u00edtica.<\/p>\n<p>Isto acontece porque uma elite fraca aceita dos reivindicadores imigrados direitos especiais. \u201cO fraco rei faz fraca a forte gente\u201d constatava Cam\u00f5es ao repassar a Hist\u00f3ria de Portuga (2)! Devido \u00e0 fraqueza das nossas elites, acomodadas e acobardadas em rela\u00e7\u00e3o ao marxismo modernista que tomou, em grande parte, posse de grande parte do espa\u00e7o social p\u00fablico, na era p\u00f3s-guerra, a nossa hist\u00f3ria passa a n\u00e3o ter suporte e a decad\u00eancia avan\u00e7a em Estados sem consci\u00eancia nem defesa cultural.<\/p>\n<p>Os \u00e1rabes, ao contr\u00e1rio dos ocidentais, s\u00e3o unidos no bem e no mal pois consideram-se primeiramente como comunidade, como povo, a afirmar-se perante um Ocidente feito de comunidades rivais; fazem uso, para isso, da dupla estrat\u00e9gia do falar positivo sobre si e do calar sobre as pr\u00f3prias negatividades, enquanto os europeus, dentro da mesma sociedade, constroem a sua domin\u00e2ncia na base do desdizer uns dos outros e do transformar a excep\u00e7\u00e3o em regra: \u00e9-se mais pelo partido, pela tribo, pelo grupo do que pelo todo; assim passa a n\u00e3o haver povo!\u00a0 Os mu\u00e7ulmanos e os agentes da agenda marxista, atendendo aos seus objectivos de luta contra a tradi\u00e7\u00e3o ocidental, n\u00e3o podem ser criticados pelo seu agir arguto; n\u00e3o se identificam com a civiliza\u00e7\u00e3o europeia e fazem por eles, apoiando-se uns aos outros, independentemente das pequenas diferen\u00e7as que t\u00eam entre eles! Como seguem a matriz natural do poder, mais tarde vir\u00e3o a ter a raz\u00e3o que a hist\u00f3ria lhes dar\u00e1: de facto, \u201cdos vencidos n\u00e3o reza a Hist\u00f3ria\u201d.<\/p>\n<p>Como os pa\u00edses da Uni\u00e3o Europeia se encontram divididos e agrupados em fam\u00edlias de partidos j\u00e1 n\u00e3o \u00e9 de tanto interesse, para eles, a ac\u00e7\u00e3o partid\u00e1ria aferida aos interesses do pa\u00eds, mas sim \u00e0s agendas das fam\u00edlias partid\u00e1rias europeias e universais (A ideologia passa a assumir o papel que, politicamente, antes tinham as confiss\u00f5es religiosas!). A ideologia tamb\u00e9m \u00e9 subvencionada pelos correspondentes governos que criam certas cadeiras universit\u00e1rias para assegurarem a propaga\u00e7\u00e3o da \u201cci\u00eancia\u201d e da verdade sociol\u00f3gica (a verdade das estat\u00edsticas) como substracto e legitima\u00e7\u00e3o da pr\u00f3pria ideologia. A ideologia subvencionada actua tamb\u00e9m nas universidades a n\u00edvel global, atrav\u00e9s de agendas e iniciativas a realizarem-se ao mesmo tempo em todos os pa\u00edses de cunho ocidental. O poder de ONGs, por um lado necess\u00e1rio, chegar\u00e1, com suas iniciativas e ac\u00e7\u00f5es populares, a amea\u00e7ar os pr\u00f3prios Estados.<\/p>\n<p><strong>Antigamente faziam-se as conquistas atrav\u00e9s da Espada, agora na Europa os povos e as regi\u00f5es j\u00e1 se encontram estabilizadas, pelo que a conquista a fazer-se passa a ser entre subculturas e com a palavra<\/strong>; os ide\u00f3logos actuam dentro da sociedade na luta contra costumes e institui\u00e7\u00f5es (em vez de inclusivamente ajudarem a renovar as existentes, seguem a t\u00e1tica marxista da luta) ; por outro lado, os pa\u00edses dos blocos (USA, R\u00fassia, China e Europa) v\u00e3o fazendo a guerra econ\u00f3mica que se usa de guerrilhas e subleva\u00e7\u00f5es civis (uns a pretexto de valores democr\u00e1ticos e outros a pretexto de zonas de influ\u00eancia econ\u00f3mica ou dos dois<strong>). A guerra que antigamente era militar e orientada pela conquista de terreno (conquistas geogr\u00e1ficas) hoje \u00e9 feita atrav\u00e9s da conquista do pensamento (conquistas ideol\u00f3gicas);<\/strong> da\u00ed, quem mais conquista os pensadores e os M\u00e9dia, mais determina o pensar e a vontade popular (a soberania controlada e dirigida)!<\/p>\n<p><strong>Pedir perd\u00e3o<\/strong><\/p>\n<p>Quanto \u00e0 exig\u00eancia do pedir perd\u00e3o torna-se uma quest\u00e3o complicada, pois: quem ter\u00e1 de pedir perd\u00e3o a quem? Por outro lado, na Hist\u00f3ria comandam os factos; a conversa sobre eles j\u00e1 pertenceria a um romantismo hist\u00f3rico ao servi\u00e7o de grupos em despique que pretendem assumir o poder.<\/p>\n<p>O\u00a0\u00a0 im\u00e3 da mesquita, certamente, n\u00e3o pedir\u00e1 desculpas ao povo espanhol pelas barbaridades que os maometanos fizeram na Espanha de 711 a 1492 (3) \u00a0\u00a0nem pela pirataria que fizeram e amedrontou a Europa de tal modo, durante s\u00e9culos, mesmo depois da sua expuls\u00e3o e que criou nos europeus um sentimento de culpa que permite ao isl\u00e3o o sentimento de superioridade e a ideologias ascendentes aplainar os caminhos da decad\u00eancia de uma grande civiliza\u00e7\u00e3o.<\/p>\n<p><strong>Se n\u00e3o fosse a desinforma\u00e7\u00e3o e o n\u00e3o saber, todo o poder teria problemas de legitima\u00e7\u00e3o.<\/strong> Cada vez se encontram mais ventr\u00edloquos ideol\u00f3gicos desfazedores da hist\u00f3ria europeia porque notam que t\u00eam sucesso com as suas teses e exig\u00eancias e encontram ac\u00f3litos intelectuais que abusam de um moralismo ego\u00edsta como \u00fanico meio de interpretar e fazer hist\u00f3ria (ocupam as mentes de oportunistas e de incautos, num ocidente fraco que perdeu o sentido da vida de um povo e o sentido da Hist\u00f3ria). T\u00eam, por\u00e9m, raz\u00e3o porque esta \u00e9-lhes dada por um povo \u201cinocente\u201d e impreparado e quem est\u00e1 \u00e0 frente encontra-se mais iluminado!<\/p>\n<p>Como a asneira \u00e9 contagiosa e agendas aliadas dos Soros e do petrod\u00f3lar t\u00eam grande for\u00e7a nos governantes do ocidente, torna-se f\u00e1cil o uso de armas ideol\u00f3gicas para a conquista do terreno real. \u201cOs filhos das trevas s\u00e3o mais espertos do que os filhos da luz!\u201d (B\u00edblia). Partem do princ\u00edpio que a vida \u00e9 resolu\u00e7\u00e3o de problemas, por isso h\u00e1 que cri\u00e1-los no sentido das suas oportunidades.<\/p>\n<p>Como se sentem sistematicamente superiores (5) e acham natural a constru\u00e7\u00e3o de mesquitas e a prega\u00e7\u00e3o do Isl\u00e3o \u00e0queles a quem \u00e9 proibida a constru\u00e7\u00e3o de igrejas e a prega\u00e7\u00e3o do Cristianismo, n\u00e3o t\u00eam pejo em fazer exig\u00eancias descabidas. <strong>Invadiram a Pen\u00ednsula Ib\u00e9rica e agora j\u00e1 se sentem fortes a ponto de exigirem que o Ocidente lhes pe\u00e7a perd\u00e3o (6)! <\/strong>Dado nas mesquitas n\u00e3o se diferenciar entre pol\u00edtica e religi\u00e3o, est\u00e3o conscientes da vantagem de sustentabilidade que estrategicamente t\u00eam. Esquecem, por\u00e9m, que toda a ideia e toda a institui\u00e7\u00e3o que n\u00e3o sirva a pessoa estar\u00e1 com o tempo destinada a desaparecer.<\/p>\n<p><strong>Como Jo\u00e3o Paulo II, no ano 2000, numa atitude religiosa, pediu perd\u00e3o geral pelos pecados hist\u00f3ricos da Igreja, pensam que o pedir perd\u00e3o iliba os outros da culpa e n\u00e3o implica um acto rec\u00edproco. Esquecem que teriam de pedir perd\u00e3o por terem demolido a Bas\u00edlica de San Vicente para constru\u00edrem a Mesquita de C\u00f3rdoba. Teriam de pedir perd\u00e3o por terem destru\u00eddo o reino visig\u00f3tico e cultura romana ao invadirem a Hisp\u00e2nia no s\u00e9culo VIII d.C. e sujeitarem todos os crist\u00e3os a vassalagem vergonhosa e a terem de pagar impostos especiais aos \u201cocupantes\u201d durante quase oito s\u00e9culos. <\/strong>Porque n\u00e3o pedem perd\u00e3o por terem arrasado o que restava do cristianismo do Norte de Africa depois da passagem dos v\u00e2ndalos? Porque n\u00e3o pedem perd\u00e3o pelas conquistas mu\u00e7ulmanas na terra Santa, Constantinopla e outros territ\u00f3rios outrora crist\u00e3os. Tudo isto n\u00e3o passa de areia levantada ao ar para melhor levarem o seu projecto adiante.<\/p>\n<p>Os extremismos pol\u00edticos e religiosos t\u00eam assento num esp\u00edrito perturbado que liga o Homem ao tempo da pedra. Nas ru\u00ednas da humanidade \u00e9 de encontrar as sombras da parte m\u00e1 do Homem que encontra guarida nas cavernas de toda a pessoa!<\/p>\n<p><strong>A hist\u00f3ria \u00e9 dura e d\u00e1 sempre raz\u00e3o aos vencedores; num ocidente decadente, a sua hist\u00f3ria de outrora \u00e9 unilateralmente condenada pelos que querem ser os vencedores de hoje (S\u00f3 falam dos podres da Igreja, de cruzadas e outras barbaridades descontextuadas como se as maldades do passado pudessem encobrir as do presente.<\/strong> Num tempo em que n\u00e3o querem que se saiba quem \u00e9 quem, os aliados na luta sabem que esta \u00e9 a sua hora num tempo em que a democracia n\u00e3o tem fundamentos de identidade capazes de unir os partidos na defesa do povo e da sua cultura para melhor procederem a uma inclus\u00e3o respeitadora de uns e de outros; parece corremos o perigo de nos encontramos num momento hist\u00f3rico de regresso ao tribalismo. Um esp\u00edrito cr\u00edtico, mas acolhedor e sabedor de que o outro ou o advers\u00e1rio tamb\u00e9m \u00e9 irm\u00e3o, pode ajudar-nos ao encontro, no sentido de juntos se elevar a esperan\u00e7a de uma conviv\u00eancia fraterna.<\/p>\n<p><strong>Ant\u00f3nio da Cunha Duarte Justo<\/strong><\/p>\n<p>Pegadas do Tempo<\/p>\n<ul>\n<li>(1) infoCatolica: <a href=\"http:\/\/www.infocatolica.com\/?t=noticia&amp;cod=34538&amp;utm_medium=email&amp;utm_source=boletin&amp;utm_campaign=bltn190329&amp;icid=10f734d00a4b5df8c686f96691b92c74\">http:\/\/www.infocatolica.com\/?t=noticia&amp;cod=34538&amp;utm_medium=email&amp;utm_source=boletin&amp;utm_campaign=bltn190329&amp;icid=10f734d00a4b5df8c686f96691b92c74<\/a><\/li>\n<li>(2) Os Lus\u00edadas, Lu\u00eds de Cam\u00f5es, canto III, 138<\/li>\n<li>(3) Al-Andalus, depois de ter sido cristianizado pelos disc\u00edpulos de Jesus, foi invadido pela for\u00e7a da espada pelos ex\u00e9rcitos do Isl\u00e3o. Os ex\u00e9rcitos isl\u00e2micos eram superiores aos crist\u00e3os, e por esta raz\u00e3o o Isl\u00e3o permaneceu na Hisp\u00e2nia durante quase oito s\u00e9culos, pela imposi\u00e7\u00e3o da for\u00e7a das armas,tendo-se, oito s\u00e9culos depois, os reis de Castela, Arag\u00e3o e Navarra, juntado e expulsaram os ex\u00e9rcitos mu\u00e7ulmanos invasores&#8230;.<\/li>\n<li>(4)O presidente mexicano, no entanto, insistiu na sua posi\u00e7\u00e3o atrav\u00e9s de um v\u00eddeo em que diz que \u201ca chamada Conquista, ou descobrimento, ou encontro entre mundos ou culturas, foi na realidade uma invas\u00e3o\u201d.: <a href=\"https:\/\/observador.pt\/2019\/03\/26\/mexico-quer-que-espanha-reconheca-e-peca-perdao-pelo-que-fez-ao-pais-ha-500-anos\/?fbclid=IwAR0FFU0j84QuHYQHG0xJw8r-gu-ILPLdQmwhcSFaPYH4th6ND_H4GI13eO0\">https:\/\/observador.pt\/2019\/03\/26\/mexico-quer-que-espanha-reconheca-e-peca-perdao-pelo-que-fez-ao-pais-ha-500-anos\/?fbclid=IwAR0FFU0j84QuHYQHG0xJw8r-gu-ILPLdQmwhcSFaPYH4th6ND_H4GI13eO0<\/a><\/li>\n<li>(5) A sua arrog\u00e2ncia torna-se legitimada nalguns meios, porque se sabem apoiados por parte de for\u00e7as partid\u00e1rias europeias que os consideram aliados na luta contra a tradi\u00e7\u00e3o ocidental. An\u00e1lise hist\u00f3rica feita pelos progressistas do politicamente correcto (o \u00f3pio da moda e do modo de pensar)<\/li>\n<li>(6) <a href=\"https:\/\/antonio-justo.eu\/wp-content\/uploads\/documento.pdf\">Carta do imam ao rei<\/a><\/li>\n<\/ul>\n<p>&nbsp;<\/p>\n","protected":false},"excerpt":{"rendered":"<p>L\u00edder mu\u00e7ulmano exige ao Rei de Espanha que pe\u00e7a Perd\u00e3o pela Reconquista &nbsp; Por Ant\u00f3nio Justo O pior inimigo da Verdade \u00e9 a ignor\u00e2ncia, mas esta \u00e9, por outro lado, o melhor meio para fortalecer o poder e os poderosos. Jihad, presidente da comunidade isl\u00e2mica Mesquita Ishbilia, em Sevilha, escreveu a Filipe VI (26.03.2019) pedindo &hellip; <a href=\"https:\/\/antonio-justo.eu\/?p=5404\" class=\"more-link\">Continuar a ler <span class=\"screen-reader-text\">DAS CONQUISTAS GEOGR\u00c1FICAS PARA AS CONQUISTAS IDEOL\u00d3GICAS<\/span><\/a><\/p>\n","protected":false},"author":1,"featured_media":0,"comment_status":"open","ping_status":"open","sticky":false,"template":"","format":"standard","meta":{"sfsi_plus_gutenberg_text_before_share":"","sfsi_plus_gutenberg_show_text_before_share":"","sfsi_plus_gutenberg_icon_type":"","sfsi_plus_gutenberg_icon_alignemt":"","sfsi_plus_gutenburg_max_per_row":"","footnotes":""},"categories":[15,6,7,8,16],"tags":[],"class_list":["post-5404","post","type-post","status-publish","format-standard","hentry","category-cultura","category-migracao","category-politica","category-religiao","category-sociedade"],"_links":{"self":[{"href":"https:\/\/antonio-justo.eu\/index.php?rest_route=\/wp\/v2\/posts\/5404","targetHints":{"allow":["GET"]}}],"collection":[{"href":"https:\/\/antonio-justo.eu\/index.php?rest_route=\/wp\/v2\/posts"}],"about":[{"href":"https:\/\/antonio-justo.eu\/index.php?rest_route=\/wp\/v2\/types\/post"}],"author":[{"embeddable":true,"href":"https:\/\/antonio-justo.eu\/index.php?rest_route=\/wp\/v2\/users\/1"}],"replies":[{"embeddable":true,"href":"https:\/\/antonio-justo.eu\/index.php?rest_route=%2Fwp%2Fv2%2Fcomments&post=5404"}],"version-history":[{"count":6,"href":"https:\/\/antonio-justo.eu\/index.php?rest_route=\/wp\/v2\/posts\/5404\/revisions"}],"predecessor-version":[{"id":5423,"href":"https:\/\/antonio-justo.eu\/index.php?rest_route=\/wp\/v2\/posts\/5404\/revisions\/5423"}],"wp:attachment":[{"href":"https:\/\/antonio-justo.eu\/index.php?rest_route=%2Fwp%2Fv2%2Fmedia&parent=5404"}],"wp:term":[{"taxonomy":"category","embeddable":true,"href":"https:\/\/antonio-justo.eu\/index.php?rest_route=%2Fwp%2Fv2%2Fcategories&post=5404"},{"taxonomy":"post_tag","embeddable":true,"href":"https:\/\/antonio-justo.eu\/index.php?rest_route=%2Fwp%2Fv2%2Ftags&post=5404"}],"curies":[{"name":"wp","href":"https:\/\/api.w.org\/{rel}","templated":true}]}}