{"id":5230,"date":"2019-01-12T21:16:23","date_gmt":"2019-01-12T20:16:23","guid":{"rendered":"https:\/\/antonio-justo.eu\/?p=5230"},"modified":"2019-01-12T21:58:59","modified_gmt":"2019-01-12T20:58:59","slug":"da-perturbacao-da-paz-marxista-e-sua-resistencia-contra-bolsonaro","status":"publish","type":"post","link":"https:\/\/antonio-justo.eu\/?p=5230","title":{"rendered":"DA PERTURBA\u00c7\u00c3O DA PAZ MARXISTA E DA SUA RESIST\u00caNCIA CONTRA BOLSONARO"},"content":{"rendered":"<h2 style=\"text-align: center;\">A cor predominante nos meios de comunica\u00e7\u00e3o social<\/h2>\n<p>Por <strong>Ant\u00f3nio Justo<\/strong><\/p>\n<p><strong>Independentemente de se torcer mais pela esquerda ou pela direita, para se ter uma ideia um pouco objectiva acera da nossa pra\u00e7a\u00a0 e poder constatar se nela domina o vermelho ou o preto bastaria fazer a compara\u00e7\u00e3o sobre a reac\u00e7\u00e3o dos Media e do pensar politicamente correcto em rela\u00e7\u00e3o \u00e0 reelei\u00e7\u00e3o do socialista Nicol\u00e1s Maduro na Venezuela e \u00e0 elei\u00e7\u00e3o do conservador Jair Bolsonaro no Brasil.\u00a0 O facto \u00e9 que tamb\u00e9m, quando o socialista Lula da Silva foi eleito no Brasil, n\u00e3o se ouviu na pra\u00e7a p\u00fablica a indigna\u00e7\u00e3o que h\u00e1 agora com a elei\u00e7\u00e3o de Bolsonaro nem se assistiu ao borborinho inquieto que reina hoje nas redac\u00e7\u00f5es dos Media. Daqui seria leg\u00edtimo concluir que nos Media se mede com duas mediadas e na consequ\u00eancia \u00e9 claro que os meios de comunica\u00e7\u00e3o social, em geral, s\u00e3o de tom avermelhado, s\u00f3 que ningu\u00e9m nota!<\/strong><\/p>\n<p>Na opini\u00e3o p\u00fablica, antes a batalha era contra Trump e agora parece ser Boslonaro o bombo da festa, principalmente nos Media da Ib\u00e9ria, embora ele mal tenha come\u00e7ado a governar.<\/p>\n<p><strong>Os cr\u00edticos, \u00e0 imagem do PT, esqueceram-se que Deus \u00e9 brasileiro e sentem-se agora desconsolados por Bolsonaro ter colocado na ordem do dia o tema Deus-P\u00e1tria-Fam\u00edlia, assunto que, a extrema-esquerda e socialistas militantes, j\u00e1 julgavam ter arrumado no caixote do lixo da Hist\u00f3ria; aquela Hist\u00f3ria para a qual se desejava ouvir o tocar de sinos a finados! <\/strong><\/p>\n<p>Como o Brasil \u00e9 grande e, para ele, a Hist\u00f3ria n\u00e3o come\u00e7ou nem acabou ontem, o cidad\u00e3o brasileiro est\u00e1 consciente que, para andar, n\u00e3o \u00e9 suficiente dar-se s\u00f3 um passo \u00e0 esquerda, mas que para progredir \u00e9 preciso ousar dar tamb\u00e9m o inevit\u00e1vel passo \u00e0 direita e assim sucessivamente! Por outro lado, tamb\u00e9m \u00e9 natural e leg\u00edtimo que cada um procure o seu porto de abrigo desde que o n\u00e3o imponha aos outros nem tente tapar o sol com a peneira<strong>. Tamb\u00e9m \u00e9 de compreender que, nestes assuntos, quem mais grita \u00e9 a esquerda habituada a viver encostada ao aparelho do Estado.<\/strong> Mesmo assim torna-se incompreens\u00edvel tanta agita\u00e7\u00e3o chegando-se a ter a impress\u00e3o que, para muitos, o que est\u00e1 em quest\u00e3o n\u00e3o \u00e9 tanto o bem-comum, mas mais os amigos do taxo e uma melhor oportunidade para afogar o ganso!\u2026<\/p>\n<p>D\u00ea-se tempo a Bolsonaro de agir porque no fim l\u00e1 estar\u00e1 o juiz povo para dar a senten\u00e7a (se a infraestrutura instalada do PT lhes der oportunidade para isso!). De palavras anda o mundo cheio e os interesses de uns e outros s\u00e3o t\u00e3o diversos que s\u00f3 os resultados das obras convencer\u00e3o: <strong>\u00e9 de esperar que Bolsonaro fomente uma democracia aberta a todos, e se aproveite da intriga europeia-americana-chinesa para dialogar com todas as for\u00e7as da na\u00e7\u00e3o para que o Brasil \u00a0continue Brasil e assuma o significado e papel que merece ter em toda a am\u00e9rica latina: estabilizar a democracia e a economia \u00a0para poder assumir a lideran\u00e7a da am\u00e9rica do Sul e entrar no jogo do xadrez internacional.<\/strong><\/p>\n<h3 style=\"text-align: center;\"><strong>Conviver com o marxismo sem ter de o abra\u00e7ar<\/strong><\/h3>\n<p>Os comentadores portugueses sempre se preocuparam com os de fora, sem se importarem grande coisa com os de dentro. Desde o Marqu\u00eas de Pombal, Portugal come\u00e7ou a ser um atrelado ideol\u00f3gico da Fran\u00e7a e n\u00e3o deixou de o ser apesar das posteriores invas\u00f5es francesas (pelo contr\u00e1rio!) e tamb\u00e9m os revolucion\u00e1rios de Abril mais n\u00e3o fizeram que tentar torna-lo num atrelado do marxismo e maoismo, mas o 26 de Novembro abrandou-lhes o intento.<\/p>\n<p>Quando deixaremos de olhar tanto para os outros para nos observarmos mais a n\u00f3s e assim possibilitarmos um pensamento pr\u00f3prio que n\u00e3o se contente apenas em consumir o g\u00e9nio portugu\u00eas. Vai sendo tempo de deixarmos de pentear macacos sejam eles da direita ou da esquerda. Importantes s\u00e3o os macacos, o que implica a capacidade de reconhecer que o penteado \u00e9 mais uma quest\u00e3o de moda e de ocupa\u00e7\u00e3o; muito embora, nela \u00e9 que muitos v\u00e3o ganhando o seu p\u00e3o.<\/p>\n<p><strong>Podemos conviver com o marxismo, mas sem termos de o abra\u00e7ar! Sim, at\u00e9 porque a cren\u00e7a de cada um tamb\u00e9m \u00e9 determinada pelo seu curr\u00edculo<\/strong>. Vale sempre a pena, optar pela constru\u00e7\u00e3o de uma Hist\u00f3ria em que os actores sociais de baixo consigam um lugar entre os actores dirigentes. Este \u00e9 um dos objectivos do cristianismo pelo que todos os que trabalham neste sentido deveriam irmanar-se e n\u00e3o combater-se.<\/p>\n<h3 style=\"text-align: center;\"><strong>Dos defensores do martelo e da espada<\/strong><\/h3>\n<p><strong>Os mesmos que condenam a cruz e a espada usam o martelo e a espada, n\u00e3o de m\u00e3os dadas nem de joelhos, mas de punho cerrado, em nome do seu progresso contra a \u201cvelha cultura\u201d em vez de crist\u00e3os e socialistas se unirem na mesma luta contra a injusti\u00e7a e contra a opress\u00e3o venha ela de onde vier!\u00a0 Ao considerarmo-nos inimigos na mesma miss\u00e3o de libertar os oprimidos servimo-nos a n\u00f3s mesmos e as nossas vaidades e egoismos e quem perde \u00e9 o oprimido que pretendemos defender! <\/strong><\/p>\n<p>N\u00f3s europeus ainda n\u00e3o perdemos aquele jeito militante de querer medir e avaliar o mundo pela nossa norma e, com esta estrat\u00e9gia, fomentar a intriga e guerrilhas, em nome da Democracia e dos nossos altos valores! Condena-se a cruz para se ir arvorando o martelo. \u00c9 de observar um grande cinismo nos Media que levam a opini\u00e3o p\u00fablica a pensar como leg\u00edtimo que aquilo que se condena no colonialismo de antigamente, \u00e9 considerado v\u00e1lido e aceite nos jacobinos de hoje! Lula fez o que bem lhe apeteceu e ent\u00e3o n\u00e3o havia Meios de Comunica\u00e7\u00e3o europeia que o julgasse. (Naturalmente que a medida de ju\u00edzo que uso aqui para a esquerda radical vale tamb\u00e9m para uma direita radical a observar-se no governo turco de Erdogan que usa os mesmos meios de autoafirma\u00e7\u00e3o como estamos habituados a ver a esquerda).<\/p>\n<p><strong>Pouco a pouco vai-se tendo a impress\u00e3o que os Media se encontram sobretudo nas m\u00e3os de uma esquerda caviar \u00e1vida e arrogante que, \u00e0 mesa de um turbo-capitalismo desumano, quer comer tudo (o p\u00e3o e as ideias) sem deixarem nada para os outros. Os impacientes que vivem do neg\u00f3cio da ideologia esquecem-se que o povo tem vigor e pachorra para alimentar uns e outros, mas de maneira ordenada, cada um na sua vez! Ou ser\u00e1 que n\u00e3o se pode exigir das elites a mesma disciplina e educa\u00e7\u00e3o que estas exigem ao povo?! Ou n\u00e3o ser\u00e1 que a democracia n\u00e3o \u00e9 feita de todos e tem de alimentar todos?! Cada um deve mamar, mas ter a paci\u00eancia de esperar por sua vez: ou ser\u00e1 que os peitos da na\u00e7\u00e3o est\u00e3o reservados para os guerreiros?!<\/strong><\/p>\n<p>No jogo \u00e9 preciso baralhar as bolas e ter em conta as pernas da mesa que as sustentam! N\u00e3o chega ver, \u00e9 preciso avaliar a for\u00e7a, a direc\u00e7\u00e3o e o impulso donde as bolas v\u00eam para ent\u00e3o entrar tamb\u00e9m no jogo, conscientes, muito embora, que todas as bolas t\u00eam a sua justifica\u00e7\u00e3o.<strong> Estejamos onde estivermos, importa considerar que temos sempre pessoas \u00e0 nossa frente!<\/strong><\/p>\n<p>O <a href=\"http:\/\/www.itamaraty.gov.br\/pt-BR\/discursos-artigos-e-entrevistas-categoria\/ministro-das-relacoes-exteriores-discursos\/19907-discurso-do-ministro-ernesto-araujo-durante-cerimonia-de-posse-no-ministerio-das-relacoes-exteriores-brasilia-2-de-janeiro-de-2019?fbclid=IwAR1fcsUjjhSbuON99gue56lNoplLpo9XikZywTjsvnFwXSFnYfGBUS1T8s0\">Discurso de posse do embaixador Ernesto Ara\u00fajo<\/a>, ministro Ernesto Araujo questiona o proselitismo jacobino ao servi\u00e7o de um marxismo funcional e fala primeiramente sobre e para o Brasil, um Brasil intercultural e multirracial que n\u00e3o se deve envergonhar da sua hist\u00f3ria e n\u00e3o se quer ver perdido s\u00f3 no discurso prolet\u00e1rio e por isso <strong>alerta para a rejei\u00e7\u00e3o de um politicamente correto ao servi\u00e7o do relativismo cultural contra a civiliza\u00e7\u00e3o ocidental<\/strong>.\u00a0 Da\u00ed esperemos que as obras correspondam ao nobre discurso, embora a natureza e a Boa Nova nos ensinem que n\u00e3o h\u00e1 campo de trigo sem joio, sejam os lavradores da direita ou da esquerda. A maior dificuldade do novo governo ser\u00e1 a oposi\u00e7\u00e3o que lhe vir\u00e1 da administra\u00e7\u00e3o; depois de tantos anos nas m\u00e3os do PT, um novo governo, em estado de organiza\u00e7\u00e3o, ter\u00e1 que contar com uma resist\u00eancia forte, j\u00e1 n\u00e3o de caracter popular ma sim institucional. Sim, no Brasil a revolu\u00e7\u00e3o ainda \u00e9 poss\u00edvel, numa Europa j\u00e1 n\u00e3o!&#8230;<\/p>\n<p><strong>Tamb\u00e9m o facto de mu\u00e7ulmanos viverem no Brasil e o novo governo ter apelado a n\u00e3o se perder a tradi\u00e7\u00e3o crist\u00e3, n\u00e3o justifica que mu\u00e7ulmanos se levantem agora, acusando o discurso do governo como discriminat\u00f3rio e como estimulador do preconceito religioso, por ter feito refer\u00eancias \u00e0s ra\u00edzes judaico-crist\u00e3o do Brasil; ou ser\u00e1 que uma pessoa na pr\u00f3pria casa ter\u00e1 de se negar a si mesma\u00a0 pelo simples facto de ter a abertura de ter aceitado o outro como irm\u00e3o?<\/strong><\/p>\n<p>Nos pa\u00edses de tradi\u00e7\u00e3o religiosa ocidental n\u00e3o \u00e9 comum dividir-se o mundo em \u201cn\u00f3s\u201d de um lado e \u201cos outros do outro\u201d; essa preocupa\u00e7\u00e3o \u00e9 natural e justificada em pa\u00edses ou sociedades de maioria cultural \u00e1rabe! <strong>Ou ser\u00e1 que a agenda materialista da luta antiocidental ter\u00e1 de ser mais favor\u00e1vel \u00e0 religi\u00e3o isl\u00e2mica do que \u00e0 religi\u00e3o crist\u00e3<\/strong>?\u00a0 Segundo o censo demogr\u00e1fico (IBGE) de 2010, no Brasil h\u00e1 35.167 seguidores do islamismo, mas institui\u00e7\u00f5es isl\u00e2micas brasileiras dizem que h\u00e1 1,5 milh\u00f5es mu\u00e7ulmanos no pa\u00eds.<\/p>\n<p>Para que o progresso continue, torna-se \u00f3bvia a toler\u00e2ncia e a conviv\u00eancia pac\u00edfica de religiosos, ateus, crentes, descrentes e s\u00e9pticos. Nas sociedades onde isto se cultiva podemos observar um grande avan\u00e7o em rela\u00e7\u00e3o a outras.<\/p>\n<p><strong>\u00a9 Ant\u00f3nio da Cunha Duarte Justo<\/strong><\/p>\n<p><strong>Te\u00f3logo e Pedagogo<\/strong><\/p>\n<p>Pegadas do Tempo<\/p>\n<p>&nbsp;<\/p>\n","protected":false},"excerpt":{"rendered":"<p>A cor predominante nos meios de comunica\u00e7\u00e3o social Por Ant\u00f3nio Justo Independentemente de se torcer mais pela esquerda ou pela direita, para se ter uma ideia um pouco objectiva acera da nossa pra\u00e7a\u00a0 e poder constatar se nela domina o vermelho ou o preto bastaria fazer a compara\u00e7\u00e3o sobre a reac\u00e7\u00e3o dos Media e do &hellip; <a href=\"https:\/\/antonio-justo.eu\/?p=5230\" class=\"more-link\">Continuar a ler <span class=\"screen-reader-text\">DA PERTURBA\u00c7\u00c3O DA PAZ MARXISTA E DA SUA RESIST\u00caNCIA CONTRA BOLSONARO<\/span><\/a><\/p>\n","protected":false},"author":1,"featured_media":0,"comment_status":"open","ping_status":"open","sticky":false,"template":"","format":"standard","meta":{"sfsi_plus_gutenberg_text_before_share":"","sfsi_plus_gutenberg_show_text_before_share":"","sfsi_plus_gutenberg_icon_type":"","sfsi_plus_gutenberg_icon_alignemt":"","sfsi_plus_gutenburg_max_per_row":"","footnotes":""},"categories":[15,14,6,7,8,16],"tags":[],"class_list":["post-5230","post","type-post","status-publish","format-standard","hentry","category-cultura","category-economia","category-migracao","category-politica","category-religiao","category-sociedade"],"_links":{"self":[{"href":"https:\/\/antonio-justo.eu\/index.php?rest_route=\/wp\/v2\/posts\/5230","targetHints":{"allow":["GET"]}}],"collection":[{"href":"https:\/\/antonio-justo.eu\/index.php?rest_route=\/wp\/v2\/posts"}],"about":[{"href":"https:\/\/antonio-justo.eu\/index.php?rest_route=\/wp\/v2\/types\/post"}],"author":[{"embeddable":true,"href":"https:\/\/antonio-justo.eu\/index.php?rest_route=\/wp\/v2\/users\/1"}],"replies":[{"embeddable":true,"href":"https:\/\/antonio-justo.eu\/index.php?rest_route=%2Fwp%2Fv2%2Fcomments&post=5230"}],"version-history":[{"count":3,"href":"https:\/\/antonio-justo.eu\/index.php?rest_route=\/wp\/v2\/posts\/5230\/revisions"}],"predecessor-version":[{"id":5233,"href":"https:\/\/antonio-justo.eu\/index.php?rest_route=\/wp\/v2\/posts\/5230\/revisions\/5233"}],"wp:attachment":[{"href":"https:\/\/antonio-justo.eu\/index.php?rest_route=%2Fwp%2Fv2%2Fmedia&parent=5230"}],"wp:term":[{"taxonomy":"category","embeddable":true,"href":"https:\/\/antonio-justo.eu\/index.php?rest_route=%2Fwp%2Fv2%2Fcategories&post=5230"},{"taxonomy":"post_tag","embeddable":true,"href":"https:\/\/antonio-justo.eu\/index.php?rest_route=%2Fwp%2Fv2%2Ftags&post=5230"}],"curies":[{"name":"wp","href":"https:\/\/api.w.org\/{rel}","templated":true}]}}