{"id":5209,"date":"2019-01-04T18:31:35","date_gmt":"2019-01-04T17:31:35","guid":{"rendered":"https:\/\/antonio-justo.eu\/?p=5209"},"modified":"2019-01-04T18:31:35","modified_gmt":"2019-01-04T17:31:35","slug":"dom-quixote-e-a-elite-e-sancho-panca-e-o-povo","status":"publish","type":"post","link":"https:\/\/antonio-justo.eu\/?p=5209","title":{"rendered":"DOM QUIXOTE \u00c9 A ELITE E SANCHO PAN\u00c7A \u00c9 O POVO"},"content":{"rendered":"<h2 style=\"text-align: center;\">Do Dom Quixote e do Sancho Pan\u00e7a que se \u00e9<\/h2>\n<p>Por Ant\u00f3nio Justo<\/p>\n<p>Dom Quixote (\u00e9 o s\u00edmbolo de idealistas, de progressistas, de sonhadores, da cidade e da elite cavaleira que quer dominar o mundo) \u00e9 o patr\u00e3o de Sancho Pan\u00e7a (s\u00edmbolo do concreto, da seriedade, da tradi\u00e7\u00e3o, dos conservadores, da realidade, do povo, amante da aldeia e da fam\u00edlia). O poder dos Dom Quixotes n\u00e3o deixa os Sancho Pan\u00e7as fazer valer os valores que lhes corresponderia, embora o destino e interdepend\u00eancia sejam comuns.<\/p>\n<p>O grande escritor Miguel de Cervantes com o livro Don Quixote de la Mancha criou uma par\u00e1bola do que se passa tamb\u00e9m no nosso tempo e que supera o tempo hist\u00f3rico (ele <a href=\"https:\/\/antonio-justo.eu\/?p=3547\">\u00e9 genial<\/a> e tornou-se em fonte inspiradora de literaturas internacionais).<\/p>\n<p>Num caminho de aventura entre realismo e idealismo, Sancho Pan\u00e7a segue Dom Quixote na esperan\u00e7a que este lhe d\u00ea o reinado de uma ilha que lhe prometera. Esta \u00e9 a ilus\u00e3o que mant\u00e9m o povo arrebatado e enganado por ideologias, mas sem as quais tamb\u00e9m n\u00e3o poderia viver.<\/p>\n<p>A vida \u00e9 injusta e quem disser o contr\u00e1rio passa a ser tamb\u00e9m parte dos idealistas.<\/p>\n<p>Facto \u00e9 que Sancho Pan\u00e7a e Dom Quixote cavalgam juntos atrav\u00e9s dos tempos e s\u00e3o insepar\u00e1veis, diria, s\u00e3o complementares!<\/p>\n<p>Aquilo que os Dons Quixotes de hoje deveriam reconhecer \u00e9 que a nossa vida \u00e9 e ser\u00e1 o romance e que a virtude e vida que cultivam \u00e9 colhida nos alfobres da injusti\u00e7a!<\/p>\n<p>Vive-se numa sociedade individualista dos Dom Quixotes, equivocados, ao pensar-se que se consegue gerir a vida sozinhos. A Uni\u00e3o Europeia, na sua ac\u00e7\u00e3o pol\u00edtica com as na\u00e7\u00f5es, n\u00e3o tem respeitado as duas personagens que s\u00e3o prot\u00f3tipos insepar\u00e1veis, e que pertencem mesmo ao g\u00e9nero do Mito: a express\u00e3o da realidade social e individual na sua ess\u00eancia. Tamb\u00e9m progressistas lutam contra conservadores como se fosse poss\u00edvel uma vida social sem uns e outros, al\u00e9m de uns e outros cultivarem a ilus\u00e3o de que \u00e9 poss\u00edvel uma sociedade feita s\u00f3 de Dons Quixotes.<\/p>\n<p>O povo aguenta com o perigo e com os riscos dos sonhos das elites, mas que estas n\u00e3o sofrem. A ideologia torna-se muitas vezes um impedimento da vida pacata e bem vivida, mas abana-a da sua pasmaceira. O povo n\u00e3o gosta das intrigas do poder e hoje de maneira especial n\u00e3o se sente bem com os Dom Quixotes que lhe querem roubar o sossego da terra e da fam\u00edlia.<\/p>\n<p>A nostalgia que amarra o Sancho povo ao Dom Quixote vem de um certo ideal professado e ing\u00e9nuo pelo Dom Quixote bem servido!<\/p>\n<p><strong>\u00a9 Ant\u00f3nio da Cunha Duarte Justo<\/strong><\/p>\n<p>Pegadas do Tempo<\/p>\n<p><a href=\"https:\/\/antonio-justo.eu\/?p=3547\">https:\/\/antonio-justo.eu\/?p=3547<\/a><\/p>\n<p>&nbsp;<\/p>\n","protected":false},"excerpt":{"rendered":"<p>Do Dom Quixote e do Sancho Pan\u00e7a que se \u00e9 Por Ant\u00f3nio Justo Dom Quixote (\u00e9 o s\u00edmbolo de idealistas, de progressistas, de sonhadores, da cidade e da elite cavaleira que quer dominar o mundo) \u00e9 o patr\u00e3o de Sancho Pan\u00e7a (s\u00edmbolo do concreto, da seriedade, da tradi\u00e7\u00e3o, dos conservadores, da realidade, do povo, amante &hellip; <a href=\"https:\/\/antonio-justo.eu\/?p=5209\" class=\"more-link\">Continuar a ler <span class=\"screen-reader-text\">DOM QUIXOTE \u00c9 A ELITE E SANCHO PAN\u00c7A \u00c9 O POVO<\/span><\/a><\/p>\n","protected":false},"author":1,"featured_media":0,"comment_status":"open","ping_status":"open","sticky":false,"template":"","format":"standard","meta":{"sfsi_plus_gutenberg_text_before_share":"","sfsi_plus_gutenberg_show_text_before_share":"","sfsi_plus_gutenberg_icon_type":"","sfsi_plus_gutenberg_icon_alignemt":"","sfsi_plus_gutenburg_max_per_row":"","footnotes":""},"categories":[3,15,16],"tags":[],"class_list":["post-5209","post","type-post","status-publish","format-standard","hentry","category-arte","category-cultura","category-sociedade"],"_links":{"self":[{"href":"https:\/\/antonio-justo.eu\/index.php?rest_route=\/wp\/v2\/posts\/5209","targetHints":{"allow":["GET"]}}],"collection":[{"href":"https:\/\/antonio-justo.eu\/index.php?rest_route=\/wp\/v2\/posts"}],"about":[{"href":"https:\/\/antonio-justo.eu\/index.php?rest_route=\/wp\/v2\/types\/post"}],"author":[{"embeddable":true,"href":"https:\/\/antonio-justo.eu\/index.php?rest_route=\/wp\/v2\/users\/1"}],"replies":[{"embeddable":true,"href":"https:\/\/antonio-justo.eu\/index.php?rest_route=%2Fwp%2Fv2%2Fcomments&post=5209"}],"version-history":[{"count":1,"href":"https:\/\/antonio-justo.eu\/index.php?rest_route=\/wp\/v2\/posts\/5209\/revisions"}],"predecessor-version":[{"id":5210,"href":"https:\/\/antonio-justo.eu\/index.php?rest_route=\/wp\/v2\/posts\/5209\/revisions\/5210"}],"wp:attachment":[{"href":"https:\/\/antonio-justo.eu\/index.php?rest_route=%2Fwp%2Fv2%2Fmedia&parent=5209"}],"wp:term":[{"taxonomy":"category","embeddable":true,"href":"https:\/\/antonio-justo.eu\/index.php?rest_route=%2Fwp%2Fv2%2Fcategories&post=5209"},{"taxonomy":"post_tag","embeddable":true,"href":"https:\/\/antonio-justo.eu\/index.php?rest_route=%2Fwp%2Fv2%2Ftags&post=5209"}],"curies":[{"name":"wp","href":"https:\/\/api.w.org\/{rel}","templated":true}]}}