{"id":5171,"date":"2018-12-15T20:36:17","date_gmt":"2018-12-15T19:36:17","guid":{"rendered":"https:\/\/antonio-justo.eu\/?p=5171"},"modified":"2018-12-17T22:23:24","modified_gmt":"2018-12-17T21:23:24","slug":"tres-generos-masculino-feminino-e-diverso","status":"publish","type":"post","link":"https:\/\/antonio-justo.eu\/?p=5171","title":{"rendered":"TR\u00caS G\u00c9NEROS: MASCULINO, FEMININO E DIVERSO"},"content":{"rendered":"<p>O Parlamento alem\u00e3o legislou que para pessoas em que a sexualidade seja amb\u00edgua, isto \u00e9, o corpo tenha caracter\u00edsticas \u00a0masculinas e femininas, se permita a inscri\u00e7\u00e3o no registo de nascimento do g\u00e9nero \u201cDiverso\u201d. A partir de janeiro, h\u00e1 um terceiro g\u00e9nero no registro de nascimento.<\/p>\n<p>Antes a lei previa \u201cmasculino\u201d, \u201cfeminino\u201d e \u201csem indica\u00e7\u00f5es\u201d. Posteriormente pode ser corrigido o registo e mudado o nome, mediante a apresenta\u00e7\u00e3o de atestado m\u00e9dico para casos em que tenha havido \u00a0uma &#8220;variante do desenvolvimento sexual&#8221;. Isto j\u00e1 \u00e9 pr\u00e1tica na Argentina, Dinamarca, Malta, Noruega, B\u00e9lgica e Chile.<\/p>\n<p>De facto tamb\u00e9m a biologia se engana na distribui\u00e7\u00e3o de cromossomas e hormonas. Acontece muitas vezes que a ambiguidade mais tarde se dissolve no masculino ou feminino, mas tamb\u00e9m h\u00e1 casos em que se mant\u00e9m algo pr\u00f3prio.<\/p>\n<p>Na Alemanha avalia-se que haja 160.000 pessoas nesta situa\u00e7\u00e3o.<\/p>\n<p>Que o caracter \u00a0bin\u00e1rio seja aqui questionado n\u00e3o prejudica ningu\u00e9m pelo facto de se reconhecer isto. O tribunal constitucional (2017) tinha aberto o caminho para tal lei declarando que o direito fundamental \u00e0 dignidade humana \u00e9 individual e a lei deve seguir a realidade da vida humana e n\u00e3o o contr\u00e1rio.<\/p>\n<p>Ant\u00f3nio da Cunha Duarte Justo<\/p>\n<p>Pegadas do Tempo<\/p>\n","protected":false},"excerpt":{"rendered":"<p>O Parlamento alem\u00e3o legislou que para pessoas em que a sexualidade seja amb\u00edgua, isto \u00e9, o corpo tenha caracter\u00edsticas \u00a0masculinas e femininas, se permita a inscri\u00e7\u00e3o no registo de nascimento do g\u00e9nero \u201cDiverso\u201d. A partir de janeiro, h\u00e1 um terceiro g\u00e9nero no registro de nascimento. Antes a lei previa \u201cmasculino\u201d, \u201cfeminino\u201d e \u201csem indica\u00e7\u00f5es\u201d. Posteriormente &hellip; <a href=\"https:\/\/antonio-justo.eu\/?p=5171\" class=\"more-link\">Continuar a ler <span class=\"screen-reader-text\">TR\u00caS G\u00c9NEROS: MASCULINO, FEMININO E DIVERSO<\/span><\/a><\/p>\n","protected":false},"author":1,"featured_media":0,"comment_status":"open","ping_status":"open","sticky":false,"template":"","format":"standard","meta":{"sfsi_plus_gutenberg_text_before_share":"","sfsi_plus_gutenberg_show_text_before_share":"","sfsi_plus_gutenberg_icon_type":"","sfsi_plus_gutenberg_icon_alignemt":"","sfsi_plus_gutenburg_max_per_row":"","footnotes":""},"categories":[15,16],"tags":[],"class_list":["post-5171","post","type-post","status-publish","format-standard","hentry","category-cultura","category-sociedade"],"_links":{"self":[{"href":"https:\/\/antonio-justo.eu\/index.php?rest_route=\/wp\/v2\/posts\/5171","targetHints":{"allow":["GET"]}}],"collection":[{"href":"https:\/\/antonio-justo.eu\/index.php?rest_route=\/wp\/v2\/posts"}],"about":[{"href":"https:\/\/antonio-justo.eu\/index.php?rest_route=\/wp\/v2\/types\/post"}],"author":[{"embeddable":true,"href":"https:\/\/antonio-justo.eu\/index.php?rest_route=\/wp\/v2\/users\/1"}],"replies":[{"embeddable":true,"href":"https:\/\/antonio-justo.eu\/index.php?rest_route=%2Fwp%2Fv2%2Fcomments&post=5171"}],"version-history":[{"count":2,"href":"https:\/\/antonio-justo.eu\/index.php?rest_route=\/wp\/v2\/posts\/5171\/revisions"}],"predecessor-version":[{"id":5177,"href":"https:\/\/antonio-justo.eu\/index.php?rest_route=\/wp\/v2\/posts\/5171\/revisions\/5177"}],"wp:attachment":[{"href":"https:\/\/antonio-justo.eu\/index.php?rest_route=%2Fwp%2Fv2%2Fmedia&parent=5171"}],"wp:term":[{"taxonomy":"category","embeddable":true,"href":"https:\/\/antonio-justo.eu\/index.php?rest_route=%2Fwp%2Fv2%2Fcategories&post=5171"},{"taxonomy":"post_tag","embeddable":true,"href":"https:\/\/antonio-justo.eu\/index.php?rest_route=%2Fwp%2Fv2%2Ftags&post=5171"}],"curies":[{"name":"wp","href":"https:\/\/api.w.org\/{rel}","templated":true}]}}