{"id":5145,"date":"2018-12-08T23:10:07","date_gmt":"2018-12-08T22:10:07","guid":{"rendered":"https:\/\/antonio-justo.eu\/?p=5145"},"modified":"2018-12-08T23:21:48","modified_gmt":"2018-12-08T22:21:48","slug":"o-presente-de-despedida-para-a-chanceler-merkel-e-annegret-kramp-karrenbauer","status":"publish","type":"post","link":"https:\/\/antonio-justo.eu\/?p=5145","title":{"rendered":"O PRESENTE DE DESPEDIDA DA CDU PARA A CHANCELER MERKEL \u00c9 ANNEGRET KRAMP-KARRENBAUER COMO CHEFE DO PARTIDO"},"content":{"rendered":"<h2 style=\"text-align: center;\"><strong>Ainda tr\u00eas anos para preparar o Fim da Era Merkel<\/strong><\/h2>\n<p><strong>Por Ant\u00f3nio Justo<\/strong><\/p>\n<p>Na primeira volta ao lugar de presidente do partido havia tr\u00eas concorrentes\u00a0 que, dos 999 votantes, obtiveram \u00a0os seguintes resultados: Annegret Kramp-Karrenbauer recebeu 450 votos, com 45,0% de aprova\u00e7\u00e3o; Friedrich Merz ficou com 392 votos a 39,2 %; Jens Spahn obtve 157 votos (15,7%).<\/p>\n<p>Na segunda e decisiva vota\u00e7\u00e3o, Annegret Kramp-Karrenbauer foi eleita chefe da CDU com <strong>51,7%<\/strong> dos votos (517 dos 500 votos exigidos), tendo <strong>Merz<\/strong> recebido <strong>48,2 %<\/strong> (482 votos), o que significa que o partido se encontra dividido.<\/p>\n<p><strong>Merz oferecia ao partido a oportunidade de n\u00e3o deixar eleitores emigrarem para a AfD; por outro lado Annegret Kramp-Karrenbauer pode trazer para a CDU votantes do SPD descontentes com a sua pol\u00edtica cultural! <\/strong><\/p>\n<p>\u201cAKK\u201d com a experi\u00eancia pol\u00edtica e de governos que tem tido, seguir\u00e1 uma pol\u00edtica integrativa das duas alas, chamando, para isso, todos a assumir responsabilidade. A CDU, embora reconhecesse o erro de Merkel de 2015 manifestou-se fiel a Merkel que conseguiu fortalecer a Alemanha e alcan\u00e7ar muito respeito a n\u00edvel internacional. Atualmente as receitas dos impostos e das contribui\u00e7\u00f5es s\u00e3o exuberantes.<\/p>\n<p>No pr\u00f3ximo ano haver\u00e1 muitas elei\u00e7\u00f5es estaduais e a\u00ed sim \u00e9 que \u201cAKK se ter\u00e1 de afirmar; da\u00ed depender\u00e1 certamente a sua candidatura como chanceler em 2021. A Chanceler DR. Merkel servir\u00e1 como garante de uma transi\u00e7\u00e3o regular de poderes\u2026<\/p>\n<p><strong>Merkel constitui a diferen\u00e7a na maneira de governar, um pouco feminina, de fazer pol\u00edtica e que consistia mais em administrar mas sabendo bem o que queria. Ela \u00e9 de tal modo inteligente que conseguiu libertar-se do seu fomentador Kohl opondo-se a ele e conseguindo retirar Merz a tempo da esfera pol\u00edtica. Conseguiu ocupar muitos dos temas do SPD e dos Verdes e deste modo levar a CDU ainda mais para o centro da sociedade.<\/strong><\/p>\n<p><strong>Ao apoiar Annegret Kramp-Karrenbauer conseguiu que esta fosse eleita presidente do partido e deste modo arrumar tamb\u00e9m com Sch\u00e4uble que tinha apoiado Merz. <\/strong><\/p>\n<p><strong>Merkel continuar\u00e1 certamente como Chanceler at\u00e9 \u00e0s Elei\u00e7\u00f5es federais de 2021 e deste modo dar\u00e1 tempo a Annegret Kramp-Karrenbauer para conseguir a uni\u00e3o das alas do partido e conseguir que a sua predileta AKK seja a pr\u00f3xima candidata para chanceler nas elei\u00e7\u00f5es daqui a tr\u00eas anos. <\/strong><\/p>\n<p>A dist\u00e2ncia que vai da parte conservadora do partido (Merz) em rela\u00e7\u00e3o \u00e0 mais liberal n\u00e3o \u00e9 grande por isso ser\u00e1 mais urgente a colabora\u00e7\u00e3o entre Annegret Kramp-Karrenbauer e Merz. Os alem\u00e3es conseguem isso; em pol\u00edtica mant\u00eam a cabe\u00e7a fresca deixando-se orientar pela raz\u00e3o e pelos resultados a produzir; aprenderam, em momentos decisivos a manter a cabe\u00e7a fira e n\u00e3o dar asas a demasiadas emo\u00e7\u00f5es ideol\u00f3gicas.<\/p>\n<p>Pode-se observar na Chanceler tamb\u00e9m o animal pol\u00edtico forte e inteligente que, como boa administradora (tamb\u00e9m das mis\u00e9rias) soube ganhar a esquerda para parte da sua pol\u00edtica e at\u00e9 comprometer os europeus na sua pol\u00edtica problem\u00e1tica de refugiados para a EU, embora, ele mesma tivesse desrespeitado o tratado de Dublin.<\/p>\n<p>O congresso da CDU em Hamburgo traz tamb\u00e9m ele o carimbo de \u00c2ngela Merkel! Os candidatos, durante o per\u00edodo de propaganda eleitoral, conseguiram uma discuss\u00e3o na base de argumentos sem refer\u00eancias pessoais, o que impressionou muito positivamente a opini\u00e3o p\u00fablica alem\u00e3; a imprensa dava a impress\u00e3o de preferir Merz, atendendo \u00e0 sua vertente econ\u00f3mica e cultural, mas o congresso deu a sua \u00faltima palavra, mostrando que prefere seguir a linha humanista e reformista da Chanceler ao eleger AKK como presidente do Partido.<\/p>\n<p>Interessante: na Alemanha as mulheres marcam posi\u00e7\u00e3o na condu\u00e7\u00e3o da rep\u00fablica e na direc\u00e7\u00e3o da CDU e do SPD. <strong>Como consequ\u00eancia desta elei\u00e7\u00e3o em que ganhou a ala esquerda da CDU, o SPD ter\u00e1 de se mover mais para a esquerda e um dos mais prov\u00e1veis efeitos ser\u00e1, com o tempo, a despedida de Andrea Nahles do cargo de presidente do partido, para dar lugar a um da ala esquerda do SPD!<\/strong><\/p>\n<p><strong>A Doutora \u00c2ngela Merkel, filha de um pastor protestante, \u00e9 uma crist\u00e3 com ideais a que se mantem fiel; isto na medida em que a arena pol\u00edtica o proporciona porque, nela, a palavra de ordem \u00e9 compromisso e, nesse sentido, Merkel recusa polarismos; Merkel (\u201cdie Mutti\u201d = \u201ca m\u00e3ezinha\u201d) usava a arma do sil\u00eancio em vez da agress\u00e3o contra o advers\u00e1rio pol\u00edtico, chegava a atirar-lhes com flores em vez de usar pedras. No que respeita \u00e0 pr\u00f3pria pessoa mostra superioridade e autoironia, usando em rela\u00e7\u00e3o a ela os termos que os advers\u00e1rios usavam contra ela: \u201cT\u00edpico Merkel\u201d, \u201cseca como o osso\u201d.<\/strong><\/p>\n<p><strong>Toda a Alemanha, por qualquer raz\u00e3o, se encontra agradecida a Merkel, independentemente do espa\u00e7o necess\u00e1rio para a preserva\u00e7\u00e3o do rosto das diferentes fac\u00e7\u00f5es pol\u00edticas<\/strong>.<\/p>\n<p><strong>\u00a9 Ant\u00f3nio da Cunha Duarte Justo<\/strong><\/p>\n<p>In \u201cPegadas do Tempo\u201d,<\/p>\n","protected":false},"excerpt":{"rendered":"<p>Ainda tr\u00eas anos para preparar o Fim da Era Merkel Por Ant\u00f3nio Justo Na primeira volta ao lugar de presidente do partido havia tr\u00eas concorrentes\u00a0 que, dos 999 votantes, obtiveram \u00a0os seguintes resultados: Annegret Kramp-Karrenbauer recebeu 450 votos, com 45,0% de aprova\u00e7\u00e3o; Friedrich Merz ficou com 392 votos a 39,2 %; Jens Spahn obtve 157 &hellip; <a href=\"https:\/\/antonio-justo.eu\/?p=5145\" class=\"more-link\">Continuar a ler <span class=\"screen-reader-text\">O PRESENTE DE DESPEDIDA DA CDU PARA A CHANCELER MERKEL \u00c9 ANNEGRET KRAMP-KARRENBAUER COMO CHEFE DO PARTIDO<\/span><\/a><\/p>\n","protected":false},"author":1,"featured_media":0,"comment_status":"open","ping_status":"open","sticky":false,"template":"","format":"standard","meta":{"sfsi_plus_gutenberg_text_before_share":"","sfsi_plus_gutenberg_show_text_before_share":"","sfsi_plus_gutenberg_icon_type":"","sfsi_plus_gutenberg_icon_alignemt":"","sfsi_plus_gutenburg_max_per_row":"","footnotes":""},"categories":[15,14,6,7,16],"tags":[],"class_list":["post-5145","post","type-post","status-publish","format-standard","hentry","category-cultura","category-economia","category-migracao","category-politica","category-sociedade"],"_links":{"self":[{"href":"https:\/\/antonio-justo.eu\/index.php?rest_route=\/wp\/v2\/posts\/5145","targetHints":{"allow":["GET"]}}],"collection":[{"href":"https:\/\/antonio-justo.eu\/index.php?rest_route=\/wp\/v2\/posts"}],"about":[{"href":"https:\/\/antonio-justo.eu\/index.php?rest_route=\/wp\/v2\/types\/post"}],"author":[{"embeddable":true,"href":"https:\/\/antonio-justo.eu\/index.php?rest_route=\/wp\/v2\/users\/1"}],"replies":[{"embeddable":true,"href":"https:\/\/antonio-justo.eu\/index.php?rest_route=%2Fwp%2Fv2%2Fcomments&post=5145"}],"version-history":[{"count":2,"href":"https:\/\/antonio-justo.eu\/index.php?rest_route=\/wp\/v2\/posts\/5145\/revisions"}],"predecessor-version":[{"id":5147,"href":"https:\/\/antonio-justo.eu\/index.php?rest_route=\/wp\/v2\/posts\/5145\/revisions\/5147"}],"wp:attachment":[{"href":"https:\/\/antonio-justo.eu\/index.php?rest_route=%2Fwp%2Fv2%2Fmedia&parent=5145"}],"wp:term":[{"taxonomy":"category","embeddable":true,"href":"https:\/\/antonio-justo.eu\/index.php?rest_route=%2Fwp%2Fv2%2Fcategories&post=5145"},{"taxonomy":"post_tag","embeddable":true,"href":"https:\/\/antonio-justo.eu\/index.php?rest_route=%2Fwp%2Fv2%2Ftags&post=5145"}],"curies":[{"name":"wp","href":"https:\/\/api.w.org\/{rel}","templated":true}]}}