{"id":5143,"date":"2018-12-08T20:42:09","date_gmt":"2018-12-08T19:42:09","guid":{"rendered":"https:\/\/antonio-justo.eu\/?p=5143"},"modified":"2018-12-08T20:42:09","modified_gmt":"2018-12-08T19:42:09","slug":"sabia-por-que-os-reis-portugueses-desde-1646-nao-traziam-a-coroa-real-na-cabeca","status":"publish","type":"post","link":"https:\/\/antonio-justo.eu\/?p=5143","title":{"rendered":"SABIA POR QUE OS REIS PORTUGUESES DESDE 1646 N\u00c3O TRAZIAM A COROA REAL NA CABE\u00c7A?"},"content":{"rendered":"<h3 style=\"text-align: center;\"><strong>8 de Dezembro \u00e9 Feriado nacional e Dia Santo em Portugal<\/strong><\/h3>\n<p>O dia 8 de dezembro, dia da Imaculada Concei\u00e7\u00e3o, foi declarado como festa universal em 1476 pelo Papa Sisto IV.<\/p>\n<p>Nas Cortes (Parlamento) em mar\u00e7o de 1646, o rei de Portugal D. Jo\u00e3o IV proclamou Nossa Senhora da Imaculada Concei\u00e7\u00e3o como Padroeira e rainha de Portugal e dos territ\u00f3rios ultramarinos.<\/p>\n<p>Coroou-a como Rainha, tirando a coroa da cabe\u00e7a e colocando-a numa almofada junto da imagem da Imaculada Concei\u00e7\u00e3o. Desde este dia, mais nenhum rei portugu\u00eas usou coroa na cabe\u00e7a, privil\u00e9gio este que estaria dispon\u00edvel apenas para a Imaculada Concei\u00e7\u00e3o.<\/p>\n<p>Cria-se assim o padroado de nossa senhora que \u00e9 venerada no Brasil como Nossa Senhora aparecida (\u201cimagem aparecida\u201d encontrada pelos pescadores).<\/p>\n<p><strong>Ant\u00f3nio da Cunha Duarte Justo<\/strong><\/p>\n<p>In \u201cPegadas do Tempo\u201d<\/p>\n","protected":false},"excerpt":{"rendered":"<p>8 de Dezembro \u00e9 Feriado nacional e Dia Santo em Portugal O dia 8 de dezembro, dia da Imaculada Concei\u00e7\u00e3o, foi declarado como festa universal em 1476 pelo Papa Sisto IV. Nas Cortes (Parlamento) em mar\u00e7o de 1646, o rei de Portugal D. Jo\u00e3o IV proclamou Nossa Senhora da Imaculada Concei\u00e7\u00e3o como Padroeira e rainha &hellip; <a href=\"https:\/\/antonio-justo.eu\/?p=5143\" class=\"more-link\">Continuar a ler <span class=\"screen-reader-text\">SABIA POR QUE OS REIS PORTUGUESES DESDE 1646 N\u00c3O TRAZIAM A COROA REAL NA CABE\u00c7A?<\/span><\/a><\/p>\n","protected":false},"author":1,"featured_media":0,"comment_status":"open","ping_status":"open","sticky":false,"template":"","format":"standard","meta":{"sfsi_plus_gutenberg_text_before_share":"","sfsi_plus_gutenberg_show_text_before_share":"","sfsi_plus_gutenberg_icon_type":"","sfsi_plus_gutenberg_icon_alignemt":"","sfsi_plus_gutenburg_max_per_row":"","footnotes":""},"categories":[7,8],"tags":[],"class_list":["post-5143","post","type-post","status-publish","format-standard","hentry","category-politica","category-religiao"],"_links":{"self":[{"href":"https:\/\/antonio-justo.eu\/index.php?rest_route=\/wp\/v2\/posts\/5143","targetHints":{"allow":["GET"]}}],"collection":[{"href":"https:\/\/antonio-justo.eu\/index.php?rest_route=\/wp\/v2\/posts"}],"about":[{"href":"https:\/\/antonio-justo.eu\/index.php?rest_route=\/wp\/v2\/types\/post"}],"author":[{"embeddable":true,"href":"https:\/\/antonio-justo.eu\/index.php?rest_route=\/wp\/v2\/users\/1"}],"replies":[{"embeddable":true,"href":"https:\/\/antonio-justo.eu\/index.php?rest_route=%2Fwp%2Fv2%2Fcomments&post=5143"}],"version-history":[{"count":1,"href":"https:\/\/antonio-justo.eu\/index.php?rest_route=\/wp\/v2\/posts\/5143\/revisions"}],"predecessor-version":[{"id":5144,"href":"https:\/\/antonio-justo.eu\/index.php?rest_route=\/wp\/v2\/posts\/5143\/revisions\/5144"}],"wp:attachment":[{"href":"https:\/\/antonio-justo.eu\/index.php?rest_route=%2Fwp%2Fv2%2Fmedia&parent=5143"}],"wp:term":[{"taxonomy":"category","embeddable":true,"href":"https:\/\/antonio-justo.eu\/index.php?rest_route=%2Fwp%2Fv2%2Fcategories&post=5143"},{"taxonomy":"post_tag","embeddable":true,"href":"https:\/\/antonio-justo.eu\/index.php?rest_route=%2Fwp%2Fv2%2Ftags&post=5143"}],"curies":[{"name":"wp","href":"https:\/\/api.w.org\/{rel}","templated":true}]}}